{"id":329231,"date":"2025-08-19T11:46:11","date_gmt":"2025-08-19T11:46:11","guid":{"rendered":"https:\/\/www.europesays.com\/fr\/329231\/"},"modified":"2025-08-19T11:46:11","modified_gmt":"2025-08-19T11:46:11","slug":"un-requin-de-cinq-metres-attaque-un-surfeur-et-brise-sa-planche-en-deux","status":"publish","type":"post","link":"https:\/\/www.europesays.com\/fr\/329231\/","title":{"rendered":"Un requin de cinq m\u00e8tres attaque un surfeur et brise sa planche en deux"},"content":{"rendered":"<p>Un <a href=\"https:\/\/www.20minutes.fr\/dossier\/surf\" class=\"c-link c-link--is-underlined\" rel=\"nofollow noopener\" target=\"_blank\">surfeur <\/a>a \u00e9chapp\u00e9 \u00e0 une attaque de requin lundi sur une plage de Nouvelle-Galles du Sud, en <a href=\"https:\/\/www.20minutes.fr\/dossier\/australie\" class=\"c-link c-link--is-underlined\" rel=\"nofollow noopener\" target=\"_blank\">Australie<\/a>. Selon <a href=\"https:\/\/www.abc.net.au\/news\/2025-08-18\/shark-scare-at-cabarita-after-bite-snaps-surfer-s-board-in-two\/105666520\" target=\"_blank\" class=\"c-link c-link--is-underlined\" rel=\"nofollow noopener\">ABC News<\/a>, il a \u00e9t\u00e9 attaqu\u00e9 par un <a href=\"https:\/\/www.20minutes.fr\/dossier\/requin\" class=\"c-link c-link--is-underlined\" rel=\"nofollow noopener\" target=\"_blank\">requin <\/a>blanc de cinq m\u00e8tres vers 7 heures 30, alors qu\u2019il \u00e9tait assis sur sa planche. \u00ab\u00a0Il a mordu la planche derri\u00e8re ses fesses. Elle s\u2019est fendue, comme si elle avait explos\u00e9, et elle s\u2019est envol\u00e9e dans les airs\u00a0\u00bb, raconte une t\u00e9moin.<\/p>\n<p>L\u2019homme est sorti de l\u2019eau sain et sauf, avec sa planche en deux morceaux qui\u00a0pr\u00e9sentait alors une grosse trace de morsure. \u00ab\u00a0Il \u00e9tait d\u00e9tendu, juste super contrari\u00e9 parce qu\u2019il aimait vraiment sa planche. Il a dit qu\u2019il avait senti le requin le frapper violemment \u00e0 l\u2019arri\u00e8re de la jambe\u00a0\u00bb, poursuit la femme.<\/p>\n<blockquote cite=\"https:\/\/graph.facebook.com\/100044138394046\/posts\/1332065598274707\/\" class=\"fb-xfbml-parse-ignore\">\n<p>A surfer sitting on his board was attacked early this morning on the New South Wales north coast.<\/p>\n<p>Get the news that matters to you straight from the source. Download the ABC NEWS app: https:\/\/ab.co\/abcnewsapp.<\/p>\n<p>Posted by <a href=\"https:\/\/www.facebook.com\/abcnews.au\" rel=\"nofollow noopener\" target=\"_blank\">ABC News<\/a> on\u00a0<a href=\"https:\/\/graph.facebook.com\/100044138394046\/posts\/1332065598274707\/\" rel=\"nofollow noopener\" target=\"_blank\">Monday, August 18, 2025<\/a><\/p><\/blockquote>\n<p class=\"mb-xxl@xs color-ultramarine font-weight-semi-bold@xs font-source-serif-pro heading-s@xs\">L\u2019acc\u00e8s \u00e0 ce contenu a \u00e9t\u00e9 bloqu\u00e9 afin de respecter votre choix de consentement<\/p>\n<p class=\"mb-m@xs text-l@xs\">En cliquant sur\u00ab J\u2019accepte \u00bb, vous acceptez le d\u00e9p\u00f4t de cookies par des services externes et aurez ainsi acc\u00e8s aux contenus de nos partenaires.<\/p>\n<p class=\"mb-xl@xs text-s@xs\">Plus d\u2019informations sur la page<a href=\"https:\/\/www.20minutes.fr\/gestion-cookies\" class=\"mx-xxs@xs color-ultramarine\" rel=\"nofollow noopener\" target=\"_blank\">Politique de gestion des cookies<\/a><\/p>\n<p>J\u2019accepte\u00ab\u00a0Un\u00a0miracle\u00a0\u00bb<\/p>\n<p>Selon l\u2019application\u00a0SharkSmart\u00a0du gouvernement de Nouvelle-Galles du Sud, un\u00a0grand requin blanc de cinq\u00a0m\u00e8tres a effectivement \u00e9t\u00e9 accroch\u00e9 puis rel\u00e2ch\u00e9 par une ligne de p\u00eache intelligente \u00e0 environ un kilom\u00e8tre du site ce matin-l\u00e0. Par mesure de s\u00e9curit\u00e9, la plage principale de Cabarita et la crique voisine de Norries Cove ont \u00e9t\u00e9 ferm\u00e9es au public durant toute la journ\u00e9e.<\/p>\n<\/p>\n<p>Interrog\u00e9 par nos confr\u00e8res, un membre des services de sauvetage en mer locaux affirme que le surfeur a eu \u00ab\u00a0beaucoup de chance\u00a0\u00bb lors de l\u2019attaque. \u00ab\u00a0Si j\u2019\u00e9tais \u00e0 sa place, je sortirais acheter un billet de loterie. C\u2019est un miracle que personne n\u2019ait \u00e9t\u00e9 bless\u00e9 physiquement\u00a0\u00bb, ajoute-t-il. De son c\u00f4t\u00e9, le professionnel qui a fabriqu\u00e9 la planche du surfeur s\u2019\u00e9tonne de cette morsure impressionnante\u00a0car cette planche \u00e9tait \u00ab\u00a0plus lourde\u00a0\u00bb et \u00ab\u00a0plus solide\u00a0\u00bb que les planches normales.<\/p>\n","protected":false},"excerpt":{"rendered":"Un surfeur a \u00e9chapp\u00e9 \u00e0 une attaque de requin lundi sur une plage de Nouvelle-Galles du Sud, en&hellip;\n","protected":false},"author":2,"featured_media":329232,"comment_status":"","ping_status":"","sticky":false,"template":"","format":"standard","meta":{"footnotes":""},"categories":[5],"tags":[47,11,5035,118,1011,27,14,74,12,32882,30372,28],"class_list":{"0":"post-329231","1":"post","2":"type-post","3":"status-publish","4":"format-standard","5":"has-post-thumbnail","7":"category-international","8":"tag-actualite","9":"tag-actualites","10":"tag-australie","11":"tag-faits-divers","12":"tag-fr","13":"tag-france","14":"tag-international","15":"tag-monde","16":"tag-news","17":"tag-requin","18":"tag-surf","19":"tag-world"},"share_on_mastodon":{"url":"https:\/\/pubeurope.com\/@fr\/115055269577721859","error":""},"_links":{"self":[{"href":"https:\/\/www.europesays.com\/fr\/wp-json\/wp\/v2\/posts\/329231","targetHints":{"allow":["GET"]}}],"collection":[{"href":"https:\/\/www.europesays.com\/fr\/wp-json\/wp\/v2\/posts"}],"about":[{"href":"https:\/\/www.europesays.com\/fr\/wp-json\/wp\/v2\/types\/post"}],"author":[{"embeddable":true,"href":"https:\/\/www.europesays.com\/fr\/wp-json\/wp\/v2\/users\/2"}],"replies":[{"embeddable":true,"href":"https:\/\/www.europesays.com\/fr\/wp-json\/wp\/v2\/comments?post=329231"}],"version-history":[{"count":0,"href":"https:\/\/www.europesays.com\/fr\/wp-json\/wp\/v2\/posts\/329231\/revisions"}],"wp:featuredmedia":[{"embeddable":true,"href":"https:\/\/www.europesays.com\/fr\/wp-json\/wp\/v2\/media\/329232"}],"wp:attachment":[{"href":"https:\/\/www.europesays.com\/fr\/wp-json\/wp\/v2\/media?parent=329231"}],"wp:term":[{"taxonomy":"category","embeddable":true,"href":"https:\/\/www.europesays.com\/fr\/wp-json\/wp\/v2\/categories?post=329231"},{"taxonomy":"post_tag","embeddable":true,"href":"https:\/\/www.europesays.com\/fr\/wp-json\/wp\/v2\/tags?post=329231"}],"curies":[{"name":"wp","href":"https:\/\/api.w.org\/{rel}","templated":true}]}}