{"id":329233,"date":"2025-08-19T11:47:12","date_gmt":"2025-08-19T11:47:12","guid":{"rendered":"https:\/\/www.europesays.com\/fr\/329233\/"},"modified":"2025-08-19T11:47:12","modified_gmt":"2025-08-19T11:47:12","slug":"coups-tirs-injustifies-eborgnement-les-videos-des-exactions-du-raid-a-marseille-dans-les-nuits-suivant-la-mort-de-nahel-merzouk-en-2023-liberation","status":"publish","type":"post","link":"https:\/\/www.europesays.com\/fr\/329233\/","title":{"rendered":"Coups, tirs injustifi\u00e9s, \u00e9borgnement\u2026 Les vid\u00e9os des exactions du Raid \u00e0 Marseille dans les nuits suivant la mort de Nahel Merzouk en 2023 \u2013 Lib\u00e9ration"},"content":{"rendered":"<p class=\"sc-ksZaOG ehjQrN text-element\">Ils portent des uniformes noirs ou kaki, des fusils \u00e0 pompe, des casques tactiques et ont le visage masqu\u00e9 tels des militaires des forces sp\u00e9ciales. Ils se d\u00e9placent \u00e0 pied ou dans une colonne de v\u00e9hicules banalis\u00e9s, derri\u00e8re un blind\u00e9. Ils arrivent subitement, dans la nuit, au croisement de rues marseillaises. Ils frappent des personnes sans distinction. Ils tirent des sachets de billes de plomb et des balles en caoutchouc sur des gens qui fuient, \u00e0 des dizaines de m\u00e8tres ou \u00e0 port\u00e9e de canon. Au cours des soir\u00e9es du 29 et 30 juin ainsi que du 1er juillet 2023, \u00e0 Marseille, les policiers du Raid (pour Recherche, assistance, intervention, dissuasion) ont tu\u00e9 <a href=\"https:\/\/www.liberation.fr\/societe\/police-justice\/mort-de-mohamed-bendriss-a-marseille-revelations-sur-un-deploiement-du-raid-hors-de-tout-controle-20230828_ZEOZJWTZVJGEJBVYMFPUDSNUG4\/\" target=\"_blank\" rel=\"nofollow noopener\" title=\"https:\/\/www.liberation.fr\/societe\/police-justice\/mort-de-mohamed-bendriss-a-marseille-revelations-sur-un-deploiement-du-raid-hors-de-tout-controle-20230828_ZEOZJWTZVJGEJBVYMFPUDSNUG4\/\">Mohamed Bendriss<\/a>, \u00e9borgn\u00e9 <a href=\"https:\/\/www.liberation.fr\/societe\/police-justice\/emeutes-a-marseille-le-raid-implique-dans-une-seconde-affaire-de-violences-policieres-20231114_SV4QFWSIRNHXZL47ON6E5LUFP4\/\" target=\"_blank\" rel=\"noreferrer nofollow noopener\" title=\"https:\/\/www.liberation.fr\/societe\/police-justice\/emeutes-a-marseille-le-raid-implique-dans-une-seconde-affaire-de-violences-policieres-20231114_SV4QFWSIRNHXZL47ON6E5LUFP4\/&lt;\/p&gt;&lt;\/div&gt;&lt;\/article&gt;&lt;\/div&gt;&lt;div data-fusion-lazy-id=\" f0fr8zs3nnhd6gw=\"\"><\/p>\n","protected":false},"excerpt":{"rendered":"Ils portent des uniformes noirs ou kaki, des fusils \u00e0 pompe, des casques tactiques et ont le visage&hellip;\n","protected":false},"author":2,"featured_media":329234,"comment_status":"","ping_status":"","sticky":false,"template":"","format":"standard","meta":{"footnotes":""},"categories":[4],"tags":[11,1013,1011,27,432,884,35340,12,25,7374],"class_list":{"0":"post-329233","1":"post","2":"type-post","3":"status-publish","4":"format-standard","5":"has-post-thumbnail","7":"category-france","8":"tag-actualites","9":"tag-bruno-retailleau","10":"tag-fr","11":"tag-france","12":"tag-gerald-darmanin","13":"tag-marseille","14":"tag-nael-mort-apres-un-tir-policier-a-nanterre","15":"tag-news","16":"tag-republique-francaise","17":"tag-violences-policieres"},"share_on_mastodon":{"url":"https:\/\/pubeurope.com\/@fr\/115055273213688437","error":""},"_links":{"self":[{"href":"https:\/\/www.europesays.com\/fr\/wp-json\/wp\/v2\/posts\/329233","targetHints":{"allow":["GET"]}}],"collection":[{"href":"https:\/\/www.europesays.com\/fr\/wp-json\/wp\/v2\/posts"}],"about":[{"href":"https:\/\/www.europesays.com\/fr\/wp-json\/wp\/v2\/types\/post"}],"author":[{"embeddable":true,"href":"https:\/\/www.europesays.com\/fr\/wp-json\/wp\/v2\/users\/2"}],"replies":[{"embeddable":true,"href":"https:\/\/www.europesays.com\/fr\/wp-json\/wp\/v2\/comments?post=329233"}],"version-history":[{"count":0,"href":"https:\/\/www.europesays.com\/fr\/wp-json\/wp\/v2\/posts\/329233\/revisions"}],"wp:featuredmedia":[{"embeddable":true,"href":"https:\/\/www.europesays.com\/fr\/wp-json\/wp\/v2\/media\/329234"}],"wp:attachment":[{"href":"https:\/\/www.europesays.com\/fr\/wp-json\/wp\/v2\/media?parent=329233"}],"wp:term":[{"taxonomy":"category","embeddable":true,"href":"https:\/\/www.europesays.com\/fr\/wp-json\/wp\/v2\/categories?post=329233"},{"taxonomy":"post_tag","embeddable":true,"href":"https:\/\/www.europesays.com\/fr\/wp-json\/wp\/v2\/tags?post=329233"}],"curies":[{"name":"wp","href":"https:\/\/api.w.org\/{rel}","templated":true}]}}