{"id":329241,"date":"2025-08-19T11:51:09","date_gmt":"2025-08-19T11:51:09","guid":{"rendered":"https:\/\/www.europesays.com\/fr\/329241\/"},"modified":"2025-08-19T11:51:09","modified_gmt":"2025-08-19T11:51:09","slug":"nancy-une-fille-de-7-ans-victime-dune-atteinte-sexuelle-a-la-plage-des-2-rives-le-suspect-toujours-en-fuite","status":"publish","type":"post","link":"https:\/\/www.europesays.com\/fr\/329241\/","title":{"rendered":"Nancy. Une fille de 7 ans victime d\u2019une atteinte sexuelle \u00e0 la plage des 2 Rives, le suspect toujours en fuite"},"content":{"rendered":"<p>            Par<br \/>\n        <strong><br \/>\n            <a href=\"https:\/\/actu.fr\/auteur\/emil-vautrin\" title=\"Consulter tous les articles de Emil Vautrin\" rel=\"nofollow noopener\" target=\"_blank\">Emil Vautrin<\/a><br \/>\n        <\/strong><\/p>\n<p>        Publi\u00e9 le<\/p>\n<p>            19 ao\u00fbt 2025 \u00e0 12h40        <\/p>\n<p><strong>Samedi 16 ao\u00fbt,<\/strong> une jeune fille \u00e2g\u00e9e de <strong>sept ans<\/strong>, a subi une <strong>atteinte sexuelle<\/strong> de la part d\u2019un homme. Les faits ont eu lieu dans l\u2019enceinte de la <strong>plage des 2 rives<\/strong>, lieu tr\u00e8s fr\u00e9quent\u00e9 \u00e0 <a href=\"https:\/\/actu.fr\/grand-est\/nancy_54395\" rel=\"nofollow noopener\" target=\"_blank\">Nancy<\/a>.<\/p>\n<p class=\" wall-content\">Les faits, publi\u00e9s par <a href=\"https:\/\/c.estrepublicain.fr\/faits-divers-justice\/2025\/08\/17\/atteinte-sexuelle-sur-une-fillette-plage-des-2-rives\" rel=\"nofollow noopener\" target=\"_blank\">l\u2019Est R\u00e9publicain<\/a> ont \u00e9t\u00e9 confirm\u00e9s \u00e0 Lorraine Actu par le parquet. On vous explique.<\/p>\n<p>Les faits ont eu lieu dans les toilettes<\/p>\n<p class=\" wall-content\">Bien que les circonstances pr\u00e9cises ne soient pas connues, on sait que l\u2019atteinte a \u00e9t\u00e9 commise <strong>dans les toilettes<\/strong> du lieu, au cours de l\u2019apr\u00e8s-midi. La <a href=\"https:\/\/actu.fr\/tag\/police\" rel=\"nofollow noopener\" target=\"_blank\">police<\/a> s\u2019est directement rendue sur les lieux pour effectuer des <strong>pr\u00e9l\u00e8vements<\/strong>.<\/p>\n<p class=\" wall-content\">La qualification p\u00e9nale des faits, <strong>agression sexuelle ou viol<\/strong>, n\u2019a pas encore \u00e9t\u00e9 \u00e9tablie, mais la fillette devrait \u00eatre <strong>auditionn\u00e9e cette semaine<\/strong>, et des <strong>examens m\u00e9dicaux<\/strong> seront r\u00e9alis\u00e9s.<\/p>\n<p class=\" wall-content\">Ce mardi 19 ao\u00fbt, le suspect est <strong>toujours en fuite<\/strong> et recherch\u00e9 par la police.<\/p>\n<p class=\" wall-content\">Personnalisez votre actualit\u00e9 en ajoutant vos villes et m\u00e9dias en favori avec <a href=\"https:\/\/moncompte.actu.fr\" title=\"D\u00e9couvez Mon Actu\" rel=\"nofollow noopener\" data-trk=\"{&quot;cta&quot;:{&quot;action&quot;:&quot;https:\\\/\\\/moncompte.actu.fr&quot;,&quot;category&quot;:&quot;mon compte&quot;,&quot;from&quot;:&quot;article footer&quot;,&quot;name&quot;:&quot;Mon actu&quot;,&quot;type&quot;:&quot;cta&quot;}}\" target=\"_blank\">Mon Actu<\/a>.<\/p>\n","protected":false},"excerpt":{"rendered":"Par Emil Vautrin Publi\u00e9 le 19 ao\u00fbt 2025 \u00e0 12h40 Samedi 16 ao\u00fbt, une jeune fille \u00e2g\u00e9e de&hellip;\n","protected":false},"author":2,"featured_media":329242,"comment_status":"","ping_status":"","sticky":false,"template":"","format":"standard","meta":{"footnotes":""},"categories":[9635],"tags":[1111,11,1777,674,118,1011,27,775,1702,12,25],"class_list":{"0":"post-329241","1":"post","2":"type-post","3":"status-publish","4":"format-standard","5":"has-post-thumbnail","7":"category-nancy","8":"tag-actu","9":"tag-actualites","10":"tag-eu","11":"tag-europe","12":"tag-faits-divers","13":"tag-fr","14":"tag-france","15":"tag-grand-est","16":"tag-nancy","17":"tag-news","18":"tag-republique-francaise"},"share_on_mastodon":{"url":"https:\/\/pubeurope.com\/@fr\/115055288897202568","error":""},"_links":{"self":[{"href":"https:\/\/www.europesays.com\/fr\/wp-json\/wp\/v2\/posts\/329241","targetHints":{"allow":["GET"]}}],"collection":[{"href":"https:\/\/www.europesays.com\/fr\/wp-json\/wp\/v2\/posts"}],"about":[{"href":"https:\/\/www.europesays.com\/fr\/wp-json\/wp\/v2\/types\/post"}],"author":[{"embeddable":true,"href":"https:\/\/www.europesays.com\/fr\/wp-json\/wp\/v2\/users\/2"}],"replies":[{"embeddable":true,"href":"https:\/\/www.europesays.com\/fr\/wp-json\/wp\/v2\/comments?post=329241"}],"version-history":[{"count":0,"href":"https:\/\/www.europesays.com\/fr\/wp-json\/wp\/v2\/posts\/329241\/revisions"}],"wp:featuredmedia":[{"embeddable":true,"href":"https:\/\/www.europesays.com\/fr\/wp-json\/wp\/v2\/media\/329242"}],"wp:attachment":[{"href":"https:\/\/www.europesays.com\/fr\/wp-json\/wp\/v2\/media?parent=329241"}],"wp:term":[{"taxonomy":"category","embeddable":true,"href":"https:\/\/www.europesays.com\/fr\/wp-json\/wp\/v2\/categories?post=329241"},{"taxonomy":"post_tag","embeddable":true,"href":"https:\/\/www.europesays.com\/fr\/wp-json\/wp\/v2\/tags?post=329241"}],"curies":[{"name":"wp","href":"https:\/\/api.w.org\/{rel}","templated":true}]}}