{"id":329243,"date":"2025-08-19T11:52:11","date_gmt":"2025-08-19T11:52:11","guid":{"rendered":"https:\/\/www.europesays.com\/fr\/329243\/"},"modified":"2025-08-19T11:52:11","modified_gmt":"2025-08-19T11:52:11","slug":"qui-est-larbitre-du-match","status":"publish","type":"post","link":"https:\/\/www.europesays.com\/fr\/329243\/","title":{"rendered":"qui est l\u2019arbitre du match ?"},"content":{"rendered":"<p id=\"block-7c5a357c-ddc6-470c-9060-855c38b4ae5d\">Apr\u00e8s un nouveau match nul face au FC Annecy, l\u2019USL Dunkerque re\u00e7oit l\u2019AS Nancy Lorraine, vendredi (20 heures) \u00e0 l\u2019occasion de la troisi\u00e8me journ\u00e9e de Ligue 2. Une rencontre pour laquelle le corps arbitral a \u00e9t\u00e9 d\u00e9sign\u00e9.<\/p>\n<p>Pierre Gaillouste au sifflet de <strong>USL Dunkerque \u2013 AS Nancy Lorrain<\/strong>e<\/p>\n<p id=\"block-ad9773e1-4c04-4841-be70-015099fe0083\">D\u00e9sign\u00e9 pour la rencontre USL Dunkerque \u2013 AS Nancy Lorraine,\u00a0<strong>Pierre Gaillouste<\/strong>\u00a0a d\u00e9j\u00e0 crois\u00e9 la route des Dunkerquois \u00e0 7 reprises pour un bilan de\u00a0<strong>2 victoires 2 nuls et 3 d\u00e9faite<\/strong>. Il \u00e9tait au coup de sifflet lors de deux rencontres des Maritimes la saison pass\u00e9e, dont la victoire face aux futurs champions du Paris FC (1-0).<\/p>\n<p id=\"block-4b7fbd52-4daf-4286-85c4-1143cccaccae\">Du c\u00f4t\u00e9 d\u2019Annecy, l\u2019historique avec Monsieur Gaillouste est presque identique, avec 9 matchs \u00e0 l\u2019actif de l\u2019homme en noir\u00a0(<strong><strong>1 victoire, 7 nuls et 1 d\u00e9faite<\/strong><\/strong>). Cependant, il n\u2019a plus crois\u00e9 la route des Lorrains depuis le 11 ao\u00fbt 2021, lors d\u2019un match nul face au SC Bastia (1-1), \u00e9galement comptant pour la troisi\u00e8me journ\u00e9e de Ligue 2.<\/p>\n<p id=\"block-cebdf88e-2279-4be1-88f7-65a6b15f8be4\"><strong>\u00c0 lire aussi &gt;&gt;<\/strong><a href=\"https:\/\/le11hdf.fr\/ligue-2-ac-ajaccio-bastia-est-reporte\/\" rel=\"nofollow noopener\" target=\"_blank\"> <\/a><a href=\"https:\/\/le11hdf.fr\/ligue-2-decouvrez-la-programmation-des-journees-6-et-8\/\" rel=\"nofollow noopener\" target=\"_blank\">Ligue 2 : d\u00e9couvrez la programmation des 6e et 8e journ\u00e9es<\/a><\/p>\n<p><strong>USL DUNKERQUE \u2013 AS N<\/strong>ANCY LORRAINE<\/p>\n<p id=\"block-de97a24e-ff40-4cb7-8704-34a83241aa32\">3\u00e8me journ\u00e9e de Ligue 2<\/p>\n<p id=\"block-59d1b1d1-75c9-443a-b372-50e4d557820e\">Vendredi 22 ao\u00fbt, 20 heures<\/p>\n<p id=\"block-43cc0d15-ee65-4968-accd-e5f09e271271\">Stade Marcel-Tribut, Dunkerque<\/p>\n<p id=\"block-99ec5ece-635c-424a-8bfb-3444ff8a1ca3\">Arbitre principal\u00a0:\u00a0Pierre GAILLOUSTE<br \/>Arbitres assistants\u00a0:\u00a0Laurent CONIGLIO et Camille SORIANO<\/p>\n<p id=\"block-fec10773-d9ae-4117-ade4-e18969b1ed81\">Quentin PROVOST<\/p>\n<p id=\"block-69da0ceb-406e-4ca0-aba4-a6bd735e1c7d\">Cr\u00e9dits photo :\u00a0Daniel Derajinski\/<a href=\"http:\/\/iconsport.photo\" target=\"_blank\" rel=\"noopener nofollow\">Icon Sport<\/a><\/p>\n","protected":false},"excerpt":{"rendered":"Apr\u00e8s un nouveau match nul face au FC Annecy, l\u2019USL Dunkerque re\u00e7oit l\u2019AS Nancy Lorraine, vendredi (20 heures)&hellip;\n","protected":false},"author":2,"featured_media":329244,"comment_status":"","ping_status":"","sticky":false,"template":"","format":"standard","meta":{"footnotes":""},"categories":[9635],"tags":[1111,11,1777,674,1011,27,775,1702,12,25],"class_list":{"0":"post-329243","1":"post","2":"type-post","3":"status-publish","4":"format-standard","5":"has-post-thumbnail","7":"category-nancy","8":"tag-actu","9":"tag-actualites","10":"tag-eu","11":"tag-europe","12":"tag-fr","13":"tag-france","14":"tag-grand-est","15":"tag-nancy","16":"tag-news","17":"tag-republique-francaise"},"share_on_mastodon":{"url":"https:\/\/pubeurope.com\/@fr\/115055292738888313","error":""},"_links":{"self":[{"href":"https:\/\/www.europesays.com\/fr\/wp-json\/wp\/v2\/posts\/329243","targetHints":{"allow":["GET"]}}],"collection":[{"href":"https:\/\/www.europesays.com\/fr\/wp-json\/wp\/v2\/posts"}],"about":[{"href":"https:\/\/www.europesays.com\/fr\/wp-json\/wp\/v2\/types\/post"}],"author":[{"embeddable":true,"href":"https:\/\/www.europesays.com\/fr\/wp-json\/wp\/v2\/users\/2"}],"replies":[{"embeddable":true,"href":"https:\/\/www.europesays.com\/fr\/wp-json\/wp\/v2\/comments?post=329243"}],"version-history":[{"count":0,"href":"https:\/\/www.europesays.com\/fr\/wp-json\/wp\/v2\/posts\/329243\/revisions"}],"wp:featuredmedia":[{"embeddable":true,"href":"https:\/\/www.europesays.com\/fr\/wp-json\/wp\/v2\/media\/329244"}],"wp:attachment":[{"href":"https:\/\/www.europesays.com\/fr\/wp-json\/wp\/v2\/media?parent=329243"}],"wp:term":[{"taxonomy":"category","embeddable":true,"href":"https:\/\/www.europesays.com\/fr\/wp-json\/wp\/v2\/categories?post=329243"},{"taxonomy":"post_tag","embeddable":true,"href":"https:\/\/www.europesays.com\/fr\/wp-json\/wp\/v2\/tags?post=329243"}],"curies":[{"name":"wp","href":"https:\/\/api.w.org\/{rel}","templated":true}]}}