{"id":329245,"date":"2025-08-19T11:54:11","date_gmt":"2025-08-19T11:54:11","guid":{"rendered":"https:\/\/www.europesays.com\/fr\/329245\/"},"modified":"2025-08-19T11:54:11","modified_gmt":"2025-08-19T11:54:11","slug":"lenni-nouchi-sengage-durablement-avec-montpellier-malgre-lappel-de-toulon","status":"publish","type":"post","link":"https:\/\/www.europesays.com\/fr\/329245\/","title":{"rendered":"Lenni Nouchi s&rsquo;engage durablement avec Montpellier malgr\u00e9 l&rsquo;appel de Toulon"},"content":{"rendered":"<p><strong>Le jeune troisi\u00e8me ligne international a choisi de prolonger son aventure avec le MHR jusqu\u2019en 2028, renon\u00e7ant \u00e0 un retour aux sources familial dans le Var.<\/strong><\/p>\n<p>Montpellier peut souffler : Lenni Nouchi, l\u2019un de ses talents les plus prometteurs, a officialis\u00e9 son attachement au club pour les trois prochaines saisons. Alors que le RC Toulon, o\u00f9 son p\u00e8re Samuel \u00e9volua dans les ann\u00e9es 1990, lui proposait un contrat sur quatre ans, le joueur de 21 ans a pr\u00e9f\u00e9r\u00e9 la stabilit\u00e9 dans son club formateur. Cette d\u00e9cision met fin \u00e0 des semaines de sp\u00e9culations, renfor\u00e7ant ainsi le projet sportif montpelli\u00e9rais apr\u00e8s une saison mitig\u00e9e (9e du Top 14).<\/p>\n<p>Pilier de l\u2019effectif depuis son arriv\u00e9e en 2021, Nouchi a d\u00e9j\u00e0 disput\u00e9 55 rencontres sous les couleurs h\u00e9raultaises, marquant sept essais. La saison \u00e9coul\u00e9e a confirm\u00e9 son potentiel avec 25 apparitions et trois r\u00e9alisations, des chiffres qui en font un \u00e9l\u00e9ment cl\u00e9 pour l\u2019avenir. Son influence d\u00e9passe m\u00eame les terrains : il a plusieurs fois endoss\u00e9 le brassard de capitaine, preuve de sa maturit\u00e9 pr\u00e9coce.<\/p>\n<p>Du c\u00f4t\u00e9 des Bleus, bien que son temps de jeu reste limit\u00e9 (deux s\u00e9lections depuis ses d\u00e9buts en Argentine en 2024), il figure r\u00e9guli\u00e8rement dans les pr\u00e9-listes de Fabien Galthi\u00e9. Une reconnaissance pour ce champion du monde U20 en 2023, qui devra toutefois batailler pour s\u2019imposer face \u00e0 des cadres comme Cros ou Boudehent.<\/p>\n<p>Dans l\u2019ombre de cette annonce, une autre prolongation se profile : celle de Billy Vunipola. Le puissant Anglais, dont le contrat actuel expire en 2026, pourrait s\u2019engager pour une ann\u00e9e suppl\u00e9mentaire apr\u00e8s avoir particip\u00e9 \u00e0 27 matchs la saison derni\u00e8re. Une double bonne nouvelle pour un MHR d\u00e9termin\u00e9 \u00e0 retrouver l\u2019\u00e9lite du rugby fran\u00e7ais.<\/p>\n","protected":false},"excerpt":{"rendered":"Le jeune troisi\u00e8me ligne international a choisi de prolonger son aventure avec le MHR jusqu\u2019en 2028, renon\u00e7ant \u00e0&hellip;\n","protected":false},"author":2,"featured_media":329246,"comment_status":"","ping_status":"","sticky":false,"template":"","format":"standard","meta":{"footnotes":""},"categories":[9619],"tags":[1111,11,1777,674,1011,27,12,882,25,2310],"class_list":{"0":"post-329245","1":"post","2":"type-post","3":"status-publish","4":"format-standard","5":"has-post-thumbnail","7":"category-toulon","8":"tag-actu","9":"tag-actualites","10":"tag-eu","11":"tag-europe","12":"tag-fr","13":"tag-france","14":"tag-news","15":"tag-provence-alpes-cote-dazur","16":"tag-republique-francaise","17":"tag-toulon"},"share_on_mastodon":{"url":"https:\/\/pubeurope.com\/@fr\/115055300668575415","error":""},"_links":{"self":[{"href":"https:\/\/www.europesays.com\/fr\/wp-json\/wp\/v2\/posts\/329245","targetHints":{"allow":["GET"]}}],"collection":[{"href":"https:\/\/www.europesays.com\/fr\/wp-json\/wp\/v2\/posts"}],"about":[{"href":"https:\/\/www.europesays.com\/fr\/wp-json\/wp\/v2\/types\/post"}],"author":[{"embeddable":true,"href":"https:\/\/www.europesays.com\/fr\/wp-json\/wp\/v2\/users\/2"}],"replies":[{"embeddable":true,"href":"https:\/\/www.europesays.com\/fr\/wp-json\/wp\/v2\/comments?post=329245"}],"version-history":[{"count":0,"href":"https:\/\/www.europesays.com\/fr\/wp-json\/wp\/v2\/posts\/329245\/revisions"}],"wp:featuredmedia":[{"embeddable":true,"href":"https:\/\/www.europesays.com\/fr\/wp-json\/wp\/v2\/media\/329246"}],"wp:attachment":[{"href":"https:\/\/www.europesays.com\/fr\/wp-json\/wp\/v2\/media?parent=329245"}],"wp:term":[{"taxonomy":"category","embeddable":true,"href":"https:\/\/www.europesays.com\/fr\/wp-json\/wp\/v2\/categories?post=329245"},{"taxonomy":"post_tag","embeddable":true,"href":"https:\/\/www.europesays.com\/fr\/wp-json\/wp\/v2\/tags?post=329245"}],"curies":[{"name":"wp","href":"https:\/\/api.w.org\/{rel}","templated":true}]}}