{"id":329247,"date":"2025-08-19T11:55:09","date_gmt":"2025-08-19T11:55:09","guid":{"rendered":"https:\/\/www.europesays.com\/fr\/329247\/"},"modified":"2025-08-19T11:55:09","modified_gmt":"2025-08-19T11:55:09","slug":"les-sapeurs-pompiers-de-lherault-interviennent-sur-une-reprise-de-feu-dun-ecobuage-aux-portes-de-montpellier","status":"publish","type":"post","link":"https:\/\/www.europesays.com\/fr\/329247\/","title":{"rendered":"Les sapeurs-pompiers de l\u2019H\u00e9rault interviennent sur une reprise de feu d\u2019un \u00e9cobuage aux portes de Montpellier"},"content":{"rendered":"<p>\n                                                                Un incendie s\u2019est d\u00e9clar\u00e9 ce mardi 19\u00a0ao\u00fbt aux alentours de 5\u00a0h\u00a030 du matin, sur la commune de Lav\u00e9rune aux portes de Montpellier. Heureusement, les flammes ont \u00e9t\u00e9 circonscrites rapidement.\n                            <\/p>\n<p>C\u2019est un automobiliste circulant sur la M5E1, entre le domaine de Biar et le ch\u00e2teau de l\u2019Engarran \u00e0 Lav\u00e9rune, qui a donn\u00e9 l\u2019alerte ce mardi 19\u00a0ao\u00fbt, aux alentours de 5\u00a0h\u00a030, lorsqu\u2019il a vu de la fum\u00e9e puis des flammes s\u2019en prendre \u00e0 de la v\u00e9g\u00e9tation.<\/p>\n<p>Rapidement arriv\u00e9s sur site, les sapeurs-pompiers des casernes de Pignan et Cournonterral, avec leurs deux camions-citernes feu de for\u00eat, n\u2019ont pas mis longtemps \u00e0 circonscrire l\u2019incendie et \u00e0\u00a0\u00e9viter toute propagation \u00e0 la v\u00e9g\u00e9tation alentour.<\/p>\n<p>\u00c9cobuage dans un champ bordant la chauss\u00e9e<\/p>\n<p>Selon les premi\u00e8res investigations diligent\u00e9es par les gendarmes de la brigade de Saint-Georges-d\u2019Orques, il s\u2019agit de le reprise d\u2019un feu de la veille qui faisait suite \u00e0 un \u00e9cobuage dans un champ bordant la chauss\u00e9e.<\/p>\n","protected":false},"excerpt":{"rendered":"Un incendie s\u2019est d\u00e9clar\u00e9 ce mardi 19\u00a0ao\u00fbt aux alentours de 5\u00a0h\u00a030 du matin, sur la commune de Lav\u00e9rune&hellip;\n","protected":false},"author":2,"featured_media":329248,"comment_status":"","ping_status":"","sticky":false,"template":"","format":"standard","meta":{"footnotes":""},"categories":[9599],"tags":[1111,11,1777,674,1011,27,2208,12,2680,25],"class_list":{"0":"post-329247","1":"post","2":"type-post","3":"status-publish","4":"format-standard","5":"has-post-thumbnail","7":"category-montpellier","8":"tag-actu","9":"tag-actualites","10":"tag-eu","11":"tag-europe","12":"tag-fr","13":"tag-france","14":"tag-montpellier","15":"tag-news","16":"tag-occitanie","17":"tag-republique-francaise"},"share_on_mastodon":{"url":"https:\/\/pubeurope.com\/@fr\/115055304962996384","error":""},"_links":{"self":[{"href":"https:\/\/www.europesays.com\/fr\/wp-json\/wp\/v2\/posts\/329247","targetHints":{"allow":["GET"]}}],"collection":[{"href":"https:\/\/www.europesays.com\/fr\/wp-json\/wp\/v2\/posts"}],"about":[{"href":"https:\/\/www.europesays.com\/fr\/wp-json\/wp\/v2\/types\/post"}],"author":[{"embeddable":true,"href":"https:\/\/www.europesays.com\/fr\/wp-json\/wp\/v2\/users\/2"}],"replies":[{"embeddable":true,"href":"https:\/\/www.europesays.com\/fr\/wp-json\/wp\/v2\/comments?post=329247"}],"version-history":[{"count":0,"href":"https:\/\/www.europesays.com\/fr\/wp-json\/wp\/v2\/posts\/329247\/revisions"}],"wp:featuredmedia":[{"embeddable":true,"href":"https:\/\/www.europesays.com\/fr\/wp-json\/wp\/v2\/media\/329248"}],"wp:attachment":[{"href":"https:\/\/www.europesays.com\/fr\/wp-json\/wp\/v2\/media?parent=329247"}],"wp:term":[{"taxonomy":"category","embeddable":true,"href":"https:\/\/www.europesays.com\/fr\/wp-json\/wp\/v2\/categories?post=329247"},{"taxonomy":"post_tag","embeddable":true,"href":"https:\/\/www.europesays.com\/fr\/wp-json\/wp\/v2\/tags?post=329247"}],"curies":[{"name":"wp","href":"https:\/\/api.w.org\/{rel}","templated":true}]}}