{"id":329251,"date":"2025-08-19T12:00:16","date_gmt":"2025-08-19T12:00:16","guid":{"rendered":"https:\/\/www.europesays.com\/fr\/329251\/"},"modified":"2025-08-19T12:00:16","modified_gmt":"2025-08-19T12:00:16","slug":"apres-le-tour-de-france-la-vuelta-va-faire-escale-pres-de-grenoble","status":"publish","type":"post","link":"https:\/\/www.europesays.com\/fr\/329251\/","title":{"rendered":"apr\u00e8s le Tour de France, La Vuelta va faire escale pr\u00e8s de Grenoble"},"content":{"rendered":"<p>\t\t\t\t\t\t\t\t\t\t\t<img loading=\"lazy\" decoding=\"async\" width=\"1110\" title=\"Cyclisme : apr\u00e8s le Tour de France, La Vuelta va faire escale pr\u00e8s de Grenoble\" class=\"img-fluid  mb-3\" src=\"https:\/\/grandgrenoble.alpes1.com\/media\/news\/thumb\/1110x624_cyclisme-apres-le-tour-de-france-la-vuelta-va-faire-escale-pres-de-grenoble_68a434fb90fb5.webp\" alt=\"Cyclisme : apr\u00e8s le Tour de France, La Vuelta va faire escale pr\u00e8s de Grenoble\" itemprop=\"image\" height=\"624\"\/>\t\t\t\t\t\t\t\t\t\t\t\t<\/p>\n<p>Cyclisme : apr\u00e8s le Tour de France, La Vuelta va faire escale pr\u00e8s de Grenoble &#8211; DR<\/p>\n<p itemprop=\"description\"><strong>Voiron s\u2019appr\u00eate \u00e0 accueillir le Tour d\u2019Espagne 2025.<\/strong><\/p>\n<p>Jonas Vingegaard, Egan Bernal ou encore le fran\u00e7ais David Gaudu\u2026 Mardi 26 ao\u00fbt, les Is\u00e9rois vont pouvoir admirer une nouvelle fois le passage des meilleurs coureurs cyclistes du monde. La Vuelta, ou plut\u00f4t le Tour d\u2019Espagne, sera de passage en France lors de la quatri\u00e8me \u00e9tape de cette 90e \u00e9dition.<\/p>\n<p>Au d\u00e9part de Suse, en Italie, le peloton effectuera 192 kilom\u00e8tres pour rejoindre la commune de Voiron, au nord de Grenoble, dans le cadre d\u2019une \u00e9tape de moyenne montagne. L\u2019arriv\u00e9e, promise aux sprinteurs les plus costauds ou aux puncheurs, est pr\u00e9vue entre 16h30 et 17h. De quoi, potentiellement, voir l\u2019un de nos Fran\u00e7ais engag\u00e9s briller, comme Axel Zingle, qui aime ce type de profil.<\/p>\n<p>Entretemps, les coureurs entreront dans le d\u00e9partement aux alentours de 14h et traverseront Rochetaill\u00e9e, Le Pont-de-Claix, Fontaine ou encore Moirans.<\/p>\n<p>Pour rappel, le 24 juillet dernier, l\u2019Is\u00e8re avait aussi accueilli une \u00e9tape du Tour de France, avec un d\u00e9part donn\u00e9 \u00e0 Vif, au sud de Grenoble.<\/p>\n","protected":false},"excerpt":{"rendered":"Cyclisme : apr\u00e8s le Tour de France, La Vuelta va faire escale pr\u00e8s de Grenoble &#8211; DR Voiron&hellip;\n","protected":false},"author":2,"featured_media":329252,"comment_status":"","ping_status":"","sticky":false,"template":"","format":"standard","meta":{"footnotes":""},"categories":[9566],"tags":[1111,11,7733,8279,2430,7736,650,7734,2889,2263,1777,674,1011,27,2731,8280,6417,1114,108,4662,12,3725,1825,25,7737],"class_list":{"0":"post-329251","1":"post","2":"type-post","3":"status-publish","4":"format-standard","5":"has-post-thumbnail","7":"category-grenoble","8":"tag-actu","9":"tag-actualites","10":"tag-alpes","11":"tag-alpes1","12":"tag-auvergne-rhone-alpes","13":"tag-cds","14":"tag-cinema","15":"tag-ecoute","16":"tag-emission","17":"tag-equipe","18":"tag-eu","19":"tag-europe","20":"tag-fr","21":"tag-france","22":"tag-grenoble","23":"tag-haute","24":"tag-information","25":"tag-infos","26":"tag-isere","27":"tag-journal","28":"tag-news","29":"tag-podcast","30":"tag-radio","31":"tag-republique-francaise","32":"tag-winamp"},"share_on_mastodon":{"url":"https:\/\/pubeurope.com\/@fr\/115055324582981793","error":""},"_links":{"self":[{"href":"https:\/\/www.europesays.com\/fr\/wp-json\/wp\/v2\/posts\/329251","targetHints":{"allow":["GET"]}}],"collection":[{"href":"https:\/\/www.europesays.com\/fr\/wp-json\/wp\/v2\/posts"}],"about":[{"href":"https:\/\/www.europesays.com\/fr\/wp-json\/wp\/v2\/types\/post"}],"author":[{"embeddable":true,"href":"https:\/\/www.europesays.com\/fr\/wp-json\/wp\/v2\/users\/2"}],"replies":[{"embeddable":true,"href":"https:\/\/www.europesays.com\/fr\/wp-json\/wp\/v2\/comments?post=329251"}],"version-history":[{"count":0,"href":"https:\/\/www.europesays.com\/fr\/wp-json\/wp\/v2\/posts\/329251\/revisions"}],"wp:featuredmedia":[{"embeddable":true,"href":"https:\/\/www.europesays.com\/fr\/wp-json\/wp\/v2\/media\/329252"}],"wp:attachment":[{"href":"https:\/\/www.europesays.com\/fr\/wp-json\/wp\/v2\/media?parent=329251"}],"wp:term":[{"taxonomy":"category","embeddable":true,"href":"https:\/\/www.europesays.com\/fr\/wp-json\/wp\/v2\/categories?post=329251"},{"taxonomy":"post_tag","embeddable":true,"href":"https:\/\/www.europesays.com\/fr\/wp-json\/wp\/v2\/tags?post=329251"}],"curies":[{"name":"wp","href":"https:\/\/api.w.org\/{rel}","templated":true}]}}