{"id":329253,"date":"2025-08-19T12:01:11","date_gmt":"2025-08-19T12:01:11","guid":{"rendered":"https:\/\/www.europesays.com\/fr\/329253\/"},"modified":"2025-08-19T12:01:11","modified_gmt":"2025-08-19T12:01:11","slug":"une-femme-agressee-sexuellement-par-un-adolescent-a-grenoble","status":"publish","type":"post","link":"https:\/\/www.europesays.com\/fr\/329253\/","title":{"rendered":"Une femme agress\u00e9e sexuellement par un adolescent \u00e0 Grenoble"},"content":{"rendered":"<p> <img decoding=\"async\" src=\"https:\/\/www.europesays.com\/fr\/wp-content\/uploads\/2025\/08\/1200x680_sc_1007653-h10elknckv-whr.jpg\" alt=\"illustration agrandir l'image\" style=\"--_image-preview:url('data:image\/jpeg;base64,\/9j\/2wBDACgcHiMeGSgjISMtKygwPGRBPDc3PHtYXUlkkYCZlo+AjIqgtObDoKrarYqMyP\/L2u71\/\/\/\/m8H\/\/\/\/6\/+b9\/\/j\/2wBDASstLTw1PHZBQXb4pYyl+Pj4+Pj4+Pj4+Pj4+Pj4+Pj4+Pj4+Pj4+Pj4+Pj4+Pj4+Pj4+Pj4+Pj4+Pj4+Pj4+Pj\/wAARCAAXACoDASIAAhEBAxEB\/8QAGAAAAwEBAAAAAAAAAAAAAAAAAAECAwT\/xAAYEAEBAQEBAAAAAAAAAAAAAAAAAQIREv\/EABgBAQEAAwAAAAAAAAAAAAAAAAIBAAME\/8QAGBEBAQEBAQAAAAAAAAAAAAAAAAERAhL\/2gAMAwEAAhEDEQA\/AOGZPjSZPyU6XGVibltcpuTnQ4y4XGlhcX0zHV5PyA45WwrlNgByoixPAC1H\/9k=');\" loading=\"eager\" fetchpriority=\"high\" aria-hidden=\"true\" class=\"svelte-1pnmlwx rounded\" onload=\"this.__e=event\" onerror=\"this.__e=event\"\/> L&rsquo;agresseur pr\u00e9sum\u00e9 a \u00e9t\u00e9 interpell\u00e9 par la police apr\u00e8s les faits. \u00a9 Radio France &#8211; Julien Balidas     <\/p>\n<p class=\"g-ici-body-regular-3 info svelte-1c4u67c\">Publi\u00e9 le mardi 19 ao\u00fbt 2025 \u00e0 10:35 <\/p>\n<ul class=\"SocialNetworks svelte-bt5901\">\n<li class=\"svelte-bt5901\"><\/li>\n<li class=\"svelte-bt5901\"><\/li>\n<li class=\"svelte-bt5901\"><\/li>\n<li class=\"svelte-bt5901\"><\/li>\n<li class=\"svelte-bt5901\"><\/li>\n<\/ul>\n<p class=\"standfirst g-ici-body-bold-1 svelte-983d72\">Une femme a \u00e9t\u00e9 agress\u00e9e sexuellement aux abord du parc Paul-Mistral \u00e0 Grenoble dans la nuit de lundi \u00e0 mardi. Son agresseur pr\u00e9sum\u00e9, \u00e2g\u00e9 de 15 ans, a \u00e9t\u00e9 interpell\u00e9 et plac\u00e9 en garde \u00e0 vue.<\/p>\n<p>Une femme de 27 ans, qui circulait \u00e0 v\u00e9lo sur le boulevard longeant le parc Paul-Mistral \u00e0 Grenoble, a \u00e9t\u00e9 agress\u00e9e vers 3 heures du matin ce mardi 19 ao\u00fbt. Un jeune homme \u00e0 trottinette s&rsquo;est approch\u00e9 d&rsquo;elle, lui a touch\u00e9 les fesses avant de tenter de lui palper les seins. Selon les \u00e9l\u00e9ments indiqu\u00e9s par la jeune femme \u00e0 la police, elle a profit\u00e9 du passage d&rsquo;une voiture pour s&rsquo;enfuir et appeler le 17. Une patrouille a pu interpeller l&rsquo;auteur pr\u00e9sum\u00e9 des faits quelques minutes plus tard rue Sidonie Jacolin dans le quartier Capuche. <strong>La victime a d\u00e9pos\u00e9 plainte, l&rsquo;adolescent est lui en garde \u00e0 vue dans les locaux de la police nationale.<\/strong><\/p>\n<ul class=\"SocialNetworks svelte-bt5901\">\n<li class=\"svelte-bt5901\"><\/li>\n<li class=\"svelte-bt5901\"><\/li>\n<li class=\"svelte-bt5901\"><\/li>\n<li class=\"svelte-bt5901\"><\/li>\n<li class=\"svelte-bt5901\"><\/li>\n<\/ul>\n","protected":false},"excerpt":{"rendered":"L&rsquo;agresseur pr\u00e9sum\u00e9 a \u00e9t\u00e9 interpell\u00e9 par la police apr\u00e8s les faits. \u00a9 Radio France &#8211; Julien Balidas Publi\u00e9&hellip;\n","protected":false},"author":2,"featured_media":329254,"comment_status":"","ping_status":"","sticky":false,"template":"","format":"standard","meta":{"footnotes":""},"categories":[9566],"tags":[1111,11,2430,1777,674,1011,27,2731,12,25],"class_list":{"0":"post-329253","1":"post","2":"type-post","3":"status-publish","4":"format-standard","5":"has-post-thumbnail","7":"category-grenoble","8":"tag-actu","9":"tag-actualites","10":"tag-auvergne-rhone-alpes","11":"tag-eu","12":"tag-europe","13":"tag-fr","14":"tag-france","15":"tag-grenoble","16":"tag-news","17":"tag-republique-francaise"},"share_on_mastodon":{"url":"https:\/\/pubeurope.com\/@fr\/115055328262472239","error":""},"_links":{"self":[{"href":"https:\/\/www.europesays.com\/fr\/wp-json\/wp\/v2\/posts\/329253","targetHints":{"allow":["GET"]}}],"collection":[{"href":"https:\/\/www.europesays.com\/fr\/wp-json\/wp\/v2\/posts"}],"about":[{"href":"https:\/\/www.europesays.com\/fr\/wp-json\/wp\/v2\/types\/post"}],"author":[{"embeddable":true,"href":"https:\/\/www.europesays.com\/fr\/wp-json\/wp\/v2\/users\/2"}],"replies":[{"embeddable":true,"href":"https:\/\/www.europesays.com\/fr\/wp-json\/wp\/v2\/comments?post=329253"}],"version-history":[{"count":0,"href":"https:\/\/www.europesays.com\/fr\/wp-json\/wp\/v2\/posts\/329253\/revisions"}],"wp:featuredmedia":[{"embeddable":true,"href":"https:\/\/www.europesays.com\/fr\/wp-json\/wp\/v2\/media\/329254"}],"wp:attachment":[{"href":"https:\/\/www.europesays.com\/fr\/wp-json\/wp\/v2\/media?parent=329253"}],"wp:term":[{"taxonomy":"category","embeddable":true,"href":"https:\/\/www.europesays.com\/fr\/wp-json\/wp\/v2\/categories?post=329253"},{"taxonomy":"post_tag","embeddable":true,"href":"https:\/\/www.europesays.com\/fr\/wp-json\/wp\/v2\/tags?post=329253"}],"curies":[{"name":"wp","href":"https:\/\/api.w.org\/{rel}","templated":true}]}}