{"id":329257,"date":"2025-08-19T12:03:14","date_gmt":"2025-08-19T12:03:14","guid":{"rendered":"https:\/\/www.europesays.com\/fr\/329257\/"},"modified":"2025-08-19T12:03:14","modified_gmt":"2025-08-19T12:03:14","slug":"malaise-de-bakola-pour-cloturer-la-soiree-agitee-a-rennes","status":"publish","type":"post","link":"https:\/\/www.europesays.com\/fr\/329257\/","title":{"rendered":"malaise de Bakola pour cl\u00f4turer la soir\u00e9e agit\u00e9e \u00e0 Rennes !"},"content":{"rendered":"<p><strong>La premi\u00e8re sortie de l\u2019Olympique de Marseille en Ligue 1 s\u2019est termin\u00e9e dans une atmosph\u00e8re lourde dimanche soir \u00e0 Rennes. Battus par le Stade Rennais (1-0), les Marseillais, pourtant en sup\u00e9riorit\u00e9 num\u00e9rique apr\u00e8s l\u2019expulsion de Gouiri, ont v\u00e9cu une soir\u00e9e compliqu\u00e9e aussi bien sur le terrain qu\u2019en coulisses.<\/strong><\/p>\n<p>\u00a0<\/p>\n<p>Au-del\u00e0 du revers sportif, un incident m\u00e9dical est venu alourdir la soir\u00e9e phoc\u00e9enne. Entr\u00e9 en jeu \u00e0 la 86e minute, le jeune milieu de terrain <strong>Darryl Bakola<\/strong>, \u00e2g\u00e9 de seulement 17 ans, a \u00e9t\u00e9 victime d\u2019un <strong>malaise<\/strong> quelques instants apr\u00e8s le coup de sifflet final. Pris en charge par le staff m\u00e9dical, l\u2019international U19 fran\u00e7ais a rapidement re\u00e7u des soins adapt\u00e9s. Selon les informations de L\u2019\u00c9quipe, il n\u2019y a pas de gravit\u00e9 particuli\u00e8re, mais cet \u00e9pisode a marqu\u00e9 les joueurs et l\u2019encadrement, qui ont tenu \u00e0 s\u2019assurer de son \u00e9tat de sant\u00e9 avant de regagner les vestiaires.<\/p>\n<p>A lire aussi :\u00a0<a href=\"https:\/\/www.footballclubdemarseille.fr\/mercato-om\/mercato-pavard-discussions-entamees-il-ne-dira-pas-non-a-lom-previent-un-journaliste.html\" rel=\"nofollow noopener\" target=\"_blank\">Mercato : Pavard discussions entam\u00e9es ! (\u201cIl ne dira pas non \u00e0 l\u2019OM\u201d, pr\u00e9vient un journaliste)<\/a><\/p>\n<p>Petit malaise pour Bakola !<\/p>\n<p>\u00a0<\/p>\n<p>Dans le m\u00eame temps, les tensions se sont accentu\u00e9es \u00e0 l\u2019int\u00e9rieur du groupe marseillais. Toujours selon L\u2019\u00c9quipe, une <strong>altercation<\/strong> a \u00e9clat\u00e9 entre<a href=\"https:\/\/www.footballclubdemarseille.fr\/om-actualites\/om-rabiot-et-rowe-ecartes-de-lequipe.html\" target=\"_blank\" rel=\"noopener nofollow\"> <strong>Adrien Rabiot<\/strong> et <strong>Jonathan Rowe<\/strong><\/a> apr\u00e8s la rencontre. Les deux joueurs ont \u00e9chang\u00e9 des mots vifs, avant qu\u2019un retour dans le vestiaire d\u00e9sert\u00e9 n\u2019aboutisse \u00e0 des coups \u00e9chang\u00e9s. Il a fallu l\u2019intervention du directeur du football <strong>Mehdi Benatia<\/strong> pour mettre fin \u00e0 l\u2019incident. Les deux joueurs ont depuis \u00e9t\u00e9 temporairement <strong>\u00e9cart\u00e9s<\/strong> du groupe dans l\u2019attente d\u2019une d\u00e9cision du club.<\/p>\n<p>\u00a0<\/p>\n<\/p>\n<p>\u00a0<\/p>\n<p>Ces \u00e9v\u00e8nements viennent assombrir un d\u00e9but de saison d\u00e9j\u00e0 compliqu\u00e9 pour l\u2019<strong>OM<\/strong>, battu d\u2019entr\u00e9e et confront\u00e9 \u00e0 une situation tendue en interne. Entre la gestion des jeunes talents comme Bakola, dont l\u2019int\u00e9gration doit \u00eatre accompagn\u00e9e, et la n\u00e9cessit\u00e9 d\u2019apaiser le vestiaire, le club phoc\u00e9en se retrouve face \u00e0 des enjeux qui d\u00e9passent le simple r\u00e9sultat sportif.<\/p>\n<p>La suite de la semaine sera d\u00e9terminante pour l\u2019Olympique de Marseille, qui devra clarifier la situation de ses joueurs et tenter de relancer sa dynamique avant la prochaine journ\u00e9e de championnat.<\/p>\n","protected":false},"excerpt":{"rendered":"La premi\u00e8re sortie de l\u2019Olympique de Marseille en Ligue 1 s\u2019est termin\u00e9e dans une atmosph\u00e8re lourde dimanche soir&hellip;\n","protected":false},"author":2,"featured_media":329258,"comment_status":"","ping_status":"","sticky":false,"template":"","format":"standard","meta":{"footnotes":""},"categories":[2821],"tags":[1111,11,829,1777,674,1011,27,12,584,25],"class_list":{"0":"post-329257","1":"post","2":"type-post","3":"status-publish","4":"format-standard","5":"has-post-thumbnail","7":"category-rennes","8":"tag-actu","9":"tag-actualites","10":"tag-bretagne","11":"tag-eu","12":"tag-europe","13":"tag-fr","14":"tag-france","15":"tag-news","16":"tag-rennes","17":"tag-republique-francaise"},"share_on_mastodon":{"url":"https:\/\/pubeurope.com\/@fr\/115055336083844001","error":""},"_links":{"self":[{"href":"https:\/\/www.europesays.com\/fr\/wp-json\/wp\/v2\/posts\/329257","targetHints":{"allow":["GET"]}}],"collection":[{"href":"https:\/\/www.europesays.com\/fr\/wp-json\/wp\/v2\/posts"}],"about":[{"href":"https:\/\/www.europesays.com\/fr\/wp-json\/wp\/v2\/types\/post"}],"author":[{"embeddable":true,"href":"https:\/\/www.europesays.com\/fr\/wp-json\/wp\/v2\/users\/2"}],"replies":[{"embeddable":true,"href":"https:\/\/www.europesays.com\/fr\/wp-json\/wp\/v2\/comments?post=329257"}],"version-history":[{"count":0,"href":"https:\/\/www.europesays.com\/fr\/wp-json\/wp\/v2\/posts\/329257\/revisions"}],"wp:featuredmedia":[{"embeddable":true,"href":"https:\/\/www.europesays.com\/fr\/wp-json\/wp\/v2\/media\/329258"}],"wp:attachment":[{"href":"https:\/\/www.europesays.com\/fr\/wp-json\/wp\/v2\/media?parent=329257"}],"wp:term":[{"taxonomy":"category","embeddable":true,"href":"https:\/\/www.europesays.com\/fr\/wp-json\/wp\/v2\/categories?post=329257"},{"taxonomy":"post_tag","embeddable":true,"href":"https:\/\/www.europesays.com\/fr\/wp-json\/wp\/v2\/tags?post=329257"}],"curies":[{"name":"wp","href":"https:\/\/api.w.org\/{rel}","templated":true}]}}