{"id":329259,"date":"2025-08-19T12:04:10","date_gmt":"2025-08-19T12:04:10","guid":{"rendered":"https:\/\/www.europesays.com\/fr\/329259\/"},"modified":"2025-08-19T12:04:10","modified_gmt":"2025-08-19T12:04:10","slug":"strasbourg-decouvrez-la-splendeur-la-musique-klezmer-et-yiddish-ce-22-aout-a-saint-pierre-le-jeune","status":"publish","type":"post","link":"https:\/\/www.europesays.com\/fr\/329259\/","title":{"rendered":"Strasbourg. D\u00e9couvrez la splendeur la musique klezmer et yiddish ce 22 ao\u00fbt \u00e0 Saint-Pierre-le-Jeune"},"content":{"rendered":"<p>La formation <a href=\"https:\/\/www.dna.fr\/culture-loisirs\/2024\/09\/09\/klezmhear-la-musique-juive-traditionnelle-reinventee\" target=\"_blank\" rel=\"nofollow noopener\">Klezmhear<\/a> m\u00eale musiques klezmer et yiddish en un univers polychrome qui lui est propre. Tant\u00f4t festives, tant\u00f4t m\u00e9lancoliques, les compositions du groupe lient et d\u00e9lient les influences des quatre membres, poussant jusqu\u2019aux musiques latines ou au jazz. L\u2019ensemble rend hommage aussi au r\u00e9pertoire traditionnel connu du grand public ainsi qu\u2019aux chansons yiddish.<\/p>\n<p>  Clarinette, contrebasse, guitare et percussions<\/p>\n<p>Compositeur, arrangeur et soliste du groupe, le clarinettiste Benjamin Mayer fonde Klezmhear pendant ses \u00e9tudes \u00e0 la Haute \u00e9cole des arts du Rhin o\u00f9 il obtient son dipl\u00f4me avec mention. Il enseigne actuellement dans plusieurs \u00e9coles de musique de la r\u00e9gion et se produit au sein de divers groupes, notamment \u00ab\u00a0Les Raisins Secs\u00a0\u00bb.<\/p>\n<p>Valentin Denicola apporte \u00e0 son arriv\u00e9e au sein de Klezmhear de nouvelles couleurs \u00e0 l\u2019accompagnement gr\u00e2ce \u00e0 sa contrebasse. Dipl\u00f4m\u00e9 avec mention du Conservatoire de Strasbourg, il se produit r\u00e9guli\u00e8rement dans des formations et r\u00e9pertoires aussi divers que vari\u00e9s, de l\u2019orchestre \u00e0 la musique de chambre, du classique aux musiques actuelles.<\/p>\n<p>Passionn\u00e9 de musique classique, de flamenco et de musiques du monde, le guitariste Cl\u00e9ment Dague int\u00e8gre Klezmhear en 2015. Son exp\u00e9rience dans ces domaines permet au groupe d\u2019explorer de nouveaux horizons musicaux et apporte \u00e0 sa musique de belles vari\u00e9t\u00e9s rythmiques. Auteur-compositeur chevronn\u00e9, il interpr\u00e8te sa musique au sein de plusieurs formations, dont Malva.<\/p>\n<p>Fran\u00e7ois Hagenmuller, percussionniste et autre membre fondateur du groupe, est dipl\u00f4m\u00e9 avec mention de la Haute \u00c9cole des Arts du Rhin. Il apporte \u00e0 Klezmhear des rythmes tant\u00f4t subtils, tant\u00f4t endiabl\u00e9s. Passionn\u00e9 de p\u00e9dagogie, il dirige notamment un orchestre de jeunes \u00e0 Wasselonne. Il est \u00e9galement \u00e0 l\u2019origine du Baka Trio avec lequel il se produit r\u00e9guli\u00e8rement.<\/p>\n<p class=\"note\">\u201cEtz Ha\u00efm\u201d, concert ce vendredi 20\u00a0ao\u00fbt \u00e0 20\u00a0h \u00e0 l\u2019\u00e9glise coll\u00e9giale Saint-Pierre-le-Jeune, place du m\u00eame nom \u00e0 Strasbourg. \u00c0 18\u00a0h\u00a030, le pasteur Philippe Eber proposera une visite guid\u00e9e sur le th\u00e8me des pasteurs Horning, restaurateurs de l\u2019\u00e9difice. Entr\u00e9e libre, plateau pour les deux \u00e9v\u00e9nements.<\/p>\n","protected":false},"excerpt":{"rendered":"La formation Klezmhear m\u00eale musiques klezmer et yiddish en un univers polychrome qui lui est propre. Tant\u00f4t festives,&hellip;\n","protected":false},"author":2,"featured_media":329260,"comment_status":"","ping_status":"","sticky":false,"template":"","format":"standard","meta":{"footnotes":""},"categories":[2820],"tags":[1111,11,2389,2649,1687,2880,27337,1777,674,107,1011,27,775,873,12,25,640,2879],"class_list":{"0":"post-329259","1":"post","2":"type-post","3":"status-publish","4":"format-standard","5":"has-post-thumbnail","7":"category-strasbourg","8":"tag-actu","9":"tag-actualites","10":"tag-alsace","11":"tag-bas-rhin","12":"tag-culture-loisirs","13":"tag-edition-strasbourg","14":"tag-estivales","15":"tag-eu","16":"tag-europe","17":"tag-fil-info","18":"tag-fr","19":"tag-france","20":"tag-grand-est","21":"tag-musique","22":"tag-news","23":"tag-republique-francaise","24":"tag-strasbourg","25":"tag-strasbourg-ville"},"share_on_mastodon":{"url":"https:\/\/pubeurope.com\/@fr\/115055340001186802","error":""},"_links":{"self":[{"href":"https:\/\/www.europesays.com\/fr\/wp-json\/wp\/v2\/posts\/329259","targetHints":{"allow":["GET"]}}],"collection":[{"href":"https:\/\/www.europesays.com\/fr\/wp-json\/wp\/v2\/posts"}],"about":[{"href":"https:\/\/www.europesays.com\/fr\/wp-json\/wp\/v2\/types\/post"}],"author":[{"embeddable":true,"href":"https:\/\/www.europesays.com\/fr\/wp-json\/wp\/v2\/users\/2"}],"replies":[{"embeddable":true,"href":"https:\/\/www.europesays.com\/fr\/wp-json\/wp\/v2\/comments?post=329259"}],"version-history":[{"count":0,"href":"https:\/\/www.europesays.com\/fr\/wp-json\/wp\/v2\/posts\/329259\/revisions"}],"wp:featuredmedia":[{"embeddable":true,"href":"https:\/\/www.europesays.com\/fr\/wp-json\/wp\/v2\/media\/329260"}],"wp:attachment":[{"href":"https:\/\/www.europesays.com\/fr\/wp-json\/wp\/v2\/media?parent=329259"}],"wp:term":[{"taxonomy":"category","embeddable":true,"href":"https:\/\/www.europesays.com\/fr\/wp-json\/wp\/v2\/categories?post=329259"},{"taxonomy":"post_tag","embeddable":true,"href":"https:\/\/www.europesays.com\/fr\/wp-json\/wp\/v2\/tags?post=329259"}],"curies":[{"name":"wp","href":"https:\/\/api.w.org\/{rel}","templated":true}]}}