{"id":32926,"date":"2025-04-18T02:08:08","date_gmt":"2025-04-18T02:08:08","guid":{"rendered":"https:\/\/www.europesays.com\/fr\/32926\/"},"modified":"2025-04-18T02:08:08","modified_gmt":"2025-04-18T02:08:08","slug":"je-fais-mon-coming-out-samuel-etienne-lache-un-scoop-de-taille-en-plein-live-twitch","status":"publish","type":"post","link":"https:\/\/www.europesays.com\/fr\/32926\/","title":{"rendered":"\u00ab\u00a0Je fais mon coming-out\u00a0\u00bb : Samuel \u00c9tienne l\u00e2che \u00ab\u00a0un scoop\u00a0\u00bb de taille en plein live Twitch"},"content":{"rendered":"<p>      R\u00e9sum\u00e9<\/p>\n<p>Samuel \u00c9tienne annonce qu&rsquo;il quitte son CDI apr\u00e8s 30 ans pour se consacrer \u00e0 ses activit\u00e9s de cr\u00e9ateur de contenu et de streaming. Il reste n\u00e9anmoins \u00e0 la t\u00eate de \\\u00a0\u00bbQuestions pour un champion\\\u00a0\u00bb.<\/p>\n<p>        Sommaire<\/p>\n<p><a href=\"https:\/\/www.public.fr\/totalement-senile-samuel-etienne-fait-une-etonnante-revelation-sur-jean-pierre-pernaut\" target=\"_blank\" rel=\"noopener\">Samuel \u00c9tienne<\/a> et le CDI, c\u2019est fini. Apr\u00e8s 30 ans sous contrat,<a href=\"https:\/\/www.public.fr\/cheveux-vert-fluo-et-torse-entierement-recouvert-dun-tatouage-dragon-samuel-etienne-questions-pour-un-champion-change-de-look\" target=\"_blank\" rel=\"noopener\"> le pr\u00e9sentateur <\/a>a annonc\u00e9, ce mercredi 16 avril 2025 dans l\u2019\u00e9mission <strong>\u00ab\u00a0Ma vie pro\u00a0\u00bb<\/strong> sur Twitch, qu\u2019il venait de le quitter afin de pouvoir mieux g\u00e9rer ses activit\u00e9s de cr\u00e9ateur de contenu.Mais que ses fans se rassurent, malgr\u00e9 la fin de son CDI, il ne va toutefois pas quitter la pr\u00e9sentation de <strong>\u00ab\u00a0Questions pour un champion\u00a0\u00bb<\/strong>. Pour rappel, Samuel \u00c9tienne se trouve <a href=\"https:\/\/vsd.fr\/12930-videos-qui-est-samuel-etienne-la-nouvelle-figure-de-questions-pour-un-champion\/\" target=\"_blank\" rel=\"noopener\">\u00e0 la t\u00eate du jeu embl\u00e9matique<\/a> de France 3 depuis 2016, apr\u00e8s avoir succ\u00e9d\u00e9 <a href=\"https:\/\/www.public.fr\/diaporamas\/julien-lepers-leve-le-voile-sur-son-enorme-salaire-sur-france-3\" target=\"_blank\" rel=\"noopener\">\u00e0 Julien Lepers.\u00a0<\/a><\/p>\n<p>En parall\u00e8le, il fait \u00e9galement du streaming sur Twitch et participe r\u00e9guli\u00e8rement \u00e0 des \u00e9v\u00e9nements en lien avec le gaming. Nous avons par exemple pu le retrouver en 2024, et il partage r\u00e9guli\u00e8rement ses parties sur Valorant, un jeu dans lequel il excelle.<\/p>\n<p>Un \u00ab\u00a0coming-out\u00a0\u00bb pour Samuel \u00c9tienne<\/p>\n<p>Sous peu, nous devrions donc pouvoir le retrouver plus souvent en stream comme l\u2019a annonc\u00e9 le principal int\u00e9ress\u00e9 dans l\u2019\u00e9mission Ma vie pro diffus\u00e9e le mercredi 16 avril sur Twitch. <\/p>\n<p>\u00ab\u00a0<strong>Je fais mon coming-out, puisque je n&rsquo;en ai jamais parl\u00e9.<\/strong> Moi, j\u2019ai \u00e9t\u00e9 en CDI toute ma vie. Et en fait, avec France T\u00e9l\u00e9visions, comme mon activit\u00e9 de cr\u00e9ateur de contenu devenait de plus en plus importante\u2026 <strong>il y a quelques jours, j\u2019ai pris ma libert\u00e9<\/strong>\u00ab\u00a0, a-t-il confi\u00e9 dans un premier temps.<\/p>\n<p>Samuel \u00c9tienne a annonc\u00e9 avoir trouv\u00e9 une solution avec France T\u00e9l\u00e9visions pour pouvoir joindre les deux bouts. \u00ab\u00a0Jusque-l\u00e0, j\u2019\u00e9tais toujours salari\u00e9 de France T\u00e9l\u00e9visions depuis 17 ans (&#8230;) <strong>Maintenant, je facture ma prestation \u00e0 la soci\u00e9t\u00e9 de production, qui est Fremantle<\/strong>, comme je le fais pour mes autres activit\u00e9s\u00a0\u00bb, a-t-il d\u00e9taill\u00e9.<\/p>\n<p>Il va pouvoir se concentrer davantage sur ses activit\u00e9s de streaming<\/p>\n<p>De fait, en n\u00e9gociant ce contrat, Samuel \u00c9tienne se retrouve libre de s\u2019adonner \u00e0 ses autres activit\u00e9s, en dehors de ses engagements \u00e0 la t\u00e9l\u00e9vision. <\/p>\n<p>\u00ab\u00a0Pour la premi\u00e8re fois depuis 30 ans quasiment, je ne suis plus en CDI\u00a0\u00bb, a-t-il tenu \u00e0 noter, avant d\u2019ajouter : \u00ab\u00a0<strong>C\u2019est un scoop puisque je n\u2019en ai parl\u00e9 nulle part<\/strong>. J\u2019avais pas pr\u00e9vu d\u2019en parler d\u2019ailleurs\u00a0\u00bb.<\/p>\n<p>Une nouvelle vie qui d\u00e9marre pour le pr\u00e9sentateur de <strong>\u00ab\u00a0Questions pour un champion\u00a0\u00bb<\/strong>. De quoi lui laisser plus de temps pour s\u2019am\u00e9liorer sur Valorant, et devenir le champion incontestable du\u00a0jeu vid\u00e9o\u00a0free-to-play\u00a0de\u00a0tir \u00e0 la premi\u00e8re personne en\u00a0multijoueur.<\/p>\n<p>      Mentionn\u00e9s dans cet article<\/p>\n<p>\u00c0 lire aussi<\/p>\n","protected":false},"excerpt":{"rendered":"R\u00e9sum\u00e9 Samuel \u00c9tienne annonce qu&rsquo;il quitte son CDI apr\u00e8s 30 ans pour se consacrer \u00e0 ses activit\u00e9s de&hellip;\n","protected":false},"author":2,"featured_media":32927,"comment_status":"","ping_status":"","sticky":false,"template":"","format":"standard","meta":{"footnotes":""},"categories":[8],"tags":[58,59,1011,27,11011,11012,11013,128,1749],"class_list":{"0":"post-32926","1":"post","2":"type-post","3":"status-publish","4":"format-standard","5":"has-post-thumbnail","7":"category-divertissement","8":"tag-divertissement","9":"tag-entertainment","10":"tag-fr","11":"tag-france","12":"tag-julien-lepers","13":"tag-questions-pour-un-champion","14":"tag-samuel-etienne","15":"tag-streaming","16":"tag-twitch"},"share_on_mastodon":{"url":"https:\/\/pubeurope.com\/@fr\/114356532313647594","error":""},"_links":{"self":[{"href":"https:\/\/www.europesays.com\/fr\/wp-json\/wp\/v2\/posts\/32926","targetHints":{"allow":["GET"]}}],"collection":[{"href":"https:\/\/www.europesays.com\/fr\/wp-json\/wp\/v2\/posts"}],"about":[{"href":"https:\/\/www.europesays.com\/fr\/wp-json\/wp\/v2\/types\/post"}],"author":[{"embeddable":true,"href":"https:\/\/www.europesays.com\/fr\/wp-json\/wp\/v2\/users\/2"}],"replies":[{"embeddable":true,"href":"https:\/\/www.europesays.com\/fr\/wp-json\/wp\/v2\/comments?post=32926"}],"version-history":[{"count":0,"href":"https:\/\/www.europesays.com\/fr\/wp-json\/wp\/v2\/posts\/32926\/revisions"}],"wp:featuredmedia":[{"embeddable":true,"href":"https:\/\/www.europesays.com\/fr\/wp-json\/wp\/v2\/media\/32927"}],"wp:attachment":[{"href":"https:\/\/www.europesays.com\/fr\/wp-json\/wp\/v2\/media?parent=32926"}],"wp:term":[{"taxonomy":"category","embeddable":true,"href":"https:\/\/www.europesays.com\/fr\/wp-json\/wp\/v2\/categories?post=32926"},{"taxonomy":"post_tag","embeddable":true,"href":"https:\/\/www.europesays.com\/fr\/wp-json\/wp\/v2\/tags?post=32926"}],"curies":[{"name":"wp","href":"https:\/\/api.w.org\/{rel}","templated":true}]}}