{"id":329261,"date":"2025-08-19T12:05:17","date_gmt":"2025-08-19T12:05:17","guid":{"rendered":"https:\/\/www.europesays.com\/fr\/329261\/"},"modified":"2025-08-19T12:05:17","modified_gmt":"2025-08-19T12:05:17","slug":"racing-brondby-if-le-diffuseur-connu-alsasports","status":"publish","type":"post","link":"https:\/\/www.europesays.com\/fr\/329261\/","title":{"rendered":"Racing &#8211; Brondby IF : Le diffuseur connu ! \u2014 Alsa&rsquo;Sports"},"content":{"rendered":"<p><strong>Le barrage de Ligue Conf\u00e9rence du Racing Club de Strasbourg contre Br\u00f8ndby IF (DEN) sera diffus\u00e9 sur les cha\u00eenes Youtube et Twitch de RMC Sports. En attendant peut-\u00eatre que BFM Alsace soit \u00e9galement de la partie.<\/strong><\/p>\n<p>L\u2019identit\u00e9 des diffuseurs a tra\u00een\u00e9, mais on commence \u00e0 y voir plus clair. Le barrage de Ligue Conf\u00e9rence du Racing Club de Strasbourg face \u00e0 Br\u00f8ndby IF (DEN) les 21 et 28 ao\u00fbt, sera diffus\u00e9 sur les cha\u00eenes Youtube et Twitch de RMC Sports. Et ne sera pas retransmis sur Canal +, dont le contrat de diffusion des coupes europ\u00e9ennes ne comprend que les barrages de Ligue des champions. BFM Alsace a des chances de rejoindre le dispositif pour diffuser \u00e9galement la rencontre, mais la d\u00e9cision n\u2019est pas encore officiellement prise, nous fait-on savoir en interne. <\/p>\n","protected":false},"excerpt":{"rendered":"Le barrage de Ligue Conf\u00e9rence du Racing Club de Strasbourg contre Br\u00f8ndby IF (DEN) sera diffus\u00e9 sur les&hellip;\n","protected":false},"author":2,"featured_media":329262,"comment_status":"","ping_status":"","sticky":false,"template":"","format":"standard","meta":{"footnotes":""},"categories":[2820],"tags":[1111,11,1777,674,63,1011,27,775,12,4448,25,640],"class_list":{"0":"post-329261","1":"post","2":"type-post","3":"status-publish","4":"format-standard","5":"has-post-thumbnail","7":"category-strasbourg","8":"tag-actu","9":"tag-actualites","10":"tag-eu","11":"tag-europe","12":"tag-football","13":"tag-fr","14":"tag-france","15":"tag-grand-est","16":"tag-news","17":"tag-rc-strasbourg","18":"tag-republique-francaise","19":"tag-strasbourg"},"share_on_mastodon":{"url":"https:\/\/pubeurope.com\/@fr\/115055343812156632","error":""},"_links":{"self":[{"href":"https:\/\/www.europesays.com\/fr\/wp-json\/wp\/v2\/posts\/329261","targetHints":{"allow":["GET"]}}],"collection":[{"href":"https:\/\/www.europesays.com\/fr\/wp-json\/wp\/v2\/posts"}],"about":[{"href":"https:\/\/www.europesays.com\/fr\/wp-json\/wp\/v2\/types\/post"}],"author":[{"embeddable":true,"href":"https:\/\/www.europesays.com\/fr\/wp-json\/wp\/v2\/users\/2"}],"replies":[{"embeddable":true,"href":"https:\/\/www.europesays.com\/fr\/wp-json\/wp\/v2\/comments?post=329261"}],"version-history":[{"count":0,"href":"https:\/\/www.europesays.com\/fr\/wp-json\/wp\/v2\/posts\/329261\/revisions"}],"wp:featuredmedia":[{"embeddable":true,"href":"https:\/\/www.europesays.com\/fr\/wp-json\/wp\/v2\/media\/329262"}],"wp:attachment":[{"href":"https:\/\/www.europesays.com\/fr\/wp-json\/wp\/v2\/media?parent=329261"}],"wp:term":[{"taxonomy":"category","embeddable":true,"href":"https:\/\/www.europesays.com\/fr\/wp-json\/wp\/v2\/categories?post=329261"},{"taxonomy":"post_tag","embeddable":true,"href":"https:\/\/www.europesays.com\/fr\/wp-json\/wp\/v2\/tags?post=329261"}],"curies":[{"name":"wp","href":"https:\/\/api.w.org\/{rel}","templated":true}]}}