{"id":329265,"date":"2025-08-19T12:10:14","date_gmt":"2025-08-19T12:10:14","guid":{"rendered":"https:\/\/www.europesays.com\/fr\/329265\/"},"modified":"2025-08-19T12:10:14","modified_gmt":"2025-08-19T12:10:14","slug":"enquete-ouverte-a-nice-apres-la-mort-en-direct-dun-streamer-humilie-depuis-des-mois","status":"publish","type":"post","link":"https:\/\/www.europesays.com\/fr\/329265\/","title":{"rendered":"Enqu\u00eate ouverte \u00e0 Nice apr\u00e8s la mort en direct d&rsquo;un \u00ab\u00a0streamer\u00a0\u00bb humili\u00e9 depuis des mois"},"content":{"rendered":"<p>Le parquet de Nice a indiqu\u00e9 mardi avoir ouvert une enqu\u00eate suite au d\u00e9c\u00e8s \u00ab\u00a0lors d&rsquo;un live streaming\u00a0\u00bb sur une plateforme vid\u00e9o d&rsquo;un homme de 46 ans, protagoniste de vid\u00e9os controvers\u00e9es sur lesquelles la ministre du num\u00e9rique a saisi l&rsquo;Arcom.<\/p>\n<p>Rapha\u00ebl Graven, 46 ans, connu en ligne sous les pseudos \u00ab\u00a0Jean Pormanove\u00a0\u00bb ou \u00ab\u00a0JP\u00a0\u00bb, est d\u00e9c\u00e9d\u00e9 lundi \u00e0 Contes, petit village au nord de Nice, a pr\u00e9cis\u00e9 le parquet, confirmant une information de Nice-Matin. Il \u00e9tait connu pour participer \u00e0 des vid\u00e9os le montrant subissant violences et autres humiliations, notamment de deux partenaires connus sous les pseudos de \u00ab\u00a0Narutovie\u00a0\u00bb et \u00ab\u00a0Safine\u00a0\u00bb.<\/p>\n<p>Le parquet a indiqu\u00e9 avoir ouvert une enqu\u00eate en \u00ab\u00a0recherche des causes de la mort\u00a0\u00bb et ordonn\u00e9 une autopsie.<\/p>\n<p>Les investigations ont \u00e9t\u00e9 confi\u00e9es \u00e0 la police judiciaire de Nice, d\u00e9j\u00e0 saisie depuis d\u00e9cembre 2024 d&rsquo;une enqu\u00eate notamment pour \u00ab\u00a0violences volontaires en r\u00e9union sur personnes vuln\u00e9rables (&#8230;) et diffusion d&rsquo;enregistrement d&rsquo;images relatives \u00e0 la commission d&rsquo;infractions d&rsquo;atteintes volontaires \u00e0 l&rsquo;int\u00e9grit\u00e9 de la personne\u00a0\u00bb, suite \u00e0 un article de M\u00e9diapart r\u00e9v\u00e9lant l&rsquo;existence de ces vid\u00e9os, suivies par des milliers de personnes, notamment sur la plateforme australienne de diffusion en direct Kick.<\/p>\n<p>Une vid\u00e9o diffus\u00e9e en live lundi sur Kick, et largement partag\u00e9e depuis, montrerait, selon des internautes, les moments juste avant son d\u00e9c\u00e8s ou la d\u00e9couverte de celui-ci, le montrant inanim\u00e9 sous une couette dans un lit, dans lequel sont \u00e9galement deux autres hommes, dont un jette une petite bouteille d&rsquo;eau en plastique dans sa direction.<\/p>\n<p>Clara Chappaz, ministre d\u00e9l\u00e9gu\u00e9e charg\u00e9e du Num\u00e9rique, a d\u00e9nonc\u00e9 sur le r\u00e9seau X \u00ab\u00a0une horreur absolue\u00a0\u00bb et indiqu\u00e9 avoir \u00ab\u00a0saisi l&rsquo;Arcom et effectu\u00e9 un signalement sur Pharos\u00a0\u00bb, le service de lutte contre la violence en ligne.<\/p>\n<p>\u00ab\u00a0J&rsquo;ai \u00e9galement contact\u00e9 les responsables de la plateforme pour obtenir des explications. La responsabilit\u00e9 des plateformes en ligne sur la diffusion de contenus illicites n\u2019est pas une option : c&rsquo;est la loi\u00a0\u00bb, a-t-elle soulign\u00e9.<\/p>\n<p>Interrog\u00e9e par mail par l&rsquo;AFP sur cette affaire, Kick a r\u00e9pondu \u00ab\u00a0ne pouvoir donner aucune information en raison de notre politique de confidentialit\u00e9\u00a0\u00bb. Dans ses conditions d&rsquo;utilisation, le site souligne que \u00ab\u00a0bien que la violence puisse \u00eatre contextuelle et avoir des cons\u00e9quences variables, nous interdisons tout contenu repr\u00e9sentant ou incitant \u00e0 une violence odieuse\u00a0\u00bb.<\/p>\n<p>Kick est une plateforme australienne, grande concurrente du leader mondial du live streaming Twitch et aux r\u00e8gles de mod\u00e9ration plus rel\u00e2ch\u00e9es.<\/p>\n<p>vxm-so\/alc\/dch <\/p>\n","protected":false},"excerpt":{"rendered":"Le parquet de Nice a indiqu\u00e9 mardi avoir ouvert une enqu\u00eate suite au d\u00e9c\u00e8s \u00ab\u00a0lors d&rsquo;un live streaming\u00a0\u00bb&hellip;\n","protected":false},"author":2,"featured_media":329266,"comment_status":"","ping_status":"","sticky":false,"template":"","format":"standard","meta":{"footnotes":""},"categories":[2819],"tags":[1111,11,46668,1777,674,1011,27,8017,12,2401,882,25],"class_list":{"0":"post-329265","1":"post","2":"type-post","3":"status-publish","4":"format-standard","5":"has-post-thumbnail","7":"category-nice","8":"tag-actu","9":"tag-actualites","10":"tag-direct-kick","11":"tag-eu","12":"tag-europe","13":"tag-fr","14":"tag-france","15":"tag-la-plateforme","16":"tag-news","17":"tag-nice","18":"tag-provence-alpes-cote-dazur","19":"tag-republique-francaise"},"share_on_mastodon":{"url":"https:\/\/pubeurope.com\/@fr\/115055363624298472","error":""},"_links":{"self":[{"href":"https:\/\/www.europesays.com\/fr\/wp-json\/wp\/v2\/posts\/329265","targetHints":{"allow":["GET"]}}],"collection":[{"href":"https:\/\/www.europesays.com\/fr\/wp-json\/wp\/v2\/posts"}],"about":[{"href":"https:\/\/www.europesays.com\/fr\/wp-json\/wp\/v2\/types\/post"}],"author":[{"embeddable":true,"href":"https:\/\/www.europesays.com\/fr\/wp-json\/wp\/v2\/users\/2"}],"replies":[{"embeddable":true,"href":"https:\/\/www.europesays.com\/fr\/wp-json\/wp\/v2\/comments?post=329265"}],"version-history":[{"count":0,"href":"https:\/\/www.europesays.com\/fr\/wp-json\/wp\/v2\/posts\/329265\/revisions"}],"wp:featuredmedia":[{"embeddable":true,"href":"https:\/\/www.europesays.com\/fr\/wp-json\/wp\/v2\/media\/329266"}],"wp:attachment":[{"href":"https:\/\/www.europesays.com\/fr\/wp-json\/wp\/v2\/media?parent=329265"}],"wp:term":[{"taxonomy":"category","embeddable":true,"href":"https:\/\/www.europesays.com\/fr\/wp-json\/wp\/v2\/categories?post=329265"},{"taxonomy":"post_tag","embeddable":true,"href":"https:\/\/www.europesays.com\/fr\/wp-json\/wp\/v2\/tags?post=329265"}],"curies":[{"name":"wp","href":"https:\/\/api.w.org\/{rel}","templated":true}]}}