{"id":329269,"date":"2025-08-19T12:12:16","date_gmt":"2025-08-19T12:12:16","guid":{"rendered":"https:\/\/www.europesays.com\/fr\/329269\/"},"modified":"2025-08-19T12:12:16","modified_gmt":"2025-08-19T12:12:16","slug":"match-ligue-1-se-felicite-de-la-belle-audience-de-nantes-psg","status":"publish","type":"post","link":"https:\/\/www.europesays.com\/fr\/329269\/","title":{"rendered":"Match : Ligue 1+ se f\u00e9licite de la belle audience de Nantes\/PSG"},"content":{"rendered":"<p>Directeur g\u00e9n\u00e9ral de LFP Media, Nicolas de Tavernost s&rsquo;est f\u00e9licit\u00e9 du tr\u00e8s bon d\u00e9marrage de Ligue 1+, qui revendique d\u00e9j\u00e0 plus de 600 000 abonn\u00e9s et a r\u00e9alis\u00e9 une belle audience dimanche soir lors de Nantes\/PSG, qui \u00e9tait diffus\u00e9 en clair.<\/p>\n<p>Le premier week-end de Ligue 1+ s&rsquo;est bien d\u00e9roul\u00e9. Malgr\u00e9 quelques bugs, notamment l&rsquo;absence d&rsquo;avant et d&rsquo;apr\u00e8s-match via Amazon vendredi lors de Rennes-OM, les premiers pas de la nouvelle cha\u00eene lanc\u00e9e par la LFP se sont bien pass\u00e9es avec plusieurs sc\u00e8nes immersives appr\u00e9ciables et des consultants et journalistes de qualit\u00e9 dans l&rsquo;ensemble.<\/p>\n<p>Le match Nantes\/PSG de dimanche soir, ainsi que l&rsquo;avant-match, \u00e9taient propos\u00e9s en clair par Ligue 1+ et cela a \u00e9t\u00e9 une r\u00e9ussite en terme d&rsquo;audience. L\u00e0 o\u00f9 DAZN n&rsquo;a jamais communiqu\u00e9 ses audiences de Ligue 1 la saison pass\u00e9e,\u00a0Nicolas de Tavernost, le directeur g\u00e9n\u00e9ral de LFP Media, a annonc\u00e9 dans l&rsquo;After Foot lundi soir que <strong>pr\u00e8s d&rsquo;un million de personnes avaient suivi Nantes\/PSG<\/strong>.<\/p>\n<p>D\u00e9j\u00e0 plus de 600 000 abonn\u00e9s pour Ligue 1+<\/p>\n<p>Une belle audience donc puisque dans le m\u00eame temps, De Tavernost a annonc\u00e9 que <strong>plus de 600 000 personnes s&rsquo;\u00e9taient d\u00e9j\u00e0 abonn\u00e9es \u00e0 Ligue 1+<\/strong>. Autrement dit, de nombreuses personnes ont regard\u00e9 Nantes\/PSG en clair sans s&rsquo;abonner pour le moment, mais pourraient le faire dans les prochaines semaines.<\/p>\n<\/p>\n<p>Si vous n&rsquo;\u00eates pas abonn\u00e9 \u00e0 Ligue 1+, <a href=\"https:\/\/dazn.prf.hn\/click\/camref:1101l3UEeU\" rel=\"nofollow noopener\" target=\"_blank\"><strong>vous pouvez d&rsquo;ailleurs le faire notamment via DAZN<\/strong><\/a>, qui propose jusqu&rsquo;au 31 ao\u00fbt u<strong>n abonnement \u00e0 9,99 euros par mois (pour les trois premiers mois), puis 14,99 euros ensuite<\/strong>. Une offre qui a l&rsquo;avantage de comprendre Ligue 1+, mais aussi le football italien, le championnat belge, le championnat n\u00e9erlandais, du golf, du MMA et depuis peu le football saoudien.<\/p>\n<p>De Tavernost r\u00e9pond aux critiques sur le PSG<\/p>\n<p>Alors que les clubs ont jou\u00e9 le jeu lors de la premi\u00e8re journ\u00e9e en donnant de nombreux acc\u00e8s \u00e0 Ligue 1+, certains observateurs ont critiqu\u00e9 le PSG, l&rsquo;accusant d&rsquo;avoir \u00e9t\u00e9 moins ouvert\u00a0que ses concurrents en raison de sa relation avec beIN Sports, qui diffuse un match de Ligue 1 par journ\u00e9e. Des critiques non partag\u00e9es par\u00a0De Tavernost.<\/p>\n<p>\u00ab J&rsquo;ai vu le PSG \u00e0 Nantes, ils ont fait des choses qu&rsquo;on leur a demand\u00e9, c&rsquo;\u00e9tait convivial, a r\u00e9pondu le dirigeant de LFP Media dans l&rsquo;After Foot. D&rsquo;autre part, c\u2019est vrai qu\u2019ils ont un statut, ils arrivent, le nombre de comp\u00e9tition, etc\u2026 donc ils font tr\u00e8s attention au sportif. Donc c\u2019est normal qu\u2019ils fassent attention, apr\u00e8s, c&rsquo;est \u00e0 nous de les convaincre et je pense qu&rsquo;ils nous observent aussi, en se disant : &lsquo;Est-ce que \u00e7a va marcher ou pas ?&rsquo;, &lsquo;Est-ce que les fans et les supporters sont contents de cette cha\u00eene ou pas?&rsquo; C\u2019est-\u00e0-dire que c\u2019est un peu comme tout le monde. Si \u00e7a avait \u00e9t\u00e9 un \u00e9chec, personne ne nous aurait suivi. Maintenant que c\u2019est un succ\u00e8s, on peut dire que c\u2019est un succ\u00e8s, en tout cas le d\u00e9marrage, on va avoir beaucoup d&rsquo;adh\u00e9sion, je le souhaite, dont celle du PSG. \u00bb<\/p>\n<p>A noter que le PSG a envoy\u00e9 Luis Enrique s&rsquo;exprimer au micro de Ligue 1+ apr\u00e8s la victoire \u00e0 Nantes, ainsi que Vitinha, sa nouvelle recrue Illya Zabarnyi et Lucas Hernandez. Pas mal pour un club qui ne joue pas le jeu, non ?<\/p>\n","protected":false},"excerpt":{"rendered":"Directeur g\u00e9n\u00e9ral de LFP Media, Nicolas de Tavernost s&rsquo;est f\u00e9licit\u00e9 du tr\u00e8s bon d\u00e9marrage de Ligue 1+, qui&hellip;\n","protected":false},"author":2,"featured_media":329270,"comment_status":"","ping_status":"","sticky":false,"template":"","format":"standard","meta":{"footnotes":""},"categories":[2818],"tags":[1111,11,1777,674,1011,27,766,12,2636,25],"class_list":{"0":"post-329269","1":"post","2":"type-post","3":"status-publish","4":"format-standard","5":"has-post-thumbnail","7":"category-nantes","8":"tag-actu","9":"tag-actualites","10":"tag-eu","11":"tag-europe","12":"tag-fr","13":"tag-france","14":"tag-nantes","15":"tag-news","16":"tag-pays-de-la-loire","17":"tag-republique-francaise"},"share_on_mastodon":{"url":"https:\/\/pubeurope.com\/@fr\/115055371493556791","error":""},"_links":{"self":[{"href":"https:\/\/www.europesays.com\/fr\/wp-json\/wp\/v2\/posts\/329269","targetHints":{"allow":["GET"]}}],"collection":[{"href":"https:\/\/www.europesays.com\/fr\/wp-json\/wp\/v2\/posts"}],"about":[{"href":"https:\/\/www.europesays.com\/fr\/wp-json\/wp\/v2\/types\/post"}],"author":[{"embeddable":true,"href":"https:\/\/www.europesays.com\/fr\/wp-json\/wp\/v2\/users\/2"}],"replies":[{"embeddable":true,"href":"https:\/\/www.europesays.com\/fr\/wp-json\/wp\/v2\/comments?post=329269"}],"version-history":[{"count":0,"href":"https:\/\/www.europesays.com\/fr\/wp-json\/wp\/v2\/posts\/329269\/revisions"}],"wp:featuredmedia":[{"embeddable":true,"href":"https:\/\/www.europesays.com\/fr\/wp-json\/wp\/v2\/media\/329270"}],"wp:attachment":[{"href":"https:\/\/www.europesays.com\/fr\/wp-json\/wp\/v2\/media?parent=329269"}],"wp:term":[{"taxonomy":"category","embeddable":true,"href":"https:\/\/www.europesays.com\/fr\/wp-json\/wp\/v2\/categories?post=329269"},{"taxonomy":"post_tag","embeddable":true,"href":"https:\/\/www.europesays.com\/fr\/wp-json\/wp\/v2\/tags?post=329269"}],"curies":[{"name":"wp","href":"https:\/\/api.w.org\/{rel}","templated":true}]}}