{"id":329273,"date":"2025-08-19T12:14:19","date_gmt":"2025-08-19T12:14:19","guid":{"rendered":"https:\/\/www.europesays.com\/fr\/329273\/"},"modified":"2025-08-19T12:14:19","modified_gmt":"2025-08-19T12:14:19","slug":"4padel-bordeaux-lance-sa-rentree-avec-un-p1000","status":"publish","type":"post","link":"https:\/\/www.europesays.com\/fr\/329273\/","title":{"rendered":"4PADEL Bordeaux lance sa rentr\u00e9e avec un P1000 !"},"content":{"rendered":"<p>Le padel fera sa rentr\u00e9e \u00e0 Bordeaux. Du <strong>5 au 7 septembre<\/strong>, le club <strong>4PADEL Bordeaux<\/strong> accueillera un <strong>tournoi P1000 messieurs<\/strong>, l\u2019un des rendez-vous majeurs du calendrier r\u00e9gional.<\/p>\n<p>Un programme sur trois jours<\/p>\n<p>La comp\u00e9tition d\u00e9butera vendredi apr\u00e8s-midi avec les qualifications, qui permettront aux joueurs issus des pr\u00e9-inscriptions de d\u00e9crocher une place dans le tableau principal. Samedi, les t\u00eates de s\u00e9rie entreront en lice d\u00e8s 9 heures pour une journ\u00e9e charg\u00e9e en rencontres. Dimanche, place au d\u00e9nouement avec les demi-finales programm\u00e9es le matin et une finale attendue \u00e0 14 heures.<\/p>\n<p>Un tournoi ouvert et accessible<\/p>\n<p>Les inscriptions sont d\u00e9j\u00e0 ouvertes pour les comp\u00e9titeurs souhaitant tenter leur chance. Il suffit de contacter le club par mail (<strong><a>bordeaux@4padel.fr<\/a><\/strong>). Avec ses infrastructures modernes et son exp\u00e9rience dans l\u2019organisation d\u2019\u00e9v\u00e9nements, le 4PADEL Bordeaux propose un cadre propice \u00e0 la performance.<\/p>\n<p><img title=\"4PADEL Bordeaux lance sa rentr\u00e9e avec un P1000 ! | Padel Magazine\" loading=\"lazy\" decoding=\"async\" width=\"910\" height=\"1024\" src=\"https:\/\/www.europesays.com\/fr\/wp-content\/uploads\/2025\/08\/4P_Bdx_P1000_FB-Copie-910x1024.jpg\" alt=\"4PADEL Bordeaux lance sa rentr\u00e9e avec un P1000 !\" class=\"wp-image-266445\"  \/>Pour le public, entr\u00e9e libre<\/p>\n<p>Les amateurs de padel comme les curieux pourront assister gratuitement aux matchs tout au long du week-end. L\u2019organisation met en avant une ambiance conviviale, renforc\u00e9e par une soir\u00e9e festive pr\u00e9vue samedi soir au club.<\/p>\n<p>Entre confirmations des favoris et possibles surprises venues des qualifications, ce P1000 de rentr\u00e9e s\u2019annonce relev\u00e9.<\/p>\n<\/p>\n<\/p>\n<p><img loading=\"lazy\" decoding=\"async\" data-del=\"avatar\" alt=\"Franck Binisti\" src=\"https:\/\/www.europesays.com\/fr\/wp-content\/uploads\/2025\/04\/Franck-Binisti-Padel-100x100.jpg\" class=\"avatar pp-user-avatar avatar-100 photo \" height=\"100\" width=\"100\"\/><\/p>\n<p>Franck Binisti d\u00e9couvre le padel au Club des Pyramides en 2009 en r\u00e9gion parisienne. Depuis, le padel fait partie de sa vie. Vous le voyez souvent faire le tour de France en allant couvrir les grands \u00e9v\u00e9nements de padel fran\u00e7ais.<\/p>\n<p class=\"related-title\">Sur le m\u00eame sujet<\/p>\n","protected":false},"excerpt":{"rendered":"Le padel fera sa rentr\u00e9e \u00e0 Bordeaux. Du 5 au 7 septembre, le club 4PADEL Bordeaux accueillera un&hellip;\n","protected":false},"author":2,"featured_media":329274,"comment_status":"","ping_status":"","sticky":false,"template":"","format":"standard","meta":{"footnotes":""},"categories":[2817],"tags":[32568,1111,11,1997,1777,674,1011,27,12,2219,15168,25],"class_list":{"0":"post-329273","1":"post","2":"type-post","3":"status-publish","4":"format-standard","5":"has-post-thumbnail","7":"category-bordeaux","8":"tag-4padel-bordeaux","9":"tag-actu","10":"tag-actualites","11":"tag-bordeaux","12":"tag-eu","13":"tag-europe","14":"tag-fr","15":"tag-france","16":"tag-news","17":"tag-nouvelle-aquitaine","18":"tag-p1000","19":"tag-republique-francaise"},"share_on_mastodon":{"url":"https:\/\/pubeurope.com\/@fr\/115055380125378632","error":""},"_links":{"self":[{"href":"https:\/\/www.europesays.com\/fr\/wp-json\/wp\/v2\/posts\/329273","targetHints":{"allow":["GET"]}}],"collection":[{"href":"https:\/\/www.europesays.com\/fr\/wp-json\/wp\/v2\/posts"}],"about":[{"href":"https:\/\/www.europesays.com\/fr\/wp-json\/wp\/v2\/types\/post"}],"author":[{"embeddable":true,"href":"https:\/\/www.europesays.com\/fr\/wp-json\/wp\/v2\/users\/2"}],"replies":[{"embeddable":true,"href":"https:\/\/www.europesays.com\/fr\/wp-json\/wp\/v2\/comments?post=329273"}],"version-history":[{"count":0,"href":"https:\/\/www.europesays.com\/fr\/wp-json\/wp\/v2\/posts\/329273\/revisions"}],"wp:featuredmedia":[{"embeddable":true,"href":"https:\/\/www.europesays.com\/fr\/wp-json\/wp\/v2\/media\/329274"}],"wp:attachment":[{"href":"https:\/\/www.europesays.com\/fr\/wp-json\/wp\/v2\/media?parent=329273"}],"wp:term":[{"taxonomy":"category","embeddable":true,"href":"https:\/\/www.europesays.com\/fr\/wp-json\/wp\/v2\/categories?post=329273"},{"taxonomy":"post_tag","embeddable":true,"href":"https:\/\/www.europesays.com\/fr\/wp-json\/wp\/v2\/tags?post=329273"}],"curies":[{"name":"wp","href":"https:\/\/api.w.org\/{rel}","templated":true}]}}