{"id":329287,"date":"2025-08-19T12:25:12","date_gmt":"2025-08-19T12:25:12","guid":{"rendered":"https:\/\/www.europesays.com\/fr\/329287\/"},"modified":"2025-08-19T12:25:12","modified_gmt":"2025-08-19T12:25:12","slug":"une-canicule-de-onze-jours-15-records-absolus-de-temperatures-visualisez-lintensite-de-la-vague-de-chaleur-qui-a-touche-la-france","status":"publish","type":"post","link":"https:\/\/www.europesays.com\/fr\/329287\/","title":{"rendered":"Une canicule de onze jours, 15 records absolus de temp\u00e9ratures&#8230; Visualisez l&rsquo;intensit\u00e9 de la vague de chaleur qui a touch\u00e9 la France"},"content":{"rendered":"\n<p class=\"c-chapo \">\n  La s\u00e9quence \u00e9touffante que vient de vivre le pays a frapp\u00e9 des r\u00e9gions souvent \u00e9pargn\u00e9es, comme la Bretagne. Un pic a \u00e9t\u00e9 atteint le 12 ao\u00fbt, avec 14 d\u00e9partements en vigilance rouge,\u00a0et 64 en orange.\n<\/p>\n<p>            lire plus tard<\/p>\n<p id=\"dialog__title\" class=\"dialog__title\">Pour sauvegarder cet article, connectez-vous ou cr\u00e9ez un compte franceinfo<\/p>\n<p class=\"dialog__description\">Sans paiement. Sans abonnement.<\/p>\n<p>        Fermer la fen\u00eatre d\u2019activation des notifications France Info<\/p>\n<p>            cr\u00e9er votre compte<\/p>\n<p>            se connecter<\/p>\n<p>        Fermer la fen\u00eatre de pr\u00e9sentation<\/p>\n<p>    <img decoding=\"async\" class=\"signature__image\" width=\"44\" height=\"44\"  alt=\"\" src=\"https:\/\/www.franceinfo.fr\/assets\/common\/images\/galaxie-icons\/avatar-e7320e16.svg\" fetchpriority=\"high\"\/><\/p>\n<p>    Publi\u00e9 le 19\/08\/2025 12:58<\/p>\n<p>        Temps de lecture : 4min<\/p>\n<p>    <img decoding=\"async\"  alt=\"Un homme tente de se rafra\u00eechir \u00e0 Albi, dans le Tarn, le 12 ao\u00fbt 2025. (ADNAN FARZAT \/ NURPHOTO \/ AFP)\" width=\"432\" height=\"243\" src=\"https:\/\/www.europesays.com\/fr\/wp-content\/uploads\/2025\/08\/075-farzat-notitle250812-np1lt-1-68a325f416883391280077.jpg\" fetchpriority=\"high\"\/><\/p>\n<p>      Un homme tente de se rafra\u00eechir \u00e0 Albi, dans le Tarn, le 12 ao\u00fbt 2025. (ADNAN FARZAT \/ NURPHOTO \/ AFP)<\/p>\n<p>Plus <a href=\"https:\/\/www.franceinfo.fr\/environnement\/evenements-meteorologiques-extremes\/vagues-de-chaleur-canicules\/apres-un-episode-caniculaire-de-onze-jours-il-n-y-a-plus-aucun-departement-en-vigilance-orange_7442824.html\" rel=\"nofollow noopener\" target=\"_blank\">aucun d\u00e9partement n&rsquo;est en vigilance orange ou rouge <\/a><a href=\"https:\/\/www.franceinfo.fr\/environnement\/evenements-meteorologiques-extremes\/vagues-de-chaleur-canicules\/apres-un-episode-caniculaire-de-onze-jours-il-n-y-a-plus-aucun-departement-en-vigilance-orange_7442824.html\" rel=\"nofollow noopener\" target=\"_blank\">\u00ab\u00a0canicule\u00a0\u00bb<\/a>, mardi 19 ao\u00fbt. Les temp\u00e9ratures baissent et <a href=\"https:\/\/www.franceinfo.fr\/environnement\/meteo\/le-gard-l-herault-et-la-lozere-places-en-vigilance-orange-pluie-inondation-et-orages-mardi-apres-midi_7443013.html\" rel=\"nofollow noopener\" target=\"_blank\">des orages s&rsquo;annoncent sur le sud du pays<\/a>. Arriv\u00e9e par le quart sud-ouest, la vague de chaleur, qui a d\u00e9but\u00e9 vendredi 8 ao\u00fbt, a marqu\u00e9 les esprits tant par sa dur\u00e9e que par son intensit\u00e9. Pendant plusieurs jours d&rsquo;affil\u00e9e, le mercure est mont\u00e9 \u00e0 plus de 40\u00b0C dans plus de 260 stations m\u00e9t\u00e9o. Seule la Normandie a \u00e9t\u00e9 \u00e9pargn\u00e9e. Franceinfo dresse le bilan de cette deuxi\u00e8me vague de chaleur de l&rsquo;\u00e9t\u00e9 en trois graphiques.<\/p>\n<p>1 Parmi les dix vagues de chaleur les plus intenses<\/p>\n<p>Cette s\u00e9quence \u00e9touffante de onze jours se classe parmi les dix les plus intenses que les Fran\u00e7ais aient connues depuis 1947. Elle reste cependant \u00ab\u00a0un cran en dessous\u00a0\u00bb de celle qui a dur\u00e9 seize jours et fait pr\u00e8s de 15\u00a0000 morts en 2003, explique Christine Berne, climatologue chez M\u00e9t\u00e9o-France. D&rsquo;apr\u00e8s les premi\u00e8res estimations, la temp\u00e9rature moyenne maximale de la r\u00e9cente canicule tourne \u00ab\u00a0autour de 27,5\u00b0C\u00a0\u00bb, contre 29,35\u00b0C il y a 22 ans.<\/p>\n<p>Elle s&rsquo;av\u00e8re aussi moins dure que la <a href=\"https:\/\/www.franceinfo.fr\/environnement\/evenements-meteorologiques-extremes\/vagues-de-chaleur-canicules\/canicule-visualisez-l-intensite-de-la-vague-de-chaleur-historique-qui-touche-l-hexagone_7353075.html\" rel=\"nofollow noopener\" target=\"_blank\">premi\u00e8re vague de chaleur de l&rsquo;\u00e9t\u00e9 2025<\/a> qui a touch\u00e9 l&rsquo;Hexagone et la Corse du 19 juin au 4 juillet (28,2\u00b0C). \u00ab\u00a0On sera un tout petit peu plus bas en intensit\u00e9 et un peu plus court\u00a0\u00bb, confirme Christine Berne.<\/p>\n<p>2 Jusqu&rsquo;\u00e0 78 d\u00e9partements en vigilance rouge ou orange<\/p>\n<p>Au fil des jours, le nombre de d\u00e9partements touch\u00e9s n&rsquo;a cess\u00e9 d&rsquo;augmenter. Un pic a \u00e9t\u00e9 atteint le 12 ao\u00fbt, avec 14 d\u00e9partements<b> <\/b>en vigilance rouge \u00ab\u00a0canicule\u00a0\u00bb,\u00a0et 64 en orange, selon le bulletin diffus\u00e9 par <a href=\"https:\/\/storage.gra.cloud.ovh.net\/v1\/AUTH_555bdc85997f4552914346d4550c421e\/gra-vigi6-archive_public\/2025\/08\/12\/040044\/CARTE_NATIONAL_J_J1.pdf\" target=\"_blank\" rel=\"noopener nofollow\">M\u00e9t\u00e9o-France<\/a> \u00e0 6 heures du matin. Les d\u00e9partements du sud-ouest sont rest\u00e9s en vigilance rouge pendant deux jours. M\u00eame la Bretagne, souvent <a href=\"https:\/\/www.franceinfo.fr\/replay-radio\/le-choix-franceinfo\/reportage-pas-de-canicule-et-un-budget-plus-modere-la-bretagne-profite-des-touristes-qui-fuient-la-chaleur_7378324.html\" rel=\"nofollow noopener\" target=\"_blank\">\u00e9pargn\u00e9e par ces chaleurs extr\u00eames<\/a>, a \u00e9t\u00e9 concern\u00e9e durant cette p\u00e9riode. Le Finist\u00e8re et le Morbihan sont rest\u00e9s en vigilance orange deux jours, les 16 et 17 ao\u00fbt. Seule la Normandie a \u00e9chapp\u00e9 \u00e0 cette vague de chaleur.<\/p>\n<p>Les fortes chaleurs \u00e9tendues sur l&rsquo;ensemble du territoire ont m\u00eame pouss\u00e9 la SNCF \u00e0 <a href=\"https:\/\/france3-regions.franceinfo.fr\/occitanie\/haute-garonne\/toulouse\/pourquoi-la-sncf-annule-de-nouveaux-trains-en-pleine-canicule-les-3-infos-a-savoir-3201474.html\" rel=\"nofollow noopener\" target=\"_blank\">annuler certains voyages<\/a>. Ces mauvaises surprises pour les passagers concernaient les trajets sur les lignes Bordeaux-Marseille, Paris-Clermont Ferrand et Paris-Toulouse. Des annulations pr\u00e9ventives, faute de climatisation assez efficace \u00e0 bord des trains Corail qui circulent sur ces lignes.<\/p>\n<p>3 Quinze records absolus de temp\u00e9ratures battus<\/p>\n<p>Plusieurs villes ont vu les thermom\u00e8tres s&#8217;emballer et de plusieurs records de chaleur ont \u00e9t\u00e9 battus. Dans 15 stations, il s&rsquo;agit d&rsquo;un pic jamais atteint depuis le d\u00e9but des mesures. A Angoul\u00eame (Charente) ou \u00e0 Saint-Emilion (Gironde), les r\u00e9f\u00e9rences pr\u00e9c\u00e9dentes dataient de la canicule de 2003. La commune de Romans-sur-Is\u00e8re (Dr\u00f4me) a battu deux fois en soixante-douze heures son record, avec 41,5\u00b0C le 9 ao\u00fbt et 42,6\u00b0C trois jours plus tard.<\/p>\n<p>Dans d&rsquo;autres communes, jamais un mois d&rsquo;ao\u00fbt n&rsquo;avait aussi caniculaire. N\u00eemes (Gard) a \u00e9t\u00e9 expos\u00e9e \u00e0 40,9\u00b0C le 10 ao\u00fbt. A la m\u00eame date, \u00e0 P\u00e9zenas (H\u00e9rault), le mercure a grimp\u00e9 jusqu&rsquo;\u00e0 41,4\u00b0C.<\/p>\n<p>Depuis le XIXe si\u00e8cle, la temp\u00e9rature moyenne de la Terre\u00a0<a href=\"https:\/\/www.francetvinfo.fr\/meteo\/climat\/infographies-climat-fait-il-chaud-ou-froid-pour-la-saison-comparez-la-meteo-du-jour-a-l-historique-des-temperatures-des-dernieres-decennies_5703086.html\" target=\"_blank\" rel=\"noopener nofollow\">s&rsquo;est r\u00e9chauff\u00e9e de 1,1\u00b0C(Nouvelle fen\u00eatre)<\/a>. Les scientifiques ont \u00e9tabli avec certitude que cette hausse est due aux activit\u00e9s humaines, consommatrices d&rsquo;\u00e9nergies fossiles (charbon, p\u00e9trole et gaz). Ce r\u00e9chauffement, in\u00e9dit par sa rapidit\u00e9, menace l&rsquo;avenir de nos soci\u00e9t\u00e9s et la biodiversit\u00e9. Mais des solutions \u2013\u00a0\u00e9nergies renouvelables, sobri\u00e9t\u00e9, diminution de la consommation de viande\u00a0\u2013 existent.\u00a0<a href=\"https:\/\/www.franceinfo.fr\/environnement\/crise-climatique\/changement-climatique-nos-reponses-a-toutes-les-questions-que-vous-vous-posez.html\" rel=\"nofollow noopener\" target=\"_blank\">D\u00e9couvrez nos r\u00e9ponses \u00e0 vos questions<\/a>\u00a0sur la crise climatique. <\/p>\n","protected":false},"excerpt":{"rendered":"La s\u00e9quence \u00e9touffante que vient de vivre le pays a frapp\u00e9 des r\u00e9gions souvent \u00e9pargn\u00e9es, comme la Bretagne.&hellip;\n","protected":false},"author":2,"featured_media":329288,"comment_status":"","ping_status":"","sticky":false,"template":"","format":"standard","meta":{"footnotes":""},"categories":[1888],"tags":[1111,1928,11,1927,1777,674,1011,27,12,1926,626,1925,25],"class_list":{"0":"post-329287","1":"post","2":"type-post","3":"status-publish","4":"format-standard","5":"has-post-thumbnail","7":"category-paris","8":"tag-actu","9":"tag-actu-paris","10":"tag-actualites","11":"tag-actualites-paris","12":"tag-eu","13":"tag-europe","14":"tag-fr","15":"tag-france","16":"tag-news","17":"tag-news-paris","18":"tag-paris","19":"tag-paris-news","20":"tag-republique-francaise"},"share_on_mastodon":{"url":"https:\/\/pubeurope.com\/@fr\/115055422705111372","error":""},"_links":{"self":[{"href":"https:\/\/www.europesays.com\/fr\/wp-json\/wp\/v2\/posts\/329287","targetHints":{"allow":["GET"]}}],"collection":[{"href":"https:\/\/www.europesays.com\/fr\/wp-json\/wp\/v2\/posts"}],"about":[{"href":"https:\/\/www.europesays.com\/fr\/wp-json\/wp\/v2\/types\/post"}],"author":[{"embeddable":true,"href":"https:\/\/www.europesays.com\/fr\/wp-json\/wp\/v2\/users\/2"}],"replies":[{"embeddable":true,"href":"https:\/\/www.europesays.com\/fr\/wp-json\/wp\/v2\/comments?post=329287"}],"version-history":[{"count":0,"href":"https:\/\/www.europesays.com\/fr\/wp-json\/wp\/v2\/posts\/329287\/revisions"}],"wp:featuredmedia":[{"embeddable":true,"href":"https:\/\/www.europesays.com\/fr\/wp-json\/wp\/v2\/media\/329288"}],"wp:attachment":[{"href":"https:\/\/www.europesays.com\/fr\/wp-json\/wp\/v2\/media?parent=329287"}],"wp:term":[{"taxonomy":"category","embeddable":true,"href":"https:\/\/www.europesays.com\/fr\/wp-json\/wp\/v2\/categories?post=329287"},{"taxonomy":"post_tag","embeddable":true,"href":"https:\/\/www.europesays.com\/fr\/wp-json\/wp\/v2\/tags?post=329287"}],"curies":[{"name":"wp","href":"https:\/\/api.w.org\/{rel}","templated":true}]}}