{"id":329289,"date":"2025-08-19T12:26:10","date_gmt":"2025-08-19T12:26:10","guid":{"rendered":"https:\/\/www.europesays.com\/fr\/329289\/"},"modified":"2025-08-19T12:26:10","modified_gmt":"2025-08-19T12:26:10","slug":"metro-rer-tramway-la-galere-des-navetteurs-des-la-rentree","status":"publish","type":"post","link":"https:\/\/www.europesays.com\/fr\/329289\/","title":{"rendered":"m\u00e9tro, RER, tramway, la gal\u00e8re des navetteurs d\u00e8s la rentr\u00e9e !"},"content":{"rendered":"<p>&#13;<br \/>\n                            En r\u00e9sum\u00e9&#13;<br \/>\n                            \u2022 Fermeture majeure du m\u00e9tro parisien sur plusieurs lignes jusqu&rsquo;\u00e0 fin ao\u00fbt\/septembre.  <br \/>\u2022 RER A, B, C et D ralentis avec bus de substitution et fortes perturbations jusqu&rsquo;en novembre.  <br \/>\u2022 Tramways T1 et T2 fortement impact\u00e9s, trajets alternatifs vivement conseill\u00e9s.                            <\/p>\n<p>Ah, la rentr\u00e9e\u2026 Un moment tant attendu par les parents, mais un vrai casse-t\u00eate pour les travailleurs et les \u00e9tudiants qui doivent reprendre le chemin du bureau ou de l\u2019\u00e9cole. Et cette ann\u00e9e, les gal\u00e8res risquent d\u2019\u00eatre un peu plus intenses que d\u2019habitude. Pourquoi ? Parce que, depuis le d\u00e9but de cette <strong>semaine du 18 ao\u00fbt<\/strong><strong>,<\/strong> une pluie de travaux s\u2019abat sur les transports parisiens et franciliens ! <strong>M\u00e9tro, RER, tramway<\/strong> : tout y passe. Oui, vous avez bien lu, tout le r\u00e9seau est impact\u00e9 ! Pr\u00e9parez-vous \u00e0 prendre votre mal en patience si vous comptez vous rendre \u00e0 Paris en transport. Voici le programme pour le reste cet \u00e9t\u00e9 mouvement\u00e9.<\/p>\n<p><b>Le m\u00e9tro parisien : un chantier \u00e0 ciel ouvert !<\/b><\/p>\n<p>Commen\u00e7ons par le c\u0153ur du transport parisien : le <b>m\u00e9tro<\/b>. Et l\u00e0, il y a du lourd ! La <b>ligne 1<\/b>, un axe essentiel qui traverse Paris d\u2019Est en Ouest, va \u00eatre totalement ferm\u00e9e entre <b>Charles de Gaulle \u2013 \u00c9toile<\/b> et <b>La D\u00e9fense<\/b>. Et ce, jusqu\u2019au <b>31 ao\u00fbt<\/b> ! R\u00e9sultat ? Des <b>bus de substitution<\/b> qui, vous vous en doutez, seront bond\u00e9s, surtout aux heures de pointe. Donc, si vous pensiez \u00e9viter les bouchons avec le m\u00e9tro, pr\u00e9parez-vous \u00e0 une <b>vraie gal\u00e8re<\/b>. Mais ce n\u2019est pas tout : la <b>ligne 6<\/b> ne sera pas non plus \u00e9pargn\u00e9e, avec la fermeture de la station <b>Cambronne<\/b> jusqu\u2019au <b>28 septembre<\/b>. Si vous passiez par l\u00e0 pour aller au travail ou en cours, il va falloir r\u00e9organiser un peu tout \u00e7a. Et pour finir, la <b>ligne 8<\/b>, entre <b>Reuilly-Diderot<\/b> et <b>Concorde<\/b>, subira une fermeture partielle jusqu\u2019au <b>31 ao\u00fbt<\/b>. En r\u00e9sum\u00e9, le m\u00e9tro parisien se transforme en vrai parcours du combattant \u00e0 partir de cette semaine !<\/p>\n<p><b>Le RER et Transilien : le RER A et B au ralenti<\/b><\/p>\n<p>Mais attendez, ce n\u2019est pas fini ! Le <b>RER<\/b> et<a href=\"https:\/\/discover.ulysse.com\/metro-rer-transilien-ete-fermetures-aout\" rel=\"nofollow noopener\" target=\"_blank\"> le <\/a><a href=\"https:\/\/discover.ulysse.com\/metro-rer-transilien-ete-fermetures-aout\" rel=\"nofollow noopener\" target=\"_blank\">Transilien<\/a> s\u2019invitent aussi dans le tableau des gal\u00e8res, pr\u00e9vient<a href=\"https:\/\/econostrum.info\/metro-rer-tramway-semaine-mouvementee-transport\/\" target=\"_blank\" rel=\"noopener nofollow\"> Econostrum Mobilit\u00e9<\/a>. Le <b>RER A<\/b>, l\u2019un des plus utilis\u00e9s, subira des interruptions de trafic entre <b>Saint-Germain-en-Laye<\/b> et <b>Le V\u00e9sinet \u2013 Le Pecq<\/b> jusqu\u2019au <b>22 ao\u00fbt<\/b>. On vous pr\u00e9vient : ces trajets seront un peu plus longs, car des bus de substitution seront mis en place. Reste \u00e0 savoir si ces bus pourront r\u00e9ellement rivaliser avec la rapidit\u00e9 d\u2019un RER.<\/p>\n<p>La <b>ligne B du RER<\/b> sera \u00e9galement dans une phase d\u00e9licate entre <b>Massy-Palaiseau<\/b> et <b>La Croix de Berny<\/b> jusqu\u2019au <b>27 ao\u00fbt<\/b>. L\u00e0 encore, des perturbations sont \u00e0 pr\u00e9voir entre <b>Denfert-Rochereau<\/b> et <b>A\u00e9roport CDG2 \/ Mitry-Claye<\/b> jusqu\u2019au <b>22 ao\u00fbt<\/b>. De quoi rendre les trajets vers l\u2019a\u00e9roport ou le sud de Paris bien plus compliqu\u00e9s.<\/p>\n<p>Mais le <b>RER C<\/b> et le <b>RER D<\/b> ne seront pas en reste, avec des fermetures prolong\u00e9es. Vous devrez donc jongler entre les lignes ferm\u00e9es, les bus de substitution et une foule de voyageurs. Autant dire que les embouteillages risquent d\u2019\u00eatre au rendez-vous \u00e0 chaque coin de gare. \u00c0 moins que vous ne soyez amateur de petites promenades \u00e0 pied\u2026<\/p>\n<blockquote class=\"twitter-tweet\">\n<p dir=\"ltr\" lang=\"fr\">\ud83d\udea7<a href=\"https:\/\/twitter.com\/hashtag\/Travaux?src=hash&amp;ref_src=twsrc%5Etfw\" target=\"_blank\" rel=\"noopener nofollow\">#Travaux<\/a> <a href=\"https:\/\/twitter.com\/hashtag\/RERE?src=hash&amp;ref_src=twsrc%5Etfw\" target=\"_blank\" rel=\"noopener nofollow\">#RERE<\/a> <a href=\"https:\/\/twitter.com\/hashtag\/Semaine?src=hash&amp;ref_src=twsrc%5Etfw\" target=\"_blank\" rel=\"noopener nofollow\">#Semaine<\/a>\ud83d\udea71\/3<\/p>\n<p>\ud83d\uddd3Du lundi 18 ao\u00fbt au vendredi 22 ao\u00fbt.<\/p>\n<p>\u26a0\ufe0fEntre <a href=\"https:\/\/twitter.com\/hashtag\/NanterreLaFolie?src=hash&amp;ref_src=twsrc%5Etfw\" target=\"_blank\" rel=\"noopener nofollow\">#NanterreLaFolie<\/a> \u2194\ufe0f <a href=\"https:\/\/twitter.com\/hashtag\/Tournan?src=hash&amp;ref_src=twsrc%5Etfw\" target=\"_blank\" rel=\"noopener nofollow\">#Tournan<\/a><\/p>\n<p>\u2197 1 train sur 2 circule en heure de pointe<br \/>\u2197 118123 8h34 TANU supprim\u00e9<br \/>\u2197 118176 17h23 NATU supprim\u00e9<br \/>\u2197\ufe0f118100 4h53 NATU supprim\u00e9<\/p>\n<p>\u2014 RER E (@RERE_SNCF) <a href=\"https:\/\/twitter.com\/RERE_SNCF\/status\/1955980070746460644?ref_src=twsrc%5Etfw\" target=\"_blank\" rel=\"noopener nofollow\">August 14, 2025<\/a><\/p>\n<\/blockquote>\n<p><b>Tramway : les longues fermetures, c\u2019est aussi pour eux !<\/b><\/p>\n<p>Et oui, m\u00eame les <b>tramways<\/b> se mettent \u00e0 la f\u00eate cette semaine. Sur la <b>ligne T1<\/b>, le trafic sera interrompu entre <b>Asni\u00e8res \u2013 Quatre Routes et Gare de Saint-Denis<\/b>. Et vous savez quoi ? Cette coupure pourrait durer ind\u00e9finiment, aucune reprise n\u2019\u00e9tant pr\u00e9vue pour le moment ! Si vous empruntiez cette ligne pour vos trajets quotidiens, vous allez devoir revoir vos plans.<\/p>\n<p>Sur la <b>ligne T2<\/b>, les travaux de modernisation vont continuer jusqu\u2019au <b>2 novembre 2025<\/b>, affectant la portion entre <b>Porte de Versailles<\/b> et <b>Suzanne Lenglen<\/b>. Les usagers devront faire preuve d\u2019un peu de patience et de beaucoup de flexibilit\u00e9 pour d\u00e9nicher une alternative, car la ligne T2 est particuli\u00e8rement fr\u00e9quent\u00e9e dans ce secteur. Alors si vous avez pr\u00e9vu de prendre le tram pour traverser la capitale, peut-\u00eatre vaut-il mieux reconsid\u00e9rer votre itin\u00e9raire\u2026 ou choisir un mode de transport plus rapide, comme le v\u00e9lo.<\/p>\n<p><b>Comment \u00e9viter la gal\u00e8re : pr\u00e9parez-vous !<\/b><\/p>\n<p>Alors, comment \u00e9viter cette gal\u00e8re de transport qui se profile \u00e0 l\u2019horizon ? D\u2019abord, informez-vous ! La <b>RATP<\/b> et la<a href=\"https:\/\/discover.ulysse.com\/seniors-billet-sncf-offre-tarifs-trajets-courts\" rel=\"nofollow noopener\" target=\"_blank\"> SNCF<\/a>\u00a0mettent \u00e0 jour les horaires et les alertes en temps r\u00e9el sur leurs sites et applications. En v\u00e9rifiant r\u00e9guli\u00e8rement, vous \u00e9viterez les mauvaises surprises. Ensuite, planifiez vos trajets avec des marges de s\u00e9curit\u00e9 pour ne pas arriver \u00e0 la bourre \u00e0 vos rendez-vous. Si vous \u00eates vraiment press\u00e9, pourquoi ne pas tester le v\u00e9lo ou les services de covoiturage ? Le trajet pourrait \u00eatre plus rapide et, qui sait, plus agr\u00e9able ! Enfin, si vous ne pouvez vraiment pas \u00e9viter le m\u00e9tro, le RER ou le tram, armez-vous de patience et d\u2019un bon livre (ou mieux encore, de votre playlist pr\u00e9f\u00e9r\u00e9e) pour supporter la foule et les d\u00e9lais.<\/p>\n<p>                            <img loading=\"lazy\" alt=\"\" src=\"https:\/\/www.europesays.com\/fr\/wp-content\/uploads\/2025\/08\/1755606370_320_2ffae971c2015752e9ba2b0dc8038fff\"  class=\"avatar avatar-32 photo\" height=\"32\" width=\"32\" decoding=\"async\"\/>                            L\u00e9a Paci &#8211;<br \/>\n                            Il y a 56 minutes                        <script async src=\"https:\/\/platform.twitter.com\/widgets.js\" charset=\"utf-8\"><\/script><\/p>\n","protected":false},"excerpt":{"rendered":"&#13; En r\u00e9sum\u00e9&#13; \u2022 Fermeture majeure du m\u00e9tro parisien sur plusieurs lignes jusqu&rsquo;\u00e0 fin ao\u00fbt\/septembre. \u2022 RER A,&hellip;\n","protected":false},"author":2,"featured_media":329290,"comment_status":"","ping_status":"","sticky":false,"template":"","format":"standard","meta":{"footnotes":""},"categories":[1888],"tags":[1111,1928,11,1927,1777,674,1011,27,12,1926,626,1925,25],"class_list":{"0":"post-329289","1":"post","2":"type-post","3":"status-publish","4":"format-standard","5":"has-post-thumbnail","7":"category-paris","8":"tag-actu","9":"tag-actu-paris","10":"tag-actualites","11":"tag-actualites-paris","12":"tag-eu","13":"tag-europe","14":"tag-fr","15":"tag-france","16":"tag-news","17":"tag-news-paris","18":"tag-paris","19":"tag-paris-news","20":"tag-republique-francaise"},"share_on_mastodon":{"url":"https:\/\/pubeurope.com\/@fr\/115055426547366812","error":""},"_links":{"self":[{"href":"https:\/\/www.europesays.com\/fr\/wp-json\/wp\/v2\/posts\/329289","targetHints":{"allow":["GET"]}}],"collection":[{"href":"https:\/\/www.europesays.com\/fr\/wp-json\/wp\/v2\/posts"}],"about":[{"href":"https:\/\/www.europesays.com\/fr\/wp-json\/wp\/v2\/types\/post"}],"author":[{"embeddable":true,"href":"https:\/\/www.europesays.com\/fr\/wp-json\/wp\/v2\/users\/2"}],"replies":[{"embeddable":true,"href":"https:\/\/www.europesays.com\/fr\/wp-json\/wp\/v2\/comments?post=329289"}],"version-history":[{"count":0,"href":"https:\/\/www.europesays.com\/fr\/wp-json\/wp\/v2\/posts\/329289\/revisions"}],"wp:featuredmedia":[{"embeddable":true,"href":"https:\/\/www.europesays.com\/fr\/wp-json\/wp\/v2\/media\/329290"}],"wp:attachment":[{"href":"https:\/\/www.europesays.com\/fr\/wp-json\/wp\/v2\/media?parent=329289"}],"wp:term":[{"taxonomy":"category","embeddable":true,"href":"https:\/\/www.europesays.com\/fr\/wp-json\/wp\/v2\/categories?post=329289"},{"taxonomy":"post_tag","embeddable":true,"href":"https:\/\/www.europesays.com\/fr\/wp-json\/wp\/v2\/tags?post=329289"}],"curies":[{"name":"wp","href":"https:\/\/api.w.org\/{rel}","templated":true}]}}