{"id":329301,"date":"2025-08-19T12:32:19","date_gmt":"2025-08-19T12:32:19","guid":{"rendered":"https:\/\/www.europesays.com\/fr\/329301\/"},"modified":"2025-08-19T12:32:19","modified_gmt":"2025-08-19T12:32:19","slug":"le-militant-pro-democratie-tony-chung-obtient-lasile-au-royaume-uni","status":"publish","type":"post","link":"https:\/\/www.europesays.com\/fr\/329301\/","title":{"rendered":"le militant pro-d\u00e9mocratie Tony Chung obtient l&rsquo;asile au Royaume-Uni"},"content":{"rendered":"<p>Le militant pro-d\u00e9mocratie hongkongais Tony Chung, l&rsquo;un des plus jeunes \u00e0 avoir \u00e9t\u00e9 emprisonn\u00e9 en vertu de la loi sur la s\u00e9curit\u00e9 nationale, a obtenu l&rsquo;asile au Royaume-Uni pr\u00e8s de deux ans apr\u00e8s sa fuite. Le militant l&rsquo;a annonc\u00e9 lui-m\u00eame sur les r\u00e9seaux sociaux.<\/p>\n<p>Tony Chung avait \u00e9t\u00e9 arr\u00eat\u00e9 en 2020 et condamn\u00e9 \u00e0 trois ans et demi de prison pour \u00ab\u00a0complot en vue de la s\u00e9cession\u00a0\u00bb et \u00ab\u00a0blanchiment d\u2019argent\u00a0\u00bb, avant de <a href=\"https:\/\/www.rfi.fr\/fr\/asie-pacifique\/20231229-hong-kong-tony-chung-jeune-figure-du-mouvement-pro-d\u00e9mocratie-fuit-au-royaume-uni\" rel=\"nofollow noopener\" target=\"_blank\" data-ylk=\"slk:s\u2019exiler clandestinement en Europe;elm:context_link;itc:0;sec:content-canvas\" class=\"link \"><strong>s\u2019exiler clandestinement en Europe<\/strong><\/a>.<\/p>\n<p>Sur Instagram, il a publi\u00e9 le courrier du minist\u00e8re britannique de l\u2019Int\u00e9rieur confirmant son statut de r\u00e9fugi\u00e9 ainsi qu\u2019un permis de r\u00e9sidence de cinq ans, rapporte notre correspondante \u00e0 P\u00e9kin, <strong>Clea Broadhurst<\/strong>. Pour ses soutiens, il incarne la jeunesse hongkongaise frapp\u00e9e par la r\u00e9pression politique depuis l\u2019imposition par P\u00e9kin de la loi sur la s\u00e9curit\u00e9 nationale.<\/p>\n<p>\u00ab\u00a0Apr\u00e8s avoir attendu plus d&rsquo;un an et demi, je peux enfin commencer \u00e0 essayer de d\u00e9buter une nouvelle vie\u00a0\u00bb, a expliqu\u00e9 le jeune homme sur les r\u00e9seaux sociaux tout en racontant souffrir de probl\u00e8mes de sant\u00e9 mentale depuis son arrestation en 2020 et en r\u00e9v\u00e9lant sa peur de \u00ab planifier l&rsquo;avenir\u00a0\u00bb. Il esp\u00e8re, \u00e0 terme, pouvoir obtenir le statut de r\u00e9sident permanent au Royaume-Uni.<\/p>\n<p>D&rsquo;autres militants pro-d\u00e9mocratie ont \u00e9galement trouv\u00e9 refuge \u00e0 l&rsquo;\u00e9tranger<\/p>\n<p>Cette annonce intervient alors que d\u2019autres figures de l\u2019opposition trouvent refuge \u00e0 l\u2019\u00e9tranger. L\u2019ancien parlementaire <a href=\"https:\/\/fr.news.yahoo.com\/ancien-%C3%A9lu-pro-d%C3%A9mocratie-hong-060952866.html\" data-ylk=\"slk:Ted Hui;elm:context_link;itc:0;sec:content-canvas;outcm:mb_qualified_link;_E:mb_qualified_link;ct:story;\" class=\"link  yahoo-link\" target=\"_blank\" rel=\"noopener\"><strong>Ted Hui<\/strong><\/a>, vis\u00e9 par un mandat d\u2019arr\u00eat, a obtenu l\u2019asile en Australie. Depuis son exil, il exhorte Canberra \u00e0 renforcer son aide aux militants toujours derri\u00e8re les barreaux. P\u00e9kin a aussit\u00f4t d\u00e9nonc\u00e9 ces d\u00e9cisions, accusant les pays concern\u00e9s d\u2019accorder l\u2019asile \u00e0 des \u00ab\u00a0criminels\u00a0\u00bb et d\u2019interf\u00e9rer dans ses affaires int\u00e9rieures.<\/p>\n<p>Dans le m\u00eame temps, \u00e0 <a href=\"https:\/\/www.rfi.fr\/fr\/tag\/hong-kong\/\" rel=\"nofollow noopener\" target=\"_blank\" data-ylk=\"slk:Hong Kong;elm:context_link;itc:0;sec:content-canvas\" class=\"link \"><strong>Hong Kong<\/strong><\/a>, le proc\u00e8s du magnat de la presse <a href=\"https:\/\/fr.news.yahoo.com\/hong-kong-report-plaidoiries-au-081511961.html\" data-ylk=\"slk:Jimmy Lai;elm:context_link;itc:0;sec:content-canvas;outcm:mb_qualified_link;_E:mb_qualified_link;ct:story;\" class=\"link  yahoo-link\" target=\"_blank\" rel=\"noopener\"><strong>Jimmy Lai<\/strong><\/a> se poursuit, la justice l\u2019ayant jug\u00e9 apte \u00e0 assister aux audiences malgr\u00e9 un r\u00e9cent malaise cardiaque.<\/p>\n<p>\u00c0 lire aussi<a href=\"https:\/\/fr.news.yahoo.com\/hong-kong-offre-r%C3%A9compenses-laide-112257563.html\" class=\"link  yahoo-link\" data-ylk=\"slk:Hong Kong offre des r\u00e9compenses pour l&#039;aide \u00e0 l&#039;arrestation de militants pro-d\u00e9mocratie \u00e0 l&#039;\u00e9tranger;elm:context_link;itc:0;sec:content-canvas;outcm:mb_qualified_link;_E:mb_qualified_link;ct:story;\" target=\"_blank\" rel=\"noopener\">Hong Kong offre des r\u00e9compenses pour l&rsquo;aide \u00e0 l&rsquo;arrestation de militants pro-d\u00e9mocratie \u00e0 l&rsquo;\u00e9tranger<\/a><\/p>\n","protected":false},"excerpt":{"rendered":"Le militant pro-d\u00e9mocratie hongkongais Tony Chung, l&rsquo;un des plus jeunes \u00e0 avoir \u00e9t\u00e9 emprisonn\u00e9 en vertu de la&hellip;\n","protected":false},"author":2,"featured_media":329302,"comment_status":"","ping_status":"","sticky":false,"template":"","format":"standard","meta":{"footnotes":""},"categories":[1588],"tags":[11,46671,1777,674,46672,12820,12,473,1853,1879,46670,1851,1850,1852],"class_list":{"0":"post-329301","1":"post","2":"type-post","3":"status-publish","4":"format-standard","5":"has-post-thumbnail","7":"category-royaume-uni","8":"tag-actualites","9":"tag-clea-broadhurst","10":"tag-eu","11":"tag-europe","12":"tag-lasile","13":"tag-militant","14":"tag-news","15":"tag-royaume-uni","16":"tag-royaume-uni-de-grande-bretagne-et-dirlande-du-nord","17":"tag-securite-nationale","18":"tag-tony-chung","19":"tag-uk","20":"tag-united-kingdom","21":"tag-united-kingdom-of-great-britain-and-northern-ireland"},"share_on_mastodon":{"url":"https:\/\/pubeurope.com\/@fr\/115055450129795174","error":""},"_links":{"self":[{"href":"https:\/\/www.europesays.com\/fr\/wp-json\/wp\/v2\/posts\/329301","targetHints":{"allow":["GET"]}}],"collection":[{"href":"https:\/\/www.europesays.com\/fr\/wp-json\/wp\/v2\/posts"}],"about":[{"href":"https:\/\/www.europesays.com\/fr\/wp-json\/wp\/v2\/types\/post"}],"author":[{"embeddable":true,"href":"https:\/\/www.europesays.com\/fr\/wp-json\/wp\/v2\/users\/2"}],"replies":[{"embeddable":true,"href":"https:\/\/www.europesays.com\/fr\/wp-json\/wp\/v2\/comments?post=329301"}],"version-history":[{"count":0,"href":"https:\/\/www.europesays.com\/fr\/wp-json\/wp\/v2\/posts\/329301\/revisions"}],"wp:featuredmedia":[{"embeddable":true,"href":"https:\/\/www.europesays.com\/fr\/wp-json\/wp\/v2\/media\/329302"}],"wp:attachment":[{"href":"https:\/\/www.europesays.com\/fr\/wp-json\/wp\/v2\/media?parent=329301"}],"wp:term":[{"taxonomy":"category","embeddable":true,"href":"https:\/\/www.europesays.com\/fr\/wp-json\/wp\/v2\/categories?post=329301"},{"taxonomy":"post_tag","embeddable":true,"href":"https:\/\/www.europesays.com\/fr\/wp-json\/wp\/v2\/tags?post=329301"}],"curies":[{"name":"wp","href":"https:\/\/api.w.org\/{rel}","templated":true}]}}