{"id":329303,"date":"2025-08-19T12:33:27","date_gmt":"2025-08-19T12:33:27","guid":{"rendered":"https:\/\/www.europesays.com\/fr\/329303\/"},"modified":"2025-08-19T12:33:27","modified_gmt":"2025-08-19T12:33:27","slug":"jusquen-mars-2026-lallemagne-prolonge-les-controles-aux-frontieres-de-six-mois","status":"publish","type":"post","link":"https:\/\/www.europesays.com\/fr\/329303\/","title":{"rendered":"Jusqu&rsquo;en mars 2026: L&rsquo;Allemagne prolonge les contr\u00f4les aux fronti\u00e8res de six mois"},"content":{"rendered":"<p>Publi\u00e919. ao\u00fbt 2025, 11:44<\/p>\n<p>Jusqu&rsquo;en mars 2026: L&rsquo;Allemagne prolonge les contr\u00f4les aux fronti\u00e8res de six mois<\/p>\n<p>La d\u00e9cision allemande de prolonger les contr\u00f4les aux fronti\u00e8res jusqu&rsquo;en mars 2026 suscite l&rsquo;inqui\u00e9tude des frontaliers et des pays voisins.<\/p>\n<p>L&rsquo;Allemagne prolonge ce mardi les contr\u00f4les aux fronti\u00e8res pour une dur\u00e9e de six mois. Au lieu d&rsquo;expirer le 15 septembre, ils seront maintenus au moins jusqu&rsquo;au 15 mars 2026. Le gouvernement f\u00e9d\u00e9ral justifie cette d\u00e9cision aupr\u00e8s de la Commission europ\u00e9enne par la \u00abmenace\u00bb que repr\u00e9sente la migration irr\u00e9guli\u00e8re pour la s\u00e9curit\u00e9 int\u00e9rieure, le trafic de migrants et la charge que cela repr\u00e9sente pour le syst\u00e8me d&rsquo;accueil des demandeurs d&rsquo;asile. Les fronti\u00e8res avec tous les pays voisins sont concern\u00e9es: le Luxembourg, la France, la Belgique, les Pays-Bas, le Danemark, l&rsquo;Autriche, la Suisse, la R\u00e9publique tch\u00e8que et la Pologne.<\/p>\n<p>En f\u00e9vrier dernier, le Luxembourg a d\u00e9pos\u00e9 une plainte aupr\u00e8s de la Commission europ\u00e9enne contre les contr\u00f4les aux fronti\u00e8res int\u00e9rieures allemands. Le ministre des Affaires int\u00e9rieures, L\u00e9on Gloden (CSV), attend une r\u00e9ponse de Bruxelles en octobre. Dans une publication sur les r\u00e9seaux sociaux, il a r\u00e9affirm\u00e9 aux frontaliers: \u00abNous restons vigilants.\u00bb<\/p>\n<p>Le 7 juillet, la Pologne a mis en place ses propres contr\u00f4les en r\u00e9action aux contr\u00f4les allemands, sous la pression de milices citoyennes de droite qui recherchaient des migrants de leur propre chef. Le chef du gouvernement, Donald Tusk, a subordonn\u00e9 la fin de cette mesure aux d\u00e9cisions allemandes. Entre-temps, les contr\u00f4les ont \u00e9t\u00e9 prolong\u00e9s jusqu&rsquo;en octobre.<\/p>\n<p>Le poste de contr\u00f4le sur l&rsquo;A64 maintenu<\/p>\n<p>Les contr\u00f4les renforc\u00e9s aux fronti\u00e8res int\u00e9rieures continuent de peser lourdement sur la police f\u00e9d\u00e9rale, selon Andreas Rosskopf, pr\u00e9sident du syndicat de la police (GdP). Les horaires de service ont \u00e9t\u00e9 adapt\u00e9s, les formations suspendues et la r\u00e9duction des heures suppl\u00e9mentaires limit\u00e9e. Depuis le d\u00e9but des contr\u00f4les, le nombre d&rsquo;agents d\u00e9ploy\u00e9s est pass\u00e9 de 11\u00a0000 \u00e0 14\u00a0000, soit pr\u00e8s d&rsquo;un tiers du personnel total. Selon le minist\u00e8re de l&rsquo;Int\u00e9rieur, 2,9 millions d&rsquo;heures suppl\u00e9mentaires ont \u00e9t\u00e9 effectu\u00e9es jusqu&rsquo;\u00e0 fin juin, une grande partie d&rsquo;entre elles avant le 8 mai. Aucune ventilation pr\u00e9cise n&rsquo;est disponible.<\/p>\n<p>Le poste de contr\u00f4le sur l&rsquo;A64, apr\u00e8s la fronti\u00e8re luxembourgeoise, est \u00e9galement maintenu. La r\u00e9cente <a href=\"https:\/\/www.lessentiel.lu\/fr\/story\/luxembourgallemagne-fin-des-controles-fixes-a-la-frontiere-schengen-perl-103391697\" rel=\"nofollow noopener\" target=\"_blank\">lev\u00e9e du contr\u00f4le sur l&rsquo;A8 \u00e0 Schengen<\/a> avait suscit\u00e9 l&rsquo;espoir des frontaliers, mais la mesure avait \u00e9t\u00e9 prise pour des raisons de s\u00e9curit\u00e9 routi\u00e8re en raison du tunnel du Markusberg.<\/p>\n<ul>\n<li>\n<p>La ministre de la Justice estime que les refoulements de M. Dobrindt sont sur la sellette<\/p>\n<\/li>\n<li>\n<p>Refouler les demandeurs d&rsquo;asile? Le Luxembourg consid\u00e8re que c&rsquo;est ill\u00e9gal<\/p>\n<\/li>\n<li>\n<p>La Commission europ\u00e9enne ignore-t-elle les contr\u00f4les aux fronti\u00e8res ill\u00e9gaux?<\/p>\n<\/li>\n<li>\n<p>Le gouvernement luxembourgeois d\u00e9sapprouve la vision de Friedrich Merz sur les fronti\u00e8res<\/p>\n<\/li>\n<li>\n<p>Le Luxembourg reste en bas du bilan des contr\u00f4les aux fronti\u00e8res<\/p>\n<\/li>\n<\/ul>\n<p>Tu nous suis d\u00e9j\u00e0 sur WhatsApp?<\/p>\n<p>Abonne-toi \u00e0 notre cha\u00eene, active la petite \ud83d\udd14 et tu recevras un <strong>r\u00e9cap de l&rsquo;actu<\/strong> chaque jour en <strong>d\u00e9but de soir\u00e9e<\/strong>.<\/p>\n<p>(tk)<\/p>\n","protected":false},"excerpt":{"rendered":"Publi\u00e919. ao\u00fbt 2025, 11:44 Jusqu&rsquo;en mars 2026: L&rsquo;Allemagne prolonge les contr\u00f4les aux fronti\u00e8res de six mois La d\u00e9cision&hellip;\n","protected":false},"author":2,"featured_media":329304,"comment_status":"","ping_status":"","sticky":false,"template":"","format":"standard","meta":{"footnotes":""},"categories":[1587],"tags":[11,672,1804,1805,1803,1777,674,1801,12,1802],"class_list":{"0":"post-329303","1":"post","2":"type-post","3":"status-publish","4":"format-standard","5":"has-post-thumbnail","7":"category-allemagne","8":"tag-actualites","9":"tag-allemagne","10":"tag-bundesrepublik-deutschland","11":"tag-de","12":"tag-deutschland","13":"tag-eu","14":"tag-europe","15":"tag-germany","16":"tag-news","17":"tag-republique-federale-dallemagne"},"share_on_mastodon":{"url":"https:\/\/pubeurope.com\/@fr\/115055454144752145","error":""},"_links":{"self":[{"href":"https:\/\/www.europesays.com\/fr\/wp-json\/wp\/v2\/posts\/329303","targetHints":{"allow":["GET"]}}],"collection":[{"href":"https:\/\/www.europesays.com\/fr\/wp-json\/wp\/v2\/posts"}],"about":[{"href":"https:\/\/www.europesays.com\/fr\/wp-json\/wp\/v2\/types\/post"}],"author":[{"embeddable":true,"href":"https:\/\/www.europesays.com\/fr\/wp-json\/wp\/v2\/users\/2"}],"replies":[{"embeddable":true,"href":"https:\/\/www.europesays.com\/fr\/wp-json\/wp\/v2\/comments?post=329303"}],"version-history":[{"count":0,"href":"https:\/\/www.europesays.com\/fr\/wp-json\/wp\/v2\/posts\/329303\/revisions"}],"wp:featuredmedia":[{"embeddable":true,"href":"https:\/\/www.europesays.com\/fr\/wp-json\/wp\/v2\/media\/329304"}],"wp:attachment":[{"href":"https:\/\/www.europesays.com\/fr\/wp-json\/wp\/v2\/media?parent=329303"}],"wp:term":[{"taxonomy":"category","embeddable":true,"href":"https:\/\/www.europesays.com\/fr\/wp-json\/wp\/v2\/categories?post=329303"},{"taxonomy":"post_tag","embeddable":true,"href":"https:\/\/www.europesays.com\/fr\/wp-json\/wp\/v2\/tags?post=329303"}],"curies":[{"name":"wp","href":"https:\/\/api.w.org\/{rel}","templated":true}]}}