{"id":329305,"date":"2025-08-19T12:34:14","date_gmt":"2025-08-19T12:34:14","guid":{"rendered":"https:\/\/www.europesays.com\/fr\/329305\/"},"modified":"2025-08-19T12:34:14","modified_gmt":"2025-08-19T12:34:14","slug":"la-taxe-fonciere-en-europe-quels-sont-les-pays-qui-en-collectent-le-plus-et-quelle-est-sa-part-dans-le-total-des-impots","status":"publish","type":"post","link":"https:\/\/www.europesays.com\/fr\/329305\/","title":{"rendered":"La taxe fonci\u00e8re en Europe : quels sont les pays qui en collectent le plus et quelle est sa part dans le total des imp\u00f4ts\u00a0?"},"content":{"rendered":"<p>          <img decoding=\"async\" class=\"c-ad__placeholder__logo\" src=\"https:\/\/static.euronews.com\/website\/images\/logos\/logo-euronews-stacked-outlined-72x72-grey-9.svg\" width=\"72\" height=\"72\" alt=\"\" loading=\"lazy\"\/><br \/>\n          PUBLICIT\u00c9<\/p>\n<p>L&rsquo;Espagne envisage de taxer \u00e0 100 % les logements achet\u00e9s par des non-ressortissants de l&rsquo;Union europ\u00e9enne. Si l&rsquo;objectif est d&rsquo;att\u00e9nuer le probl\u00e8me du logement dans le pays, l&rsquo;imp\u00f4t foncier est une source de revenus importante dans de nombreux pays europ\u00e9ens.<\/p>\n<p>Selon la Commission europ\u00e9enne, la part de l&rsquo;imp\u00f4t foncier dans le PIB de l&rsquo;UE varie de 0,3 % en R\u00e9publique tch\u00e8que et en Estonie \u00e0 <strong>3,7 % en France en 2023<\/strong>. La <strong>moyenne europ\u00e9enne est de 1,9 %<\/strong> (donc, presque le double en France).<\/p>\n<p>Mais quel est le montant de l&rsquo;imp\u00f4t foncier per\u00e7u par les gouvernements en Europe ? Quelle est la part des imp\u00f4ts fonciers dans le total des recettes fiscales ? Et \u00e0 combien s&rsquo;\u00e9l\u00e8vent les droits de mutation immobili\u00e8re en pourcentage du PIB ?<\/p>\n<p><strong>Euronews Business<\/strong> examine de plus pr\u00e8s les recettes de l&rsquo;imp\u00f4t foncier en Europe.<\/p>\n<p>Quelle est la part de l&rsquo;imp\u00f4t foncier dans le PIB ?<\/p>\n<p>Dans l&rsquo;UE, <strong>l&rsquo;imp\u00f4t foncier repr\u00e9sente la part la plus \u00e9lev\u00e9e du PIB en France (3,7 %)<\/strong> et la plus faible en R\u00e9publique tch\u00e8que et en Estonie (0,3 % chacun).<\/p>\n<p>Si l&rsquo;on inclut les pays de l&rsquo;Association europ\u00e9enne de libre-\u00e9change (AELE), le Royaume-Uni et la Turquie (en utilisant certaines donn\u00e9es de l&rsquo;OCDE), <strong>le Royaume-Uni se classe l\u00e9g\u00e8rement au-dessus de la France<\/strong>, bien que ces deux pays se situent autour de 3,7 %.<\/p>\n<p>La Belgique se situe \u00e9galement au-dessus de 3 %, \u00e0 3,2 %. L&rsquo;Espagne se classe cinqui\u00e8me avec 2,5 %, suivie de la Gr\u00e8ce avec 2,7 %.<\/p>\n<p>Les autres pays dont la part est sup\u00e9rieure \u00e0 2 % sont l&rsquo;Islande, le Luxembourg, le Danemark, la Suisse, l&rsquo;Italie et le Portugal.<\/p>\n<p>L&rsquo;imp\u00f4t foncier repr\u00e9sente moins de 1 % du PIB dans pr\u00e8s de la moiti\u00e9 des 32 pays de la liste. Elle est particuli\u00e8rement faible en Slovaquie, en Lituanie, en Estonie et en R\u00e9publique tch\u00e8que, o\u00f9 elle est inf\u00e9rieure \u00e0 0,5 %.<\/p>\n<p>Parmi les cinq plus grandes \u00e9conomies d&rsquo;Europe, l&rsquo;Allemagne a une part nettement plus faible (1 %) que les autres pays. L&rsquo;Italie se classe au quatri\u00e8me rang avec 2,1 %, tandis que la France et le Royaume-Uni sont en t\u00eate de liste.<\/p>\n<p>Le graphique ci-dessus montre que l&rsquo;Europe du Nord-Ouest per\u00e7oit un pourcentage plus \u00e9lev\u00e9 de son PIB par le biais de l&rsquo;imp\u00f4t foncier, tandis que l&rsquo;Europe de l&rsquo;Est et les pays baltes en per\u00e7oivent une part plus faible. En Europe du Sud, la situation est plus contrast\u00e9e, bien que souvent plus \u00e9lev\u00e9e.<\/p>\n<p>Selon l&rsquo;OCDE, les imp\u00f4ts fonciers comprennent tous les pr\u00e9l\u00e8vements r\u00e9currents et non-r\u00e9currents sur l&rsquo;utilisation, la propri\u00e9t\u00e9 ou le transfert de biens. Ils comprennent les imp\u00f4ts sur les biens immobiliers ou le patrimoine net, les droits de succession et de donation, ainsi que les imp\u00f4ts sur les transactions financi\u00e8res et en capital.<\/p>\n<p>Qu&rsquo;en est-il des recettes provenant des imp\u00f4ts fonciers ?<\/p>\n<p>En 2023, c&rsquo;est le Royaume-Uni qui a per\u00e7u <strong>le plus de recettes au titre de l&rsquo;imp\u00f4t foncier<\/strong>, soit 115 milliards d&rsquo;euros (100 milliards de livres sterling), suivi de <strong>la France, avec 104,5 milliards d&rsquo;euros<\/strong>. Ces deux pays dominent les recettes de l&rsquo;imp\u00f4t foncier, l&rsquo;Italie, en troisi\u00e8me position, ne percevant que 45,3 milliards d&rsquo;euros.<\/p>\n<p>L&rsquo;Allemagne et l&rsquo;Espagne compl\u00e8tent le top 5, avec respectivement 41,4 et 36,8 milliards d&rsquo;euros. Le total de l&rsquo;UE s&rsquo;\u00e9l\u00e8ve \u00e0 318,8 milliards d&rsquo;euros.<\/p>\n<p>La Belgique (18,8 milliards d&rsquo;euros), la Suisse (17,9 milliards d&rsquo;euros), les Pays-Bas (14,4 milliards d&rsquo;euros) et la Pologne (10,7 milliards d&rsquo;euros) ont \u00e9galement per\u00e7u plus de 10 milliards d&rsquo;euros de recettes fiscales en 2023.<\/p>\n<p>Dans 10 pays de l&rsquo;UE, les recettes de l&rsquo;imp\u00f4t foncier sont inf\u00e9rieures \u00e0 1 milliard d&rsquo;euros, l&rsquo;Estonie \u00e9tant le pays qui en per\u00e7oit le moins avec 110 millions d&rsquo;euros.<\/p>\n<p>Part de l&rsquo;imp\u00f4t foncier dans la fiscalit\u00e9 totale<\/p>\n<p>La <strong>part de l&rsquo;imp\u00f4t foncier dans la fiscalit\u00e9 totale<\/strong> varie consid\u00e9rablement en Europe. En 2023, dans l&rsquo;UE, elle variera de 0,8 % en Estonie et en R\u00e9publique tch\u00e8que \u00e0 <strong>8,4 % en France<\/strong>, selon la Commission europ\u00e9enne. La moyenne de l&rsquo;UE est de 4,7 %.<\/p>\n<p>Outre la France, sept autres pays de l&rsquo;UE affichent une part de taxe fonci\u00e8re sup\u00e9rieure \u00e0 5 % : Belgique (7,4 %), Gr\u00e8ce (7 %), Espagne (6,7 %), Portugal (5,9 %), Luxembourg (5,7 %), Italie (5,1 %) et Danemark (5,1 %).<\/p>\n<p>En Allemagne, les taxes fonci\u00e8res ne repr\u00e9sentent que 2,5 % de la fiscalit\u00e9 totale.<\/p>\n<p>Part des droits de mutation dans l&rsquo;ensemble de l&rsquo;Europe<\/p>\n<p>Les droits de mutation, exprim\u00e9s en pourcentage du PIB, indiquent l&rsquo;importance des ventes immobili\u00e8res en tant que source de recettes publiques dans certains pays. Ces taxes s&rsquo;appliquent aux transactions financi\u00e8res et capitalistiques, et concernent principalement l&rsquo;achat, la vente et les droits de timbre.<\/p>\n<p>Selon l&rsquo;OCDE, cette part \u00e9tait de 1 % du PIB en Italie en 2023, suivie par la Belgique, le Portugal et l&rsquo;Espagne (0,8 % chacun).<\/p>\n<p>En France, les droits de mutation repr\u00e9sentaient 0,7 % du PIB, contre 0,6 % au Royaume-Uni et 0,3 % en Allemagne.<\/p>\n<p>La proposition de l&rsquo;Espagne d&rsquo;instaurer une taxe de 100 % sur les biens immobiliers pour les acheteurs non-ressortissants de l&rsquo;UE suscite un d\u00e9bat dans toute l&rsquo;Europe. En mai 2025, lors d&rsquo;auditions au Parlement europ\u00e9en, Jos\u00e9 Garc\u00eda Montalvo, professeur d&rsquo;\u00e9conomie \u00e0 l&rsquo;universit\u00e9 Pompeu Fabra de Barcelone, a d\u00e9clar\u00e9 que les politiques fiscales en mati\u00e8re de logement n&rsquo;\u00e9taient peut-\u00eatre pas le moyen le plus efficace de r\u00e9soudre certains <a href=\"https:\/\/fr.euronews.com\/my-europe\/2025\/03\/18\/la-crise-du-logement-en-europe-saggrave-en-espagne-cest-un-probleme-a-multiples-facettes\" target=\"_blank\" rel=\"noopener\"><strong>probl\u00e8mes sur le march\u00e9 du logement<\/strong><\/a>.<\/p>\n<p>\u00ab\u00a0Les changements constants de politique et le manque de coordination entre la politique fiscale et les mesures d&rsquo;offre de logement nuisent \u00e0 l&rsquo;efficacit\u00e9 des politiques fiscales en mati\u00e8re de logement, ce qui conduit \u00e0 des r\u00e9sultats impr\u00e9visibles sur le march\u00e9 et \u00e0 des probl\u00e8mes persistants d&rsquo;accessibilit\u00e9\u00a0\u00bb, a-t-il d\u00e9clar\u00e9.<\/p>\n<p>Diana Hourani, de l&rsquo;Unit\u00e9 des imp\u00f4ts personnels et fonciers de l&rsquo;OCDE, a fait remarquer qu&rsquo;il existe une marge de man\u0153uvre importante pour am\u00e9liorer l&rsquo;efficacit\u00e9, l&rsquo;\u00e9quit\u00e9 et le potentiel de recettes de nombreux types de taxes sur le logement dans les pays de l&rsquo;OCDE.<\/p>\n<p>\u00ab\u00a0L&rsquo;am\u00e9lioration de ces taxes peut, dans de nombreux cas, att\u00e9nuer la pression \u00e0 la hausse sur les prix de l&rsquo;immobilier\u00a0\u00bb, a ajout\u00e9 Mme Hourani.<\/p>\n","protected":false},"excerpt":{"rendered":"PUBLICIT\u00c9 L&rsquo;Espagne envisage de taxer \u00e0 100 % les logements achet\u00e9s par des non-ressortissants de l&rsquo;Union europ\u00e9enne. Si&hellip;\n","protected":false},"author":2,"featured_media":329306,"comment_status":"","ping_status":"","sticky":false,"template":"","format":"standard","meta":{"footnotes":""},"categories":[1586],"tags":[11,1777,674,526,1011,27,1908,2140,12,25,979],"class_list":{"0":"post-329305","1":"post","2":"type-post","3":"status-publish","4":"format-standard","5":"has-post-thumbnail","7":"category-europe","8":"tag-actualites","9":"tag-eu","10":"tag-europe","11":"tag-fiscalite","12":"tag-fr","13":"tag-france","14":"tag-logement","15":"tag-marche-immobilier","16":"tag-news","17":"tag-republique-francaise","18":"tag-taxes"},"share_on_mastodon":{"url":"https:\/\/pubeurope.com\/@fr\/115055458151896911","error":""},"_links":{"self":[{"href":"https:\/\/www.europesays.com\/fr\/wp-json\/wp\/v2\/posts\/329305","targetHints":{"allow":["GET"]}}],"collection":[{"href":"https:\/\/www.europesays.com\/fr\/wp-json\/wp\/v2\/posts"}],"about":[{"href":"https:\/\/www.europesays.com\/fr\/wp-json\/wp\/v2\/types\/post"}],"author":[{"embeddable":true,"href":"https:\/\/www.europesays.com\/fr\/wp-json\/wp\/v2\/users\/2"}],"replies":[{"embeddable":true,"href":"https:\/\/www.europesays.com\/fr\/wp-json\/wp\/v2\/comments?post=329305"}],"version-history":[{"count":0,"href":"https:\/\/www.europesays.com\/fr\/wp-json\/wp\/v2\/posts\/329305\/revisions"}],"wp:featuredmedia":[{"embeddable":true,"href":"https:\/\/www.europesays.com\/fr\/wp-json\/wp\/v2\/media\/329306"}],"wp:attachment":[{"href":"https:\/\/www.europesays.com\/fr\/wp-json\/wp\/v2\/media?parent=329305"}],"wp:term":[{"taxonomy":"category","embeddable":true,"href":"https:\/\/www.europesays.com\/fr\/wp-json\/wp\/v2\/categories?post=329305"},{"taxonomy":"post_tag","embeddable":true,"href":"https:\/\/www.europesays.com\/fr\/wp-json\/wp\/v2\/tags?post=329305"}],"curies":[{"name":"wp","href":"https:\/\/api.w.org\/{rel}","templated":true}]}}