{"id":329309,"date":"2025-08-19T12:36:20","date_gmt":"2025-08-19T12:36:20","guid":{"rendered":"https:\/\/www.europesays.com\/fr\/329309\/"},"modified":"2025-08-19T12:36:20","modified_gmt":"2025-08-19T12:36:20","slug":"face-a-linfox-transphobe-visant-brigitte-emmanuel-macron-veut-defendre-son-honneur","status":"publish","type":"post","link":"https:\/\/www.europesays.com\/fr\/329309\/","title":{"rendered":"Face \u00e0 l\u2019infox transphobe visant Brigitte, Emmanuel Macron veut d\u00e9fendre \u00ab\u00a0son honneur\u00a0\u00bb"},"content":{"rendered":"<p>        <img decoding=\"async\" loading=\"lazy\" src=\"https:\/\/www.europesays.com\/fr\/wp-content\/uploads\/2025\/07\/7d1c13e_1730110630097-000-36k33ev.jpg\"  width=\"728\" height=\"409\" alt=\"Le pr\u00e9sident fran\u00e7ais Emmanuel Macron et son \u00e9pouse Brigitte Macron attendent l\u2019arriv\u00e9e du roi et de la reine de Belgique \u00e0 l\u2019\u00c9lys\u00e9e, le palais pr\u00e9sidentiel \u00e0 Paris, le 14\u00a0octobre 2024.\"\/>  <\/p>\n<p>LUDOVIC MARIN \/ AFP<\/p>\n<p>Le pr\u00e9sident fran\u00e7ais Emmanuel Macron et son \u00e9pouse Brigitte Macron attendent l\u2019arriv\u00e9e du roi et de la reine de Belgique \u00e0 l\u2019\u00c9lys\u00e9e, le palais pr\u00e9sidentiel \u00e0 Paris, le 14\u00a0octobre 2024.<\/p>\n<p class=\"asset asset-text\">POLITIQUE &#8211; \u00ab\u00a0C\u2019est n\u2019importe quoi.\u00a0\u00bb Cet \u00e9t\u00e9, Emmanuel et <a href=\"https:\/\/www.huffingtonpost.fr\/justice\/article\/brigitte-macron-se-pourvoit-en-cassation-apres-la-relaxe-de-deux-femmes-a-l-origine-de-rumeurs-sur-elle_252568.html\" rel=\"nofollow noopener\" target=\"_blank\">Brigitte Macron<\/a> se sont r\u00e9solus \u00e0 porter plainte contre l\u2019influenceuse am\u00e9ricaine conspirationniste et trumpiste, <a href=\"https:\/\/www.huffingtonpost.fr\/politique\/article\/qui-est-candace-owens-qui-inspire-la-droite-de-la-droite-en-france_152204.html\" rel=\"nofollow noopener\" target=\"_blank\">Candace Owens<\/a>. Comme l\u2019avait racont\u00e9 en d\u00e9tail <a href=\"https:\/\/www.huffingtonpost.fr\/politique\/article\/brigitte-et-emmanuel-macron-contre-candace-owens-itineraire-d-une-fake-news-transphobe-clx1_252941.html\" rel=\"nofollow noopener\" target=\"_blank\">Le HuffPost ici<\/a>, cette derni\u00e8re s\u2019est mise \u00e0 relayer l\u2019infox selon laquelle la premi\u00e8re dame serait en r\u00e9alit\u00e9 un homme. Si \u00eatre une personne trans n\u2019a rien de diffamatoire, cette th\u00e9orie du complot s\u2019inscrit n\u00e9anmoins dans un climat r\u00e9solument transphobe, relevait ainsi \u00e0 cet \u00e9gard la chercheuse Maud Royer, toujours pour Le HuffPost.<\/p>\n<p class=\"asset asset-text\">Dans une interview donn\u00e9e \u00e0 <a href=\"https:\/\/www.parismatch.com\/actu\/politique\/exclusif-je-veux-faire-respecter-la-verite-ukraine-calomnie-sur-brigitte-les-mises-au-point-demmanuel-macron-255751\" target=\"_blank\" rel=\"noopener nofollow\" title=\"Nouvelle fen\u00eatre\">Paris Match<\/a>, et publi\u00e9e ce mardi 19\u00a0ao\u00fbt dans la foul\u00e9e du sommet qui s\u2019est tenu \u00e0 Washington sur la guerre en Ukraine, Emmanuel Macron s\u2019exprime comme rarement auparavant, sur cette plainte, \u00e0 laquelle il est lui-m\u00eame associ\u00e9. Un changement de pied. \u00ab\u00a0Il y avait une tradition consistant \u00e0 dire\u00a0: il faut laisser couler (&#8230;). Au d\u00e9but, c\u2019\u00e9tait en France. On nous a recommand\u00e9 de ne pas d\u00e9poser plainte. Cela risquait de provoquer un \u201ceffet Streisand\u201d\u00a0\u00bb, explique d\u2019abord le pr\u00e9sident fran\u00e7ais.<\/p>\n<p class=\"asset asset-text\">Brigitte Macron a d\u00e9j\u00e0 d\u00e9pos\u00e9 plainte en France, mais les deux femmes accus\u00e9es de relayer ces fausses informations ont \u00e9t\u00e9 relax\u00e9es en juillet dernier par la cour d\u2019appel qui a pr\u00e9cis\u00e9 n\u00e9anmoins que cela ne \u00ab\u00a0validait en rien\u00a0\u00bb les rumeurs. L\u2019\u00e9pouse du pr\u00e9sident s\u2019est pourvue en cassation<\/p>\n<p>    \u00ab\u00a0Il est question de faire respecter la v\u00e9rit\u00e9\u00a0\u00bb    <\/p>\n<p class=\"asset asset-text\">C\u2019est face \u00e0 \u00ab\u00a0l\u2019ampleur\u00a0\u00bb prise par cette th\u00e9orie complotiste aux \u00c9tats-Unis, qu\u2019Emmanuel et Brigitte Macron se sont d\u00e9cid\u00e9s \u00e0 agir. Candace Owens charrie des centaines de milliers de vues \u00e0 chaque vid\u00e9o post\u00e9e sur YouTube. \u00ab\u00a0Il est question de faire respecter la v\u00e9rit\u00e9. On parle de l\u2019\u00e9tat civil de la Premi\u00e8re dame de France, d\u2019une \u00e9pouse, d\u2019une m\u00e8re de famille, d\u2019une grand-m\u00e8re\u00a0\u00bb, d\u00e9fend le pr\u00e9sident fran\u00e7ais qui ajoute\u00a0: \u00ab\u00a0Il s\u2019agit de d\u00e9fendre mon honneur\u00a0! Parce que c\u2019est n\u2019importe quoi.\u00a0\u00bb<\/p>\n<p class=\"asset asset-text\">Le chef de l\u2019\u00c9tat ne se prive pas non plus d\u2019\u00e9gratigner la dimension politique dans laquelle gravite Candace Owens, \u00ab\u00a0quelqu\u2019un qui savait tr\u00e8s bien qu\u2019elle d\u00e9tenait des informations fausses et le faisait dans le but de nuire, au service d\u2019une id\u00e9ologie et avec des connexions \u00e9tablies avec des dirigeants d\u2019extr\u00eame-droite\u00a0\u00bb. Et de viser en creux l\u2019administration de Donald Trump dont Candace Owens est une fervente supportrice\u00a0? \u00ab\u00a0Ceux qui vous parlent de cette pr\u00e9tendue libert\u00e9 de parole sont ceux qui interdisent des journalistes dans le Bureau ovale. Je n\u2019accepte pas cela.\u00a0\u00bb<\/p>\n<p class=\"asset asset-text\">En f\u00e9vrier dernier, la Maison Blanche a exclu du Bureau ovale un journaliste refusant d\u2019employer le terme de <a href=\"https:\/\/www.huffingtonpost.fr\/international\/video\/la-france-va-t-elle-remplacer-le-golfe-du-mexique-par-golfe-d-amerique-comme-l-a-fait-trump-aux-etats-unis_246050.html\" rel=\"nofollow noopener\" target=\"_blank\">\u00ab\u00a0golfe d\u2019Am\u00e9rique\u00a0\u00bb<\/a>. Les correspondants des agences Reuters, Associated Press et Bloomberg se disent pr\u00e9occup\u00e9s eux de se voir r\u00e9guli\u00e8rement exclus de l\u2019avion pr\u00e9sidentiel. Toujours cet hiver, c\u2019est le vice-pr\u00e9sident JD Vance qui avait tent\u00e9 de donner des le\u00e7ons de libert\u00e9 d\u2019expression \u00e0 l\u2019Europe dans un discours sid\u00e9rant lors d\u2019une <a href=\"https:\/\/www.huffingtonpost.fr\/international\/article\/a-munich-jd-vance-a-parle-de-tout-sauf-de-l-ukraine-et-s-est-paye-les-pays-europeens_246229.html\" rel=\"nofollow noopener\" target=\"_blank\">conf\u00e9rence \u00e0 Munich<\/a>.<\/p>\n","protected":false},"excerpt":{"rendered":"LUDOVIC MARIN \/ AFP Le pr\u00e9sident fran\u00e7ais Emmanuel Macron et son \u00e9pouse Brigitte Macron attendent l\u2019arriv\u00e9e du roi&hellip;\n","protected":false},"author":2,"featured_media":329310,"comment_status":"","ping_status":"","sticky":false,"template":"","format":"standard","meta":{"footnotes":""},"categories":[2],"tags":[11,986,1073,73,1011,27,303,12,316,25,12707],"class_list":{"0":"post-329309","1":"post","2":"type-post","3":"status-publish","4":"format-standard","5":"has-post-thumbnail","7":"category-actualites","8":"tag-actualites","9":"tag-brigitte-macron","10":"tag-emmanuel-macron","11":"tag-etats-unis","12":"tag-fr","13":"tag-france","14":"tag-justice","15":"tag-news","16":"tag-politique","17":"tag-republique-francaise","18":"tag-transphobie"},"share_on_mastodon":{"url":"https:\/\/pubeurope.com\/@fr\/115055465948966195","error":""},"_links":{"self":[{"href":"https:\/\/www.europesays.com\/fr\/wp-json\/wp\/v2\/posts\/329309","targetHints":{"allow":["GET"]}}],"collection":[{"href":"https:\/\/www.europesays.com\/fr\/wp-json\/wp\/v2\/posts"}],"about":[{"href":"https:\/\/www.europesays.com\/fr\/wp-json\/wp\/v2\/types\/post"}],"author":[{"embeddable":true,"href":"https:\/\/www.europesays.com\/fr\/wp-json\/wp\/v2\/users\/2"}],"replies":[{"embeddable":true,"href":"https:\/\/www.europesays.com\/fr\/wp-json\/wp\/v2\/comments?post=329309"}],"version-history":[{"count":0,"href":"https:\/\/www.europesays.com\/fr\/wp-json\/wp\/v2\/posts\/329309\/revisions"}],"wp:featuredmedia":[{"embeddable":true,"href":"https:\/\/www.europesays.com\/fr\/wp-json\/wp\/v2\/media\/329310"}],"wp:attachment":[{"href":"https:\/\/www.europesays.com\/fr\/wp-json\/wp\/v2\/media?parent=329309"}],"wp:term":[{"taxonomy":"category","embeddable":true,"href":"https:\/\/www.europesays.com\/fr\/wp-json\/wp\/v2\/categories?post=329309"},{"taxonomy":"post_tag","embeddable":true,"href":"https:\/\/www.europesays.com\/fr\/wp-json\/wp\/v2\/tags?post=329309"}],"curies":[{"name":"wp","href":"https:\/\/api.w.org\/{rel}","templated":true}]}}