{"id":329311,"date":"2025-08-19T12:37:12","date_gmt":"2025-08-19T12:37:12","guid":{"rendered":"https:\/\/www.europesays.com\/fr\/329311\/"},"modified":"2025-08-19T12:37:12","modified_gmt":"2025-08-19T12:37:12","slug":"par-decence-lacolyte-de-cyril-lignac-va-rendre-son-tablier","status":"publish","type":"post","link":"https:\/\/www.europesays.com\/fr\/329311\/","title":{"rendered":"\u00ab\u00a0Par d\u00e9cence\u00a0\u00bb, l\u2019acolyte de Cyril Lignac va rendre son tablier"},"content":{"rendered":"<p>\u00ab\u00a0Je pense qu\u2019il faut savoir s\u2019arr\u00eater \u00e0 temps. Je m\u2019amuse beaucoup durant le tournage, je suis vraiment ravie et heureuse mais, vu mon \u00e2ge avanc\u00e9, je pense que c\u2019est une question d\u2019\u00e9thique\u00a0\u00bb, a-t-elle d\u00e9clar\u00e9, \u00e0 quelques semaines de son 83e anniversaire fin septembre.<\/p>\n<p>Tourn\u00e9e en juin et diffus\u00e9e \u00e0 la rentr\u00e9e sur M6, selon TV Magazine, la 14e saison du <a href=\"https:\/\/www.laprovence.com\/article\/culture-loisirs\/1201780319710615\/la-meilleure-boulangerie-de-france-sur-m6-consacre-une-semaine-au-vaucluse-et-au-pays-darles\" target=\"_blank\" rel=\"noopener\">\u00ab\u00a0Meilleur p\u00e2tissier\u00a0\u00bb<\/a> sera donc la derni\u00e8re \u00e0 laquelle Mercotte participe.<\/p>\n<p>Son complice, <a href=\"https:\/\/www.laprovence.com\/article\/region\/67840910826877\/cyril-lignac-le-chef-prefere-des-francais-convie-les-salonais-en-cuisine-ce-lundi-6-novembre\" target=\"_blank\" rel=\"noopener\">Cyril Lignac<\/a>, a assur\u00e9 \u00ab\u00a0respecter son choix\u00a0\u00bb, auquel il ne \u00ab\u00a0s\u2019attendait pas\u00a0\u00bb\u00a0: \u00ab\u00a0Je comprends ais\u00e9ment qu\u2019\u00e0 un moment donn\u00e9, elle ait envie d\u2019arr\u00eater et de faire autre chose. D\u2019autant que le tournage de l\u2019\u00e9mission n\u00e9cessite deux mois pleins.\u00a0\u00bb<\/p>\n<p>L\u2019\u00e9mission, qui consiste en un concours de p\u00e2tisserie entre des anonymes, est anim\u00e9e depuis\u00a02024 par La\u00ebtitia Milot. <a href=\"https:\/\/www.laprovence.com\/article\/food\/1206233726973616\/linterview-decalee-je-suis-indeniablement-un-grand-gourmand\" target=\"_blank\" rel=\"noopener\">Cyril Lignac<\/a>\u00a0et Mercotte en sont les jur\u00e9s depuis ses d\u00e9buts en\u00a02012.<\/p>\n<p>Diffus\u00e9e chaque jeudi \u00e0 21h10 entre octobre et janvier derniers, la saison 13 a attir\u00e9 en moyenne par \u00e9mission entre 1,5 et 1,8\u00a0million de t\u00e9l\u00e9spectateurs (2,2 en comptant le replay), selon le site sp\u00e9cialis\u00e9 Purem\u00e9dias.<\/p>\n","protected":false},"excerpt":{"rendered":"\u00ab\u00a0Je pense qu\u2019il faut savoir s\u2019arr\u00eater \u00e0 temps. Je m\u2019amuse beaucoup durant le tournage, je suis vraiment ravie&hellip;\n","protected":false},"author":2,"featured_media":329312,"comment_status":"","ping_status":"","sticky":false,"template":"","format":"standard","meta":{"footnotes":""},"categories":[2],"tags":[930,17,11,1102,1011,27,494,14954,46555,12,46673,19080,25,104,3356],"class_list":{"0":"post-329311","1":"post","2":"type-post","3":"status-publish","4":"format-standard","5":"has-post-thumbnail","7":"category-actualites","8":"tag-le","9":"tag-17","10":"tag-actualites","11":"tag-breakingnews","12":"tag-fr","13":"tag-france","14":"tag-m6","15":"tag-meilleur","16":"tag-mercotte","17":"tag-news","18":"tag-patissier","19":"tag-quitte","20":"tag-republique-francaise","21":"tag-societe","22":"tag-sur"},"share_on_mastodon":{"url":"https:\/\/pubeurope.com\/@fr\/115055469743258292","error":""},"_links":{"self":[{"href":"https:\/\/www.europesays.com\/fr\/wp-json\/wp\/v2\/posts\/329311","targetHints":{"allow":["GET"]}}],"collection":[{"href":"https:\/\/www.europesays.com\/fr\/wp-json\/wp\/v2\/posts"}],"about":[{"href":"https:\/\/www.europesays.com\/fr\/wp-json\/wp\/v2\/types\/post"}],"author":[{"embeddable":true,"href":"https:\/\/www.europesays.com\/fr\/wp-json\/wp\/v2\/users\/2"}],"replies":[{"embeddable":true,"href":"https:\/\/www.europesays.com\/fr\/wp-json\/wp\/v2\/comments?post=329311"}],"version-history":[{"count":0,"href":"https:\/\/www.europesays.com\/fr\/wp-json\/wp\/v2\/posts\/329311\/revisions"}],"wp:featuredmedia":[{"embeddable":true,"href":"https:\/\/www.europesays.com\/fr\/wp-json\/wp\/v2\/media\/329312"}],"wp:attachment":[{"href":"https:\/\/www.europesays.com\/fr\/wp-json\/wp\/v2\/media?parent=329311"}],"wp:term":[{"taxonomy":"category","embeddable":true,"href":"https:\/\/www.europesays.com\/fr\/wp-json\/wp\/v2\/categories?post=329311"},{"taxonomy":"post_tag","embeddable":true,"href":"https:\/\/www.europesays.com\/fr\/wp-json\/wp\/v2\/tags?post=329311"}],"curies":[{"name":"wp","href":"https:\/\/api.w.org\/{rel}","templated":true}]}}