{"id":329332,"date":"2025-08-19T12:51:11","date_gmt":"2025-08-19T12:51:11","guid":{"rendered":"https:\/\/www.europesays.com\/fr\/329332\/"},"modified":"2025-08-19T12:51:11","modified_gmt":"2025-08-19T12:51:11","slug":"audiences-des-chaines-info-lci-leader-devant-cnews-et-bfmtv-pour-la-premiere-fois-de-son-histoire","status":"publish","type":"post","link":"https:\/\/www.europesays.com\/fr\/329332\/","title":{"rendered":"Audiences des cha\u00eenes info\u00a0: LCI leader devant CNews et BFMTV pour la premi\u00e8re fois de son histoire"},"content":{"rendered":"<p class=\"paragraph text_align_left lp-f-body-02\">Le champagne n\u2019est pas de sortie. \u00ab Mais il va clairement y avoir un pot ce soir \u00bb, sourit un membre de la r\u00e9daction. Ce lundi 18 ao\u00fbt a en effet \u00e9t\u00e9 exceptionnel pour LCI. Alors que se tenait le <a href=\"https:\/\/www.leparisien.fr\/international\/ukraine\/sommet-sur-la-guerre-en-ukraine-a-washington-lombre-du-fiasco-de-fevrier-plane-sur-la-nouvelle-rencontre-trump-zelensky-18-08-2025-T3YFJZWBMVDHJEXORA52EXGNZQ.php\" target=\"_blank\" rel=\"noreferrer nofollow noopener\">sommet de Washington pour l\u2019Ukraine<\/a>, le diffuseur s\u2019est class\u00e9 premi\u00e8re cha\u00eene d\u2019information de France sur l\u2019ensemble de la journ\u00e9e. Un fait in\u00e9dit depuis le d\u00e9but de la mesure de son audience par M\u00e9diam\u00e9trie.<\/p>\n<p class=\"paragraph text_align_left lp-f-body-02\">Ainsi, sur ce troisi\u00e8me lundi d\u2019ao\u00fbt, l\u2019antenne du Groupe TF 1 affiche 3,6 % de parts de march\u00e9. Elle est au passage sixi\u00e8me cha\u00eene nationale, derri\u00e8re TF 1 (20,4 %), France 2 (13,7 %), M 6 (9,4 %), France 3 (8,7 %) et France 5 (3,7 %). Elle devance d\u2019un cheveu CNews, malgr\u00e9 tout en forme avec 3,5 % de parts d\u2019audiences. BFMTV suit \u00e0 3,2 %, tandis que franceinfo se classe bonne derni\u00e8re, ne profitant pas de l\u2019\u00e9v\u00e9nement avec 1,0 % de PDA.<\/p>\n<p>\u00ab Nous pouvons devenir la deuxi\u00e8me cha\u00eene d\u2019information \u00bb<\/p>\n<p class=\"paragraph text_align_left lp-f-body-02\">Outre l\u2019actualit\u00e9 autour de la guerre en Ukraine, qui a \u00e9t\u00e9 largement couverte sur l\u2019antenne depuis le d\u00e9but du conflit, LCI profite depuis juin <a href=\"https:\/\/www.leparisien.fr\/culture-loisirs\/tv\/nouvelle-numerotation-des-chaines-de-la-tnt-ce-qui-change-les-arrivees-les-enjeux-les-questions-que-lon-se-pose-05-06-2025-SCNNJ27ZFBCU5G5EW5X3IWHCB4.php\" target=\"_blank\" rel=\"noreferrer nofollow noopener\">du chamboulement des num\u00e9ros des cha\u00eenes.<\/a> \u00c0 la suite de la non-reconduction des fr\u00e9quences TNT de C 8 et NRJ 12, l\u2019Arcom a proc\u00e9d\u00e9 \u00e0 la cr\u00e9ation d\u2019<a href=\"https:\/\/www.leparisien.fr\/culture-loisirs\/tv\/nouvelle-numerotation-sur-la-tnt-pourquoi-ce-changement-relance-la-guerre-des-chaines-info-05-06-2025-ZMWE2ZEXKFBAZPC3UGAOXVDYRU.php\" target=\"_blank\" rel=\"noreferrer nofollow noopener\">un bloc autour des cha\u00eenes d\u2019information en continu<\/a>, entre les canaux 13 et 16. Positionn\u00e9e auparavant en fin de liste, sur la 26, LCI a r\u00e9cup\u00e9r\u00e9 le num\u00e9ro 15, qui \u00e9tait jusqu\u2019ici allou\u00e9 \u00e0 BFMTV (dor\u00e9navant en 13).<\/p>\n<p class=\"paragraph text_align_left lp-f-body-02\">Ses audiences ont progress\u00e9 en partie \u00e0 la faveur de ce chambardement, grimpant \u00e0 2,0 % sur l\u2019ensemble du mois de juillet (+ 0,4 point sur un an) et <a href=\"https:\/\/www.leparisien.fr\/culture-loisirs\/tv\/lci-mercato-presidentielle-thierry-thuillier-fait-le-bilan-de-la-saison-de-linfo-de-tf-1-08-06-2025-PEUHEF2U3ZGU7N5JMAZEBBVPWU.php\" target=\"_blank\" rel=\"noreferrer nofollow noopener\">atteignant d\u00e9j\u00e0 l\u2019objectif officiellement fix\u00e9 par la direction<\/a> et initialement pr\u00e9vu pour la fin d\u2019ann\u00e9e 2025. CNews et BFMTV faisaient toutefois mieux, avec respectivement 3,1 % (stable) et 2,7 % (-0,7 point), contrairement \u00e0 franceinfo, \u00e0 0,9 % (-0,1 point).<\/p>\n<p class=\"paragraph text_align_left lp-f-body-02\">\u00ab Cela fait un moment que nous nous disons que nous pouvons devenir la deuxi\u00e8me cha\u00eene d\u2019information, devant BFMTV, sourit un journaliste du groupe. Ces r\u00e9sultats ne font que renforcer ce souhait et la motivation de tous. Et nos chefs croient fort en <a href=\"https:\/\/www.leparisien.fr\/culture-loisirs\/tv\/anais-bouton-eric-brunet-david-pujadas-benedicte-le-chatelier-a-quoi-va-ressembler-lci-a-la-rentree-18-07-2025-JSZNMGU4BVF7VPAZEA7IAL27OY.php\" target=\"_blank\" rel=\"noreferrer nofollow noopener\">la grille de rentr\u00e9e<\/a> ! \u00bb<\/p>\n","protected":false},"excerpt":{"rendered":"Le champagne n\u2019est pas de sortie. \u00ab Mais il va clairement y avoir un pot ce soir \u00bb,&hellip;\n","protected":false},"author":2,"featured_media":329333,"comment_status":"","ping_status":"","sticky":false,"template":"","format":"standard","meta":{"footnotes":""},"categories":[1356],"tags":[872,58,59,1011,27,252,2205,1364],"class_list":{"0":"post-329332","1":"post","2":"type-post","3":"status-publish","4":"format-standard","5":"has-post-thumbnail","7":"category-television","8":"tag-culture-et-loisirs","9":"tag-divertissement","10":"tag-entertainment","11":"tag-fr","12":"tag-france","13":"tag-television","14":"tag-television-medias","15":"tag-tv"},"share_on_mastodon":{"url":"https:\/\/pubeurope.com\/@fr\/115055524858684335","error":""},"_links":{"self":[{"href":"https:\/\/www.europesays.com\/fr\/wp-json\/wp\/v2\/posts\/329332","targetHints":{"allow":["GET"]}}],"collection":[{"href":"https:\/\/www.europesays.com\/fr\/wp-json\/wp\/v2\/posts"}],"about":[{"href":"https:\/\/www.europesays.com\/fr\/wp-json\/wp\/v2\/types\/post"}],"author":[{"embeddable":true,"href":"https:\/\/www.europesays.com\/fr\/wp-json\/wp\/v2\/users\/2"}],"replies":[{"embeddable":true,"href":"https:\/\/www.europesays.com\/fr\/wp-json\/wp\/v2\/comments?post=329332"}],"version-history":[{"count":0,"href":"https:\/\/www.europesays.com\/fr\/wp-json\/wp\/v2\/posts\/329332\/revisions"}],"wp:featuredmedia":[{"embeddable":true,"href":"https:\/\/www.europesays.com\/fr\/wp-json\/wp\/v2\/media\/329333"}],"wp:attachment":[{"href":"https:\/\/www.europesays.com\/fr\/wp-json\/wp\/v2\/media?parent=329332"}],"wp:term":[{"taxonomy":"category","embeddable":true,"href":"https:\/\/www.europesays.com\/fr\/wp-json\/wp\/v2\/categories?post=329332"},{"taxonomy":"post_tag","embeddable":true,"href":"https:\/\/www.europesays.com\/fr\/wp-json\/wp\/v2\/tags?post=329332"}],"curies":[{"name":"wp","href":"https:\/\/api.w.org\/{rel}","templated":true}]}}