{"id":329334,"date":"2025-08-19T12:52:13","date_gmt":"2025-08-19T12:52:13","guid":{"rendered":"https:\/\/www.europesays.com\/fr\/329334\/"},"modified":"2025-08-19T12:52:13","modified_gmt":"2025-08-19T12:52:13","slug":"apres-avoir-hesite-le-jeune-papa-kendji-girac-a-accepte-un-challenge-a-mon-age-cetait-un-peu-pretentieux","status":"publish","type":"post","link":"https:\/\/www.europesays.com\/fr\/329334\/","title":{"rendered":"Apr\u00e8s avoir h\u00e9sit\u00e9, le jeune papa Kendji Girac a accept\u00e9 un challenge : \u00ab\u00a0A mon \u00e2ge, c&rsquo;\u00e9tait un peu pr\u00e9tentieux\u00a0\u00bb"},"content":{"rendered":"<p>            <img loading=\"lazy\" decoding=\"async\" src=\"https:\/\/www.europesays.com\/fr\/wp-content\/uploads\/2025\/04\/150-66cc601646b5f-35x35-1.jpg\" class=\"author-article-picture\" width=\"35\" height=\"35\"\/><\/p>\n<p>                Par<br \/>\n                                    <a class=\"author-article-bio-link\" href=\"https:\/\/www.purepeople.com\/auteur\/adrian-gauteye_a150\" rel=\"nofollow noopener\" target=\"_blank\">Adrian Gauteye<\/a><br \/>\n                                                    | R\u00e9dacteur<\/p>\n<p>\n                \u00ab La Vie, c&rsquo;est comme une bo\u00eete de chocolats : on ne sait jamais sur quoi on va tomber \u00bb. Avec Adrien, c\u2019est un peu pareil. En plus de se passionner pour les r\u00e9pliques de films culte, il \u00e9crit aussi bien sur La villa des coeurs bris\u00e9s qu\u2019\u00e0 propos de la famille royale britannique. Rassurez-vous, jamais les deux ensemble. Du moins pas encore&#8230;\n            <\/p>\n<p>\n    R\u00e9v\u00e9l\u00e9 en 2014 par \u00ab\u00a0The Voice\u00a0\u00bb, Kendji Girac publie son premier livre, \u00ab\u00a0Mi vida\u00a0\u00bb, le 1er octobre chez Flammarion. Dans cette autobiographie, le chanteur de 29 ans revient sur son enfance, sa famille, sa carri\u00e8re, mais aussi sur les \u00e9preuves intimes qu\u2019il a longtemps tenues secr\u00e8tes.\n<\/p>\n<p>                            <img loading=\"lazy\" decoding=\"async\" class=\"player-thumbnail\" src=\"https:\/\/www.europesays.com\/fr\/wp-content\/uploads\/2025\/08\/c74863e162a80e38-580x326-2.jpg\" width=\"580\" height=\"326\"\/><\/p>\n<p>                    Apr\u00e8s avoir h\u00e9sit\u00e9, le jeune papa Kendji Girac a accept\u00e9 un challenge : \u00ab\u00a0A mon \u00e2ge, c&rsquo;\u00e9tait un peu pr\u00e9tentieux\u00a0\u00bb<\/p>\n<p>La suite apr\u00e8s la publicit\u00e9<\/p>\n<p>Onze ans apr\u00e8s sa victoire dans The Voice, <a href=\"https:\/\/www.purepeople.com\/people\/kendji-girac_p542210\" rel=\"nofollow noopener\" target=\"_blank\"><strong>Kendji Girac<\/strong><\/a><strong> franchit une nouvelle \u00e9tape dans sa carri\u00e8r<\/strong>e : la sortie de son autobiographie. Intitul\u00e9 Mi vida (\u00ab\u00a0ma vie\u00a0\u00bb en espagnol), l\u2019ouvrage para\u00eetra aux \u00e9ditions Flammarion. Un projet intime et longtemps repouss\u00e9 par l\u2019artiste, qui confie avoir souvent jug\u00e9 pr\u00e9matur\u00e9 de raconter son histoire. <strong>\u00ab\u00a0Je me disais qu\u2019\u00e0 mon \u00e2ge, c\u2019\u00e9tait peut-\u00eatre un peu pr\u00e9tentieux<\/strong>, que je devais d\u2019abord vivre un peu plus de choses\u00a0\u00bb, admet-il dans une vid\u00e9o publi\u00e9e sur Instagram. Mais les bouleversements r\u00e9cents de sa vie l\u2019ont convaincu de franchir le pas. \u00ab\u00a0Finalement, ces derni\u00e8res ann\u00e9es, beaucoup de choses ont chang\u00e9 dans ma vie, \u00e0 l&rsquo;int\u00e9rieur de moi, et j&rsquo;ai ressenti le besoin de me livrer dans ces pages pour que <strong>vous puissiez me conna\u00eetre au plus profond de moi<\/strong>, et pour mieux me comprendre aussi\u00a0\u00bb, poursuit-il.<\/p>\n<p>Dans Mi vida, Kendji, <a href=\"https:\/\/www.purepeople.com\/article\/kendji-girac-papa-pour-la-2e-fois-avec-soraya-parle-de-son-fils-comme-rarement-jetais-tout-a-lheure-avec-lui-en-train-de_a540736\/1\" rel=\"nofollow noopener\" target=\"_blank\">qui est papa de deux enfants avec Soraya<\/a>, promet de se d\u00e9voiler sans d\u00e9tour, loin des cam\u00e9ras et de l\u2019image lisse de la star toujours souriante.\u00a0<\/p>\n<p>Sortie pr\u00e9vue le 1er octobre 2025<\/p>\n<p>Le chanteur de 29 ans y revient sur ses origines gitanes, ses voyages, son rapport \u00e0 la sc\u00e8ne, la musique et sa famille. P\u00e8re depuis 2021,<strong> il consacre \u00e9galement des pages de son ouvrage, qui sortira le 1er octobre 2025, \u00e0 sa vie intime et \u00e0 ce r\u00f4le qui l\u2019a profond\u00e9ment transform\u00e9<\/strong>. Mais l\u2019ouvrage ne contourne pas les \u00e9pisodes plus sombres, \u00e0 commencer par sa blessure par balle en avril 2024, qui avait d\u00e9fray\u00e9 la chronique. Hospitalis\u00e9 apr\u00e8s un geste autodestructeur sur fond de dispute conjugale et de consommation d\u2019alcool et de coca\u00efne, <strong>Kendji s\u2019\u00e9tait d\u00e9j\u00e0 exprim\u00e9 publiquement sur cet \u00e9v\u00e9nement douloureux<\/strong>. Dans son livre, <a href=\"https:\/\/www.purepeople.com\/article\/kendji-girac-a-choisi-le-sud-de-la-france-pour-se-ressourcer-le-chanteur-apparait-inseparable-de-sa-fille-eva-alba-avant-un-grand-projet_a541028\/1\" rel=\"nofollow noopener\" target=\"_blank\">celui qui a opt\u00e9 pour des vacances dans le sud<\/a> en livre une version plus personnelle et introspective.<\/p>\n<p><strong>Ce r\u00e9cit s\u2019annonce comme un rendez-vous franc avec son public<\/strong>, qui l\u2019a vu grandir depuis ses 17 ans et l\u2019a suivi dans ses succ\u00e8s musicaux. Mi vida appara\u00eet ainsi comme une main tendue \u00e0 ses fans : une invitation \u00e0 d\u00e9couvrir l\u2019homme derri\u00e8re la star, ses blessures comme ses renaissances.<\/p>\n","protected":false},"excerpt":{"rendered":"Par Adrian Gauteye | R\u00e9dacteur \u00ab La Vie, c&rsquo;est comme une bo\u00eete de chocolats : on ne sait&hellip;\n","protected":false},"author":2,"featured_media":329335,"comment_status":"","ping_status":"","sticky":false,"template":"","format":"standard","meta":{"footnotes":""},"categories":[1355],"tags":[58,59,1011,27,1361,873],"class_list":{"0":"post-329334","1":"post","2":"type-post","3":"status-publish","4":"format-standard","5":"has-post-thumbnail","7":"category-musique","8":"tag-divertissement","9":"tag-entertainment","10":"tag-fr","11":"tag-france","12":"tag-music","13":"tag-musique"},"share_on_mastodon":{"url":"https:\/\/pubeurope.com\/@fr\/115055529478866678","error":""},"_links":{"self":[{"href":"https:\/\/www.europesays.com\/fr\/wp-json\/wp\/v2\/posts\/329334","targetHints":{"allow":["GET"]}}],"collection":[{"href":"https:\/\/www.europesays.com\/fr\/wp-json\/wp\/v2\/posts"}],"about":[{"href":"https:\/\/www.europesays.com\/fr\/wp-json\/wp\/v2\/types\/post"}],"author":[{"embeddable":true,"href":"https:\/\/www.europesays.com\/fr\/wp-json\/wp\/v2\/users\/2"}],"replies":[{"embeddable":true,"href":"https:\/\/www.europesays.com\/fr\/wp-json\/wp\/v2\/comments?post=329334"}],"version-history":[{"count":0,"href":"https:\/\/www.europesays.com\/fr\/wp-json\/wp\/v2\/posts\/329334\/revisions"}],"wp:featuredmedia":[{"embeddable":true,"href":"https:\/\/www.europesays.com\/fr\/wp-json\/wp\/v2\/media\/329335"}],"wp:attachment":[{"href":"https:\/\/www.europesays.com\/fr\/wp-json\/wp\/v2\/media?parent=329334"}],"wp:term":[{"taxonomy":"category","embeddable":true,"href":"https:\/\/www.europesays.com\/fr\/wp-json\/wp\/v2\/categories?post=329334"},{"taxonomy":"post_tag","embeddable":true,"href":"https:\/\/www.europesays.com\/fr\/wp-json\/wp\/v2\/tags?post=329334"}],"curies":[{"name":"wp","href":"https:\/\/api.w.org\/{rel}","templated":true}]}}