{"id":329336,"date":"2025-08-19T12:53:13","date_gmt":"2025-08-19T12:53:13","guid":{"rendered":"https:\/\/www.europesays.com\/fr\/329336\/"},"modified":"2025-08-19T12:53:13","modified_gmt":"2025-08-19T12:53:13","slug":"la-suite-de-made-in-abyss-se-fera-au-cinema-19-aout-2025","status":"publish","type":"post","link":"https:\/\/www.europesays.com\/fr\/329336\/","title":{"rendered":"La suite de Made in Abyss se fera au cin\u00e9ma, 19 Ao\u00fbt 2025"},"content":{"rendered":"<p>Pr\u00e8s de trois ans apr\u00e8s la fin de la diffusion de la deuxi\u00e8me saison de <strong>Made in Abyss<\/strong>, la suite de l&rsquo;anime est enfin officialis\u00e9e, et celle-ci se fera sous la forme d&rsquo;une s\u00e9rie de films !<\/p>\n<p>Le premier volet du projet aura pour titre <a href=\"https:\/\/www.manga-news.com\/index.php\/dvd\/Made-in-Abyss-Le-reveille-du-mystere-Film-4\" target=\"_blank\" rel=\"noopener\"><strong xmlns=\"http:\/\/www.w3.org\/1999\/xhtml\">Made in Abyss : Mezameru Shinpi<\/strong><\/a><strong><\/strong> (ou <strong>Made in Abyss : Le r\u00e9veille du myst\u00e8re<\/strong>) et sortira dans les salles obscures du Japon en 2026. Le studio <a href=\"https:\/\/www.manga-news.com\/index.php\/auteur\/Kinema-Citrus\" target=\"_blank\" rel=\"noopener\">Kinema Citrus<\/a> reste \u00e0 la production tandis que <a href=\"https:\/\/www.manga-news.com\/index.php\/auteur\/KOJIMA-Masayuki\" target=\"_blank\" rel=\"noopener\">Masayuki Kojima<\/a> reprend son poste de r\u00e9alisateur. De son c\u00f4t\u00e9, <a href=\"https:\/\/www.manga-news.com\/index.php\/auteur\/Kurata-Hideyuki\" target=\"_blank\" rel=\"noopener\">Hideyuki Kurata<\/a> assure de nouveau l&rsquo;\u00e9criture du sc\u00e9nario depuis le manga original d&rsquo;<a href=\"https:\/\/www.manga-news.com\/index.php\/auteur\/TSUKUSHI-Akihito\" target=\"_blank\" rel=\"noopener\">Akihito Tsukushi<\/a>. Enfin, le bin\u00f4me <a href=\"https:\/\/www.manga-news.com\/index.php\/auteur\/KURODA-Yuka\" target=\"_blank\" rel=\"noopener\">Yuka Kuroda<\/a> x <a href=\"https:\/\/www.manga-news.com\/index.php\/auteur\/KISE-Kazuchika\" target=\"_blank\" rel=\"noopener\">Kazuchika Kise<\/a> assure de nouveau la conception du character-design.<\/p>\n<p>En attendant d&rsquo;en apprendre davantage et d&rsquo;avoir droit \u00e0 un premier trailer, un visuel cl\u00e9 a \u00e9t\u00e9 d\u00e9voil\u00e9.<\/p>\n<p><img decoding=\"async\" src=\"https:\/\/www.europesays.com\/fr\/wp-content\/uploads\/2025\/08\/Made-in-Abyss-film-4-visual.webp.webp\" alt=\"\" style=\"width: 100%; max-width: 570px; height: auto; max-height: 438px;\"\/><\/p>\n<p>Pour rappel, l&rsquo;anime Made in Abyss a fait ses d\u00e9buts en 2017 avec une <a href=\"https:\/\/www.manga-news.com\/index.php\/dvd\/Made-in-Abyss\" target=\"_blank\" rel=\"noopener\"><strong xmlns=\"http:\/\/www.w3.org\/1999\/xhtml\">premi\u00e8re saison<\/strong><\/a><strong\/> en 13 \u00e9pisodes. En 2019, deux films r\u00e9capitulatifs ont vu le jour : <a href=\"https:\/\/www.manga-news.com\/index.php\/dvd\/Made-in-Abyss-Films\" target=\"_blank\" rel=\"noopener\"><strong xmlns=\"http:\/\/www.w3.org\/1999\/xhtml\">Made in Abyss : L&rsquo;aube du voyage<\/strong><\/a><strong><\/strong> et <a href=\"https:\/\/www.manga-news.com\/index.php\/dvd\/Made-in-Abyss-Le-crepuscule-errant-Film-2\" target=\"_blank\" rel=\"noopener\"><strong xmlns=\"http:\/\/www.w3.org\/1999\/xhtml\">Made in Abyss : Le cr\u00e9puscule errant<\/strong><\/a><strong><\/strong>.<\/p>\n<p>La suite de l&rsquo;anime se fait en 2020 via un troisi\u00e8me film nomm\u00e9 <a href=\"https:\/\/www.manga-news.com\/index.php\/dvd\/Made-in-Abyss:-Dawn-of-the-Deep-Soul\" target=\"_blank\" rel=\"noopener\"><strong>Made in Abyss : L&rsquo;aurore de l&rsquo;\u00e2me des profondeurs<\/strong><\/a><strong\/>. Celui-ci est suivi en 2022 d&rsquo;une saison 2 en 12 \u00e9pisodes, <a href=\"https:\/\/www.manga-news.com\/index.php\/dvd\/Made-in-Abyss-Saison-4\" target=\"_blank\" rel=\"noopener\"><strong xmlns=\"http:\/\/www.w3.org\/1999\/xhtml\">Made in Abyss : La ville d&rsquo;or incandescente<\/strong><\/a><strong><\/strong>. Feu <strong>Wakanim<\/strong> a assur\u00e9 la diffusion des premiers volets de la saga. Aujourd&rsquo;hui, seuls le troisi\u00e8me film et la saison 2 nous sont accessibles via <strong>Crunchyroll<\/strong>.<\/p>\n<p>Quand au <a href=\"https:\/\/www.manga-news.com\/index.php\/serie\/Made-In-Abyss\" target=\"_blank\" rel=\"noopener\"><strong xmlns=\"http:\/\/www.w3.org\/1999\/xhtml\">manga original<\/strong><\/a><strong\/> d&rsquo;Akihito Tsukushi, celui-ci est en cours de publication depuis 2012. 14 tomes sont disponibles au Japon tandis que, chez nous, les 13 premiers sont propos\u00e9s aux \u00e9ditions <strong>Ototo<\/strong>.<\/p>\n<p><img decoding=\"async\" src=\"https:\/\/www.europesays.com\/fr\/wp-content\/uploads\/2025\/08\/made-in-abyss-1-ototo.webp.webp\" alt=\"\" style=\"width: 100%; max-width: 252px; height: auto; max-height: 354px;\"\/>\u00a0<img decoding=\"async\" src=\"https:\/\/www.europesays.com\/fr\/wp-content\/uploads\/2025\/08\/made-in-abyss-poster-anime.webp.webp\" style=\"width: 100%; max-width: 240px; height: auto; max-height: 354px;\" alt=\"\"\/>\u00a0<img decoding=\"async\" src=\"https:\/\/www.europesays.com\/fr\/wp-content\/uploads\/2025\/08\/Made_in_Abyss_S2_anime_affiche.webp.webp\" style=\"width: 100%; max-width: 236px; height: auto; max-height: 354px;\" alt=\"\"\/><\/p>\n","protected":false},"excerpt":{"rendered":"Pr\u00e8s de trois ans apr\u00e8s la fin de la diffusion de la deuxi\u00e8me saison de Made in Abyss,&hellip;\n","protected":false},"author":2,"featured_media":329337,"comment_status":"","ping_status":"","sticky":false,"template":"","format":"standard","meta":{"footnotes":""},"categories":[1354],"tags":[1111,47,2566,58,59,1346,1011,27,1922,46682,6681,6683,2567,6682,1360,1404],"class_list":{"0":"post-329336","1":"post","2":"type-post","3":"status-publish","4":"format-standard","5":"has-post-thumbnail","7":"category-films","8":"tag-actu","9":"tag-actualite","10":"tag-anime","11":"tag-divertissement","12":"tag-entertainment","13":"tag-films","14":"tag-fr","15":"tag-france","16":"tag-info","17":"tag-la-suite-de-made-in-abyss-se-fera-au-cinema","18":"tag-manga","19":"tag-manga-news","20":"tag-manga-news-com","21":"tag-mangas","22":"tag-movies","23":"tag-quotidien"},"share_on_mastodon":{"url":"https:\/\/pubeurope.com\/@fr\/115055532735943913","error":""},"_links":{"self":[{"href":"https:\/\/www.europesays.com\/fr\/wp-json\/wp\/v2\/posts\/329336","targetHints":{"allow":["GET"]}}],"collection":[{"href":"https:\/\/www.europesays.com\/fr\/wp-json\/wp\/v2\/posts"}],"about":[{"href":"https:\/\/www.europesays.com\/fr\/wp-json\/wp\/v2\/types\/post"}],"author":[{"embeddable":true,"href":"https:\/\/www.europesays.com\/fr\/wp-json\/wp\/v2\/users\/2"}],"replies":[{"embeddable":true,"href":"https:\/\/www.europesays.com\/fr\/wp-json\/wp\/v2\/comments?post=329336"}],"version-history":[{"count":0,"href":"https:\/\/www.europesays.com\/fr\/wp-json\/wp\/v2\/posts\/329336\/revisions"}],"wp:featuredmedia":[{"embeddable":true,"href":"https:\/\/www.europesays.com\/fr\/wp-json\/wp\/v2\/media\/329337"}],"wp:attachment":[{"href":"https:\/\/www.europesays.com\/fr\/wp-json\/wp\/v2\/media?parent=329336"}],"wp:term":[{"taxonomy":"category","embeddable":true,"href":"https:\/\/www.europesays.com\/fr\/wp-json\/wp\/v2\/categories?post=329336"},{"taxonomy":"post_tag","embeddable":true,"href":"https:\/\/www.europesays.com\/fr\/wp-json\/wp\/v2\/tags?post=329336"}],"curies":[{"name":"wp","href":"https:\/\/api.w.org\/{rel}","templated":true}]}}