{"id":329338,"date":"2025-08-19T12:54:10","date_gmt":"2025-08-19T12:54:10","guid":{"rendered":"https:\/\/www.europesays.com\/fr\/329338\/"},"modified":"2025-08-19T12:54:10","modified_gmt":"2025-08-19T12:54:10","slug":"ce-que-revele-une-etude-choc","status":"publish","type":"post","link":"https:\/\/www.europesays.com\/fr\/329338\/","title":{"rendered":"ce que r\u00e9v\u00e8le une \u00e9tude choc"},"content":{"rendered":"<p data-start=\"114\" data-end=\"595\"><strong>Pendant des d\u00e9cennies,<br \/>\nl\u2019endom\u00e9triose est rest\u00e9e une <a href=\"https:\/\/sciencepost.fr\/regles-douloureuses-endometriose-sopk-comment-le-cbd-peut-aider-a-mieux-vivre-son-cycle\/\" target=\"_blank\" rel=\"noopener nofollow\">maladie myst\u00e9rieuse,<br \/>\ndouloureuse<\/a>, souvent ignor\u00e9e par la recherche m\u00e9dicale. Mais<br \/>\nune \u00e9tude r\u00e9cente de l\u2019Universit\u00e9 de Californie, San Francisco<br \/>\n(UCSF), apporte un nouvel \u00e9clairage majeur : en s\u2019appuyant sur<br \/>\nl\u2019analyse massive de dossiers m\u00e9dicaux, les chercheurs montrent que<br \/>\nl\u2019endom\u00e9triose est bien plus qu\u2019un simple trouble gyn\u00e9cologique.<br \/>\nElle s\u2019inscrit dans un ensemble complexe de sympt\u00f4mes touchant<br \/>\nl\u2019ensemble du corps.<\/strong><\/p>\n<p>Une maladie r\u00e9pandue, mais mal<br \/>\ncomprise<\/p>\n<p data-start=\"647\" data-end=\"1066\">L\u2019endom\u00e9triose concerne environ<br \/>\n10 % des femmes en \u00e2ge de procr\u00e9er dans le monde, soit pr\u00e8s de 200<br \/>\nmillions de personnes. Pourtant, elle reste aujourd\u2019hui encore<br \/>\nlargement sous-diagnostiqu\u00e9e. La maladie se manifeste lorsque le<br \/>\ntissu de l\u2019endom\u00e8tre \u2014 normalement situ\u00e9 \u00e0 l\u2019int\u00e9rieur de l\u2019ut\u00e9rus<br \/>\n\u2014 migre vers d\u2019autres organes, provoquant des douleurs chroniques,<br \/>\nparfois tr\u00e8s invalidantes, et des probl\u00e8mes d\u2019infertilit\u00e9.<\/p>\n<p data-start=\"1068\" data-end=\"1468\">Malgr\u00e9 son ampleur, le<br \/>\nparcours diagnostique est souvent long, p\u00e9nible, et repose sur des<br \/>\nm\u00e9thodes invasives. En moyenne, il faut plusieurs ann\u00e9es avant<br \/>\nqu\u2019une patiente ne re\u00e7oive un diagnostic formel, g\u00e9n\u00e9ralement \u00e0<br \/>\nl\u2019issue d\u2019une chirurgie exploratoire. Ce retard s\u2019explique en<br \/>\npartie par la variabilit\u00e9 des sympt\u00f4mes, mais aussi par un manque<br \/>\nde sensibilisation, y compris au sein du corps m\u00e9dical.<\/p>\n<p>Une avanc\u00e9e rendue possible<br \/>\npar la puissance des donn\u00e9es<\/p>\n<p data-start=\"1537\" data-end=\"1878\">C\u2019est dans ce contexte que<br \/>\ns\u2019inscrit <a href=\"https:\/\/dx.doi.org\/10.1016\/j.xcrm.2025.102245\" target=\"_blank\" rel=\"noopener nofollow\">l\u2019\u00e9tude publi\u00e9e<\/a> par l\u2019\u00e9quipe de<br \/>\nMarina Sirota, chercheuse \u00e0 l\u2019UCSF. En analysant des millions de<br \/>\ndonn\u00e9es de sant\u00e9 issues de six grands centres hospitaliers de<br \/>\nl\u2019Universit\u00e9 de Californie, les chercheurs ont utilis\u00e9 des<br \/>\nalgorithmes de bioinformatique pour faire \u00e9merger des corr\u00e9lations<br \/>\njusqu\u2019ici ignor\u00e9es.<\/p>\n<p data-start=\"1880\" data-end=\"2327\">En comparant les dossiers de<br \/>\npatientes atteintes d\u2019endom\u00e9triose \u00e0 ceux d\u2019un groupe t\u00e9moin, ils<br \/>\nont identifi\u00e9 plus de 600 liens significatifs entre cette maladie<br \/>\net d\u2019autres troubles. Certaines associations \u00e9taient attendues \u2014<br \/>\ninfertilit\u00e9, troubles digestifs ou maladies auto-immunes \u2014 mais<br \/>\nd\u2019autres \u00e9taient plus surprenantes, comme des liens possibles avec<br \/>\ncertains types de cancers, des migraines, de l\u2019asthme ou encore des<br \/>\npathologies oculaires.<\/p>\n<p data-start=\"2329\" data-end=\"2534\">Cette approche, rendue<br \/>\npossible par l\u2019essor des dossiers m\u00e9dicaux \u00e9lectroniques<br \/>\nanonymis\u00e9s, ouvre la voie \u00e0 une compr\u00e9hension beaucoup plus fine de<br \/>\nla maladie, en tenant compte de sa complexit\u00e9 syst\u00e9mique.<\/p>\n<p><img loading=\"lazy\" data-lazyloaded=\"1\" decoding=\"async\" class=\"size-full wp-image-262381\" src=\"https:\/\/www.europesays.com\/fr\/wp-content\/uploads\/2025\/08\/iStock-1355050038.jpg\" alt=\"endom\u00e9triose\" width=\"1310\" height=\"801\"  data-\/><\/p>\n<p class=\"istock-credit\" style=\"text-align:center\">Cr\u00e9dit :<br \/>\niStock<\/p>\n<p>Cr\u00e9dits : Mohammed Haneefa Nizamudeen\/istockL\u2019endom\u00e9triose, une maladie<br \/>\nmultisyst\u00e9mique<\/p>\n<p data-start=\"2590\" data-end=\"2888\">L\u2019un des apports majeurs de<br \/>\nl\u2019\u00e9tude est de confirmer ce que de nombreux cliniciens<br \/>\nsoup\u00e7onnaient : l\u2019endom\u00e9triose n\u2019est pas une maladie localis\u00e9e,<br \/>\nmais un trouble qui semble affecter tout l\u2019organisme. Ce constat<br \/>\nremet en question l\u2019approche exclusivement gyn\u00e9cologique qui a<br \/>\ndomin\u00e9 jusqu\u2019\u00e0 pr\u00e9sent.<\/p>\n<p data-start=\"2890\" data-end=\"3217\">En classant les patientes<br \/>\nselon leurs profils m\u00e9dicaux, les chercheurs ont mis en \u00e9vidence<br \/>\ndes sous-groupes pr\u00e9sentant des combinaisons sp\u00e9cifiques de<br \/>\nsympt\u00f4mes. Cette stratification pourrait, \u00e0 terme, permettre<br \/>\nd\u2019adapter les traitements en fonction du profil de chaque patiente,<br \/>\nplut\u00f4t que de proposer des solutions uniformes.<\/p>\n<p>Vers un diagnostic plus<br \/>\nrapide et des traitements mieux cibl\u00e9s<\/p>\n<p data-start=\"3292\" data-end=\"3655\">Actuellement, les traitements<br \/>\nde l\u2019endom\u00e9triose reposent principalement sur l\u2019hormonoth\u00e9rapie \u2014<br \/>\nqui supprime temporairement les sympt\u00f4mes \u2014 ou la chirurgie. Mais<br \/>\nces options sont loin d\u2019\u00eatre satisfaisantes pour toutes les<br \/>\npatientes. Certaines ne tol\u00e8rent pas bien les effets secondaires<br \/>\nhormonaux ; d\u2019autres voient leurs douleurs r\u00e9appara\u00eetre apr\u00e8s une<br \/>\nop\u00e9ration.<\/p>\n<p data-start=\"3657\" data-end=\"4011\">En identifiant des<br \/>\nco-morbidit\u00e9s fr\u00e9quentes et des sch\u00e9mas m\u00e9dicaux r\u00e9currents, cette<br \/>\n\u00e9tude pourrait faciliter un diagnostic plus rapide et moins<br \/>\ninvasif, en rep\u00e9rant les signaux d\u2019alerte pr\u00e9coces. Elle ouvre<br \/>\n\u00e9galement la porte \u00e0 une m\u00e9decine plus personnalis\u00e9e, qui tiendrait<br \/>\ncompte des interactions entre l\u2019endom\u00e9triose et d\u2019autres<br \/>\npathologies.<\/p>\n<p>Un tournant pour la recherche<br \/>\nsur la sant\u00e9 des femmes<\/p>\n<p data-start=\"4077\" data-end=\"4467\">Ce travail de l\u2019UCSF, salu\u00e9<br \/>\ncomme une perc\u00e9e, s\u2019inscrit dans une dynamique plus large visant \u00e0<br \/>\nmieux comprendre les pathologies longtemps n\u00e9glig\u00e9es, en<br \/>\nparticulier celles touchant majoritairement les femmes. Il montre<br \/>\naussi le potentiel des technologies de sant\u00e9 num\u00e9rique et de<br \/>\nl\u2019intelligence artificielle pour faire \u00e9merger des connaissances<br \/>\nnouvelles \u00e0 partir de donn\u00e9es d\u00e9j\u00e0 existantes.<\/p>\n<p data-start=\"4469\" data-end=\"4709\">\u00ab Nous avons d\u00e9sormais les<br \/>\noutils pour faire bouger les lignes \u00bb, explique Marina Sirota.<br \/>\n\u00ab L\u2019objectif n\u2019est pas seulement de mieux comprendre la<br \/>\nmaladie, mais aussi d\u2019am\u00e9liorer concr\u00e8tement la vie des millions de<br \/>\nfemmes qui en souffrent. \u00bb<\/p>\n","protected":false},"excerpt":{"rendered":"Pendant des d\u00e9cennies, l\u2019endom\u00e9triose est rest\u00e9e une maladie myst\u00e9rieuse, douloureuse, souvent ignor\u00e9e par la recherche m\u00e9dicale. Mais une&hellip;\n","protected":false},"author":2,"featured_media":329339,"comment_status":"","ping_status":"","sticky":false,"template":"","format":"standard","meta":{"footnotes":""},"categories":[10],"tags":[1011,27,72,71],"class_list":{"0":"post-329338","1":"post","2":"type-post","3":"status-publish","4":"format-standard","5":"has-post-thumbnail","7":"category-sante","8":"tag-fr","9":"tag-france","10":"tag-health","11":"tag-sante"},"share_on_mastodon":{"url":"","error":""},"_links":{"self":[{"href":"https:\/\/www.europesays.com\/fr\/wp-json\/wp\/v2\/posts\/329338","targetHints":{"allow":["GET"]}}],"collection":[{"href":"https:\/\/www.europesays.com\/fr\/wp-json\/wp\/v2\/posts"}],"about":[{"href":"https:\/\/www.europesays.com\/fr\/wp-json\/wp\/v2\/types\/post"}],"author":[{"embeddable":true,"href":"https:\/\/www.europesays.com\/fr\/wp-json\/wp\/v2\/users\/2"}],"replies":[{"embeddable":true,"href":"https:\/\/www.europesays.com\/fr\/wp-json\/wp\/v2\/comments?post=329338"}],"version-history":[{"count":0,"href":"https:\/\/www.europesays.com\/fr\/wp-json\/wp\/v2\/posts\/329338\/revisions"}],"wp:featuredmedia":[{"embeddable":true,"href":"https:\/\/www.europesays.com\/fr\/wp-json\/wp\/v2\/media\/329339"}],"wp:attachment":[{"href":"https:\/\/www.europesays.com\/fr\/wp-json\/wp\/v2\/media?parent=329338"}],"wp:term":[{"taxonomy":"category","embeddable":true,"href":"https:\/\/www.europesays.com\/fr\/wp-json\/wp\/v2\/categories?post=329338"},{"taxonomy":"post_tag","embeddable":true,"href":"https:\/\/www.europesays.com\/fr\/wp-json\/wp\/v2\/tags?post=329338"}],"curies":[{"name":"wp","href":"https:\/\/api.w.org\/{rel}","templated":true}]}}