{"id":329350,"date":"2025-08-19T13:00:15","date_gmt":"2025-08-19T13:00:15","guid":{"rendered":"https:\/\/www.europesays.com\/fr\/329350\/"},"modified":"2025-08-19T13:00:15","modified_gmt":"2025-08-19T13:00:15","slug":"orages-en-bretagne-a-quoi-sattendre-ce-mardi-et-ce-mercredi","status":"publish","type":"post","link":"https:\/\/www.europesays.com\/fr\/329350\/","title":{"rendered":"Orages en Bretagne\u00a0: \u00e0 quoi s\u2019attendre\u00a0ce mardi et ce mercredi\u00a0?"},"content":{"rendered":"<p>M\u00e9t\u00e9o-France a plac\u00e9 <a href=\"https:\/\/vigilance.meteofrance.fr\/fr\/orages\" target=\"_blank\" rel=\"noopener\">les quatre d\u00e9partements bretons en vigilance jaune orages<\/a>, ce mardi matin, puis les C\u00f4tes-d&rsquo;Armor en vigilance orange \u00e0 la mi-journ\u00e9e. \u00ab Les premiers orages se sont form\u00e9s dans la matin\u00e9e entre le Centre-Bretagne et le Tr\u00e9gor, avec des pr\u00e9cipitations pouvant \u00eatre abondantes et une activit\u00e9 \u00e9lectrique parfois importante. Cette activit\u00e9 orageuse s\u2019est enclench\u00e9e avec l\u2019arriv\u00e9e d\u2019air froid en altitude et la pr\u00e9sence d\u2019air toujours assez doux dans les basses couches, c\u2019est ce que l\u2019on appelle <a href=\"https:\/\/www.letelegramme.fr\/france\/pourquoi-une-goutte-froide-est-elle-synonyme-dinstabilite-6585678.php\" target=\"_blank\" rel=\"noopener\">une goutte froide<\/a> \u00bb, analyse Steven Tual.<\/p>\n<blockquote class=\"twitter-tweet\">\n<p lang=\"fr\" dir=\"ltr\"><a href=\"https:\/\/twitter.com\/hashtag\/Orages?src=hash&amp;ref_src=twsrc%5Etfw\" target=\"_blank\" rel=\"noopener\">#Orages<\/a> \\u2614\\ufe0f\\u26a1\\ufe0f Une s\u00e9quence orageuse en lien avec une goutte froide va se d\u00e9rouler entre mardi et mercredi avec des ph\u00e9nom\u00e8nes parfois stationnaires.<br \/>Au cours de l&rsquo;\u00e9pisode, on peut attendre des cumuls de 20 \u00e0 40 mm (loc. 50-60) avec de forts ruissellements \u00e0 attendre.<a href=\"https:\/\/twitter.com\/hashtag\/Bretagne?src=hash&amp;ref_src=twsrc%5Etfw\" target=\"_blank\" rel=\"noopener\">#Bretagne<\/a><a href=\"https:\/\/t.co\/4m5pkCSqQ2\">pic.twitter.com\/4m5pkCSqQ2<\/a><\/p>\n<p>\u2014 Temps Breton (@Temps_Breton) <a href=\"https:\/\/twitter.com\/Temps_Breton\/status\/1957531134889205926?ref_src=twsrc%5Etfw\" target=\"_blank\" rel=\"noopener\">August 18, 2025<\/a><\/p><\/blockquote>\n<p>\u00ab Cette goutte froide va circuler lentement de la Bretagne vers la r\u00e9gion Centre, ce qui sera propice \u00e0 des ph\u00e9nom\u00e8nes stationnaires pouvant engendrer de fortes pr\u00e9cipitations tr\u00e8s localement. On peut avoir entre 20 et 40 mm de pluie par heure sur quelques communes ce mardi \u00bb, estime le m\u00e9t\u00e9orologue de <a href=\"https:\/\/x.com\/Temps_Breton\" target=\"_blank\">Temps Breton<\/a>. Une petite possibilit\u00e9 de gr\u00eale existe mais \u00ab le ph\u00e9nom\u00e8ne aggravant restera les pluies stationnaires qui pourront provoquer des ruissellements, voire des inondations \u00bb.<\/p>\n<blockquote class=\"twitter-tweet\">\n<p lang=\"fr\" dir=\"ltr\"><a href=\"https:\/\/twitter.com\/hashtag\/Orages?src=hash&amp;ref_src=twsrc%5Etfw\" target=\"_blank\" rel=\"noopener\">#Orages<\/a> \\ud83d\\udfe1\\u26a1\\ufe0f Les orages se forment en Centre-Bretagne en prenant parfois un caract\u00e8re stationnaire. L&rsquo;activit\u00e9 \u00e9lectrique est tr\u00e8s concentr\u00e9e sur le secteur de Loud\u00e9ac. <br \/>Quelques orages plus mobiles circulent sur le Tr\u00e9gor.<br \/>\\ud83d\\udd0e RADAR &#8211; <a href=\"https:\/\/twitter.com\/KeraunosObs?ref_src=twsrc%5Etfw\" target=\"_blank\" rel=\"noopener\">@KeraunosObs<\/a><a href=\"https:\/\/twitter.com\/hashtag\/Bretagne?src=hash&amp;ref_src=twsrc%5Etfw\" target=\"_blank\" rel=\"noopener\">#Bretagne<\/a><a href=\"https:\/\/t.co\/h9N7r5UvnU\">pic.twitter.com\/h9N7r5UvnU<\/a><\/p>\n<p>\u2014 Temps Breton (@Temps_Breton) <a href=\"https:\/\/twitter.com\/Temps_Breton\/status\/1957728677665362178?ref_src=twsrc%5Etfw\" target=\"_blank\" rel=\"noopener\">August 19, 2025<\/a><\/p><\/blockquote>\n<p>Si les ph\u00e9nom\u00e8nes orageux seront tr\u00e8s \u00ab locaux \u00bb ce mardi, ils devraient se g\u00e9n\u00e9raliser la nuit prochaine. \u00ab Les cellules vont s\u2019agglom\u00e9rer les unes aux autres et les pluies seront plus \u201cefficaces\u201d, avec entre 5 et 20 mm sur l\u2019ensemble de la r\u00e9gion, peut-\u00eatre un petit moins au sud de Rennes, et localement entre 20 et 40 mm entre l\u2019est de la presqu\u2019\u00eele de Crozon et le secteur des Montagnes noires \u00bb, selon Steven Tual.<\/p>\n<p>Que les amateurs de soleil se rassurent : \u00ab \u00e0 partir de jeudi, l\u2019anticyclone fera son retour avec un super week-end, beaucoup de soleil et des temp\u00e9ratures estivales \u201c\u00e0 la bretonne\u201d, entre 21 et 26 degr\u00e9s \u00bb, annonce le m\u00e9t\u00e9orologue. Il faudra en profiter car, la semaine prochaine, c\u2019est la pluie qui devrait prendre le pouvoir dans le ciel breton.<\/p>\n<p><script async src=\"https:\/\/platform.twitter.com\/widgets.js\" charset=\"utf-8\"><\/script><\/p>\n","protected":false},"excerpt":{"rendered":"M\u00e9t\u00e9o-France a plac\u00e9 les quatre d\u00e9partements bretons en vigilance jaune orages, ce mardi matin, puis les C\u00f4tes-d&rsquo;Armor en&hellip;\n","protected":false},"author":2,"featured_media":329351,"comment_status":"","ping_status":"","sticky":false,"template":"","format":"standard","meta":{"footnotes":""},"categories":[4],"tags":[11,829,765,1011,27,12,16048,25],"class_list":{"0":"post-329350","1":"post","2":"type-post","3":"status-publish","4":"format-standard","5":"has-post-thumbnail","7":"category-france","8":"tag-actualites","9":"tag-bretagne","10":"tag-en-continu","11":"tag-fr","12":"tag-france","13":"tag-news","14":"tag-newsletter-aujourdhui-en-bretagne","15":"tag-republique-francaise"},"share_on_mastodon":{"url":"https:\/\/pubeurope.com\/@fr\/115055560222094641","error":""},"_links":{"self":[{"href":"https:\/\/www.europesays.com\/fr\/wp-json\/wp\/v2\/posts\/329350","targetHints":{"allow":["GET"]}}],"collection":[{"href":"https:\/\/www.europesays.com\/fr\/wp-json\/wp\/v2\/posts"}],"about":[{"href":"https:\/\/www.europesays.com\/fr\/wp-json\/wp\/v2\/types\/post"}],"author":[{"embeddable":true,"href":"https:\/\/www.europesays.com\/fr\/wp-json\/wp\/v2\/users\/2"}],"replies":[{"embeddable":true,"href":"https:\/\/www.europesays.com\/fr\/wp-json\/wp\/v2\/comments?post=329350"}],"version-history":[{"count":0,"href":"https:\/\/www.europesays.com\/fr\/wp-json\/wp\/v2\/posts\/329350\/revisions"}],"wp:featuredmedia":[{"embeddable":true,"href":"https:\/\/www.europesays.com\/fr\/wp-json\/wp\/v2\/media\/329351"}],"wp:attachment":[{"href":"https:\/\/www.europesays.com\/fr\/wp-json\/wp\/v2\/media?parent=329350"}],"wp:term":[{"taxonomy":"category","embeddable":true,"href":"https:\/\/www.europesays.com\/fr\/wp-json\/wp\/v2\/categories?post=329350"},{"taxonomy":"post_tag","embeddable":true,"href":"https:\/\/www.europesays.com\/fr\/wp-json\/wp\/v2\/tags?post=329350"}],"curies":[{"name":"wp","href":"https:\/\/api.w.org\/{rel}","templated":true}]}}