{"id":329354,"date":"2025-08-19T13:03:11","date_gmt":"2025-08-19T13:03:11","guid":{"rendered":"https:\/\/www.europesays.com\/fr\/329354\/"},"modified":"2025-08-19T13:03:11","modified_gmt":"2025-08-19T13:03:11","slug":"saint-etienne-un-adolescent-roule-sur-le-pied-dun-policier-en-tentant-dechapper-a-un-controle","status":"publish","type":"post","link":"https:\/\/www.europesays.com\/fr\/329354\/","title":{"rendered":"Saint-\u00c9tienne : un adolescent roule sur le pied d\u2019un policier en tentant d\u2019\u00e9chapper \u00e0 un contr\u00f4le"},"content":{"rendered":"<p>Dans la nuit du 15 au 16 ao\u00fbt, une patrouille de police a rep\u00e9r\u00e9 un v\u00e9hicule circulant sans plaque d\u2019immatriculation sur la RD201 entre Saint-\u00c9tienne et Villars.<\/p>\n<p>Selon nos confr\u00e8re du Progr\u00e8s, \u00e0\u00a0la vue des forces de l\u2019ordre, le conducteur a refus\u00e9 d\u2019obtemp\u00e9rer et a pris la fuite \u00e0 vive allure. La course s\u2019est termin\u00e9e dans le quartier de Tarentaise, o\u00f9 la voiture a percut\u00e9 un poteau. Tentant une nouvelle man\u0153uvre pour \u00e9chapper aux policiers, le jeune conducteur <strong>a roul\u00e9 sur le pied d\u2019un agent<\/strong>, blessant sa cheville. Le policier a b\u00e9n\u00e9fici\u00e9 de <strong>3 jours d\u2019ITT<\/strong>.<\/p>\n<p>Le conducteur, \u00e2g\u00e9 de <strong>15 ans<\/strong> et originaire du sud de la France, ainsi que son passager, du m\u00eame \u00e2ge et r\u00e9sidant dans la vall\u00e9e de l\u2019Ondaine, ont \u00e9t\u00e9 interpell\u00e9s. La voiture qu\u2019ils utilisaient avait \u00e9t\u00e9 vol\u00e9e \u00e0 l\u2019oncle du passager.<\/p>\n<p>Plac\u00e9s en garde \u00e0 vue, les deux adolescents seront convoqu\u00e9s devant le juge des enfants. Le conducteur devra r\u00e9pondre de refus d\u2019obtemp\u00e9rer, <strong>conduite \u00e0 vitesse excessive, d\u00e9faut de permis et vol par ruse, tandis que son passager est poursuivi pour vol par ruse<\/strong>.<\/p>\n<p>C. Ercilla<\/p>\n","protected":false},"excerpt":{"rendered":"Dans la nuit du 15 au 16 ao\u00fbt, une patrouille de police a rep\u00e9r\u00e9 un v\u00e9hicule circulant sans&hellip;\n","protected":false},"author":2,"featured_media":329355,"comment_status":"","ping_status":"","sticky":false,"template":"","format":"standard","meta":{"footnotes":""},"categories":[9653],"tags":[1111,11,2430,1777,674,1011,27,12,25,4001],"class_list":{"0":"post-329354","1":"post","2":"type-post","3":"status-publish","4":"format-standard","5":"has-post-thumbnail","7":"category-saint-etienne","8":"tag-actu","9":"tag-actualites","10":"tag-auvergne-rhone-alpes","11":"tag-eu","12":"tag-europe","13":"tag-fr","14":"tag-france","15":"tag-news","16":"tag-republique-francaise","17":"tag-saint-etienne"},"share_on_mastodon":{"url":"https:\/\/pubeurope.com\/@fr\/115055572077486335","error":""},"_links":{"self":[{"href":"https:\/\/www.europesays.com\/fr\/wp-json\/wp\/v2\/posts\/329354","targetHints":{"allow":["GET"]}}],"collection":[{"href":"https:\/\/www.europesays.com\/fr\/wp-json\/wp\/v2\/posts"}],"about":[{"href":"https:\/\/www.europesays.com\/fr\/wp-json\/wp\/v2\/types\/post"}],"author":[{"embeddable":true,"href":"https:\/\/www.europesays.com\/fr\/wp-json\/wp\/v2\/users\/2"}],"replies":[{"embeddable":true,"href":"https:\/\/www.europesays.com\/fr\/wp-json\/wp\/v2\/comments?post=329354"}],"version-history":[{"count":0,"href":"https:\/\/www.europesays.com\/fr\/wp-json\/wp\/v2\/posts\/329354\/revisions"}],"wp:featuredmedia":[{"embeddable":true,"href":"https:\/\/www.europesays.com\/fr\/wp-json\/wp\/v2\/media\/329355"}],"wp:attachment":[{"href":"https:\/\/www.europesays.com\/fr\/wp-json\/wp\/v2\/media?parent=329354"}],"wp:term":[{"taxonomy":"category","embeddable":true,"href":"https:\/\/www.europesays.com\/fr\/wp-json\/wp\/v2\/categories?post=329354"},{"taxonomy":"post_tag","embeddable":true,"href":"https:\/\/www.europesays.com\/fr\/wp-json\/wp\/v2\/tags?post=329354"}],"curies":[{"name":"wp","href":"https:\/\/api.w.org\/{rel}","templated":true}]}}