{"id":329362,"date":"2025-08-19T13:09:14","date_gmt":"2025-08-19T13:09:14","guid":{"rendered":"https:\/\/www.europesays.com\/fr\/329362\/"},"modified":"2025-08-19T13:09:14","modified_gmt":"2025-08-19T13:09:14","slug":"montpellier-nouchi-a-prolonge","status":"publish","type":"post","link":"https:\/\/www.europesays.com\/fr\/329362\/","title":{"rendered":"Montpellier : Nouchi a prolong\u00e9 !"},"content":{"rendered":"<p class=\"date\">\n                                                            Aur\u00e9lie Sacchelli, Media365, publi\u00e9 le mardi 19 ao\u00fbt 2025 \u00e0 11h22\n                                                    <\/p>\n<p>Le MHR a annonc\u00e9 la prolongation du contrat de son troisi\u00e8me ligne international Lenni Nouchi (21 ans) jusqu&rsquo;en juin 2028. Le joueur form\u00e9 au sein du club h\u00e9raultais \u00e9tait pourtant courtis\u00e9 par Toulon.<\/p>\n<p>Fin du suspense \u00e0 Montpellier ! Lenni Nouchi va bel et bien rester au MHR, malgr\u00e9 l&rsquo;insistance du RC Toulon. Le club h\u00e9raultais a annonc\u00e9 la bonne nouvelle \u00e0 ses supporters lundi soir via son compte X : le troisi\u00e8me ligne international de 21 ans a prolong\u00e9 son contrat jusqu&rsquo;en juin 2028. En mai 2024, le fils de Samuel Nouchi (ancien deuxi\u00e8me ligne de Toulon, Biarritz, Agen, Montpellier&#8230;) avait sign\u00e9 un nouveau bail jusqu&rsquo;en 2026, mais il se projette d\u00e9sormais sur le long terme avec le club qu&rsquo;il a rejoint en 2021, apr\u00e8s avoir \u00e9t\u00e9 form\u00e9 \u00e0 B\u00e9ziers. <strong>Lenni Nouchi avait re\u00e7u une offre de Toulon, dont son p\u00e8re avait port\u00e9 les couleurs entre 1997 et 2000, pour un contrat de quatre ans.<\/strong> Apr\u00e8s avoir longtemps h\u00e9sit\u00e9, il a finalement refus\u00e9 la proposition varoise. Le troisi\u00e8me ligne reste donc au sein du club 9e de la derni\u00e8re saison de Top 14, et qui disputera donc la Challenge Cup. Lenni Nouchi, qui a parfois \u00e9t\u00e9 capitaine du MHR, compte d\u00e9j\u00e0 55 matchs sous le maillot h\u00e9raultais, dont 36 comme titulaire (7 essais marqu\u00e9s), et reste sur une saison \u00e0 25 matchs (toutes comp\u00e9titions confondues) et 3 essais, la plus prolifique de sa jeune carri\u00e8re.<\/p>\n<p>Vunipola prolong\u00e9 aussi ?<\/p>\n<p>Ancien capitaine de la s\u00e9lection fran\u00e7aise U20 championne du monde en 2023, le Montpelli\u00e9rain a d\u00e9couvert le maillot des A il y a un peu plus d&rsquo;un an, lors de la Tourn\u00e9e d&rsquo;\u00e9t\u00e9 en Argentine. Son compteur de s\u00e9lections reste pour l&rsquo;instant bloqu\u00e9 \u00e0 deux, mais il est r\u00e9guli\u00e8rement appel\u00e9 dans les listes de 42 de Fabien Galthi\u00e9. <strong>Consid\u00e9r\u00e9 comme un grand espoir \u00e0 son poste, Nouchi doit pour l&rsquo;instant faire face \u00e0 la concurrence de Fran\u00e7ois Cros et Paul Boudehent<\/strong>, les deux titulaires indiscutables lors du dernier Tournoi des 6 Nations. Selon les informations de Midi Olympique, le MHR devrait prochainement annoncer la prolongation d&rsquo;un autre cadre de la troisi\u00e8me ligne, l&rsquo;ancien international anglais Billy Vunipola (32 ans), jusqu&rsquo;en 2027. Il a disput\u00e9 27 matchs la saison pass\u00e9e.<\/p>\n","protected":false},"excerpt":{"rendered":"Aur\u00e9lie Sacchelli, Media365, publi\u00e9 le mardi 19 ao\u00fbt 2025 \u00e0 11h22 Le MHR a annonc\u00e9 la prolongation du&hellip;\n","protected":false},"author":2,"featured_media":329363,"comment_status":"","ping_status":"","sticky":false,"template":"","format":"standard","meta":{"footnotes":""},"categories":[9599],"tags":[1111,11,1777,674,1011,27,2208,12,2680,25],"class_list":{"0":"post-329362","1":"post","2":"type-post","3":"status-publish","4":"format-standard","5":"has-post-thumbnail","7":"category-montpellier","8":"tag-actu","9":"tag-actualites","10":"tag-eu","11":"tag-europe","12":"tag-fr","13":"tag-france","14":"tag-montpellier","15":"tag-news","16":"tag-occitanie","17":"tag-republique-francaise"},"share_on_mastodon":{"url":"https:\/\/pubeurope.com\/@fr\/115055595530570628","error":""},"_links":{"self":[{"href":"https:\/\/www.europesays.com\/fr\/wp-json\/wp\/v2\/posts\/329362","targetHints":{"allow":["GET"]}}],"collection":[{"href":"https:\/\/www.europesays.com\/fr\/wp-json\/wp\/v2\/posts"}],"about":[{"href":"https:\/\/www.europesays.com\/fr\/wp-json\/wp\/v2\/types\/post"}],"author":[{"embeddable":true,"href":"https:\/\/www.europesays.com\/fr\/wp-json\/wp\/v2\/users\/2"}],"replies":[{"embeddable":true,"href":"https:\/\/www.europesays.com\/fr\/wp-json\/wp\/v2\/comments?post=329362"}],"version-history":[{"count":0,"href":"https:\/\/www.europesays.com\/fr\/wp-json\/wp\/v2\/posts\/329362\/revisions"}],"wp:featuredmedia":[{"embeddable":true,"href":"https:\/\/www.europesays.com\/fr\/wp-json\/wp\/v2\/media\/329363"}],"wp:attachment":[{"href":"https:\/\/www.europesays.com\/fr\/wp-json\/wp\/v2\/media?parent=329362"}],"wp:term":[{"taxonomy":"category","embeddable":true,"href":"https:\/\/www.europesays.com\/fr\/wp-json\/wp\/v2\/categories?post=329362"},{"taxonomy":"post_tag","embeddable":true,"href":"https:\/\/www.europesays.com\/fr\/wp-json\/wp\/v2\/tags?post=329362"}],"curies":[{"name":"wp","href":"https:\/\/api.w.org\/{rel}","templated":true}]}}