{"id":329368,"date":"2025-08-19T13:15:12","date_gmt":"2025-08-19T13:15:12","guid":{"rendered":"https:\/\/www.europesays.com\/fr\/329368\/"},"modified":"2025-08-19T13:15:12","modified_gmt":"2025-08-19T13:15:12","slug":"ligue-1-la-programmation-de-rennes","status":"publish","type":"post","link":"https:\/\/www.europesays.com\/fr\/329368\/","title":{"rendered":"Ligue 1 : la programmation de Rennes"},"content":{"rendered":"<p>                            <img width=\"770\" height=\"433\" src=\"https:\/\/www.europesays.com\/fr\/wp-content\/uploads\/2025\/08\/AFP__20240818__36EG8U4__v1__HighRes__FblFraLigue1RennesLyon-e1724014219129-770x433.jpg\" class=\"attachment-article size-article wp-post-image\" alt=\"Moussa Niakhat\u00e9 (OL) contre Rennes\" decoding=\"async\" fetchpriority=\"high\"  \/><\/p>\n<p>Moussa Niakhat\u00e9 (OL) contre Rennes (Photo by FRED TANNEAU \/ AFP)<\/p>\n<p>L&rsquo;OL ne conna\u00eetra pas tout de suite la date de son d\u00e9placement \u00e0 Rennes. La Ligue a diffus\u00e9 une programmation partielle de la 4e journ\u00e9e.<\/p>\n<p>Les al\u00e9as de la programmation des week-ends de Ligue 1 est de retour. Si elle a communiqu\u00e9 assez t\u00f4t sur les trois premi\u00e8res, la quatri\u00e8me attendra. Ce mardi, la LFP a expliqu\u00e9 que le calendrier complet pour la p\u00e9riode du 12 au 14 septembre ne serait pas d\u00e9voil\u00e9 avant le 1er septembre, soit apr\u00e8s la planification de la phase de ligue de la Ligue des champions.<\/p>\n<p>Bien qu&rsquo;aucune des deux formations ne soit concern\u00e9e, la date du duel entre Rennes et l&rsquo;OL n&rsquo;a pas \u00e9t\u00e9 annonc\u00e9e. Au contraire de Brest &#8211; Paris FC et de Metz &#8211; Angers, qui auront lieu le dimanche au cours du multiplexe de 17h15. \u00c0 noter que cette quatri\u00e8me journ\u00e9e interviendra apr\u00e8s la premi\u00e8re tr\u00eave internationale de septembre. <\/p>\n<p>L&rsquo;OL ne devrait pas jouer le vendredi 12 septembre<\/p>\n<p>Puisque la C1 reprendra le mardi 16, on peut penser que le PSG, <a href=\"https:\/\/www.olympique-et-lyonnais.com\/ligue-1-le-choc-ol-om-le-dimanche-31-aout-a-20h45,372538.html\" rel=\"nofollow noopener\" target=\"_blank\">Marseille<\/a> ou Monaco, les clubs fran\u00e7ais qualifi\u00e9s pour la prestigieuse comp\u00e9tition, jouera le vendredi soir. Pour l&rsquo;Olympique lyonnais, <a href=\"https:\/\/www.olympique-et-lyonnais.com\/les-dates-de-la-ligue-europa-2025-2026-pour-lol,364892.html\" rel=\"nofollow noopener\" target=\"_blank\">la Ligue Europa<\/a> reviendra le 24 ou 25 septembre. <\/p>\n<p>La formation rhodanienne n&rsquo;a donc pas d&rsquo;imp\u00e9ratif de calendrier. Ce ne sera pas le cas ensuite, \u00e0 commencer par la r\u00e9ception d&rsquo;Angers le week-end du 20-21. Juste avant d&rsquo;entrer en lice en C3, et alors qu&rsquo;il faudra aller \u00e0 Lille ensuite, sans doute le dimanche 28 septembre. <\/p>\n","protected":false},"excerpt":{"rendered":"Moussa Niakhat\u00e9 (OL) contre Rennes (Photo by FRED TANNEAU \/ AFP) L&rsquo;OL ne conna\u00eetra pas tout de suite&hellip;\n","protected":false},"author":2,"featured_media":329369,"comment_status":"","ping_status":"","sticky":false,"template":"","format":"standard","meta":{"footnotes":""},"categories":[2821],"tags":[1111,11,829,1777,674,1011,27,66,12,241,584,25],"class_list":{"0":"post-329368","1":"post","2":"type-post","3":"status-publish","4":"format-standard","5":"has-post-thumbnail","7":"category-rennes","8":"tag-actu","9":"tag-actualites","10":"tag-bretagne","11":"tag-eu","12":"tag-europe","13":"tag-fr","14":"tag-france","15":"tag-ligue-1","16":"tag-news","17":"tag-ol","18":"tag-rennes","19":"tag-republique-francaise"},"share_on_mastodon":{"url":"https:\/\/pubeurope.com\/@fr\/115055619525846100","error":""},"_links":{"self":[{"href":"https:\/\/www.europesays.com\/fr\/wp-json\/wp\/v2\/posts\/329368","targetHints":{"allow":["GET"]}}],"collection":[{"href":"https:\/\/www.europesays.com\/fr\/wp-json\/wp\/v2\/posts"}],"about":[{"href":"https:\/\/www.europesays.com\/fr\/wp-json\/wp\/v2\/types\/post"}],"author":[{"embeddable":true,"href":"https:\/\/www.europesays.com\/fr\/wp-json\/wp\/v2\/users\/2"}],"replies":[{"embeddable":true,"href":"https:\/\/www.europesays.com\/fr\/wp-json\/wp\/v2\/comments?post=329368"}],"version-history":[{"count":0,"href":"https:\/\/www.europesays.com\/fr\/wp-json\/wp\/v2\/posts\/329368\/revisions"}],"wp:featuredmedia":[{"embeddable":true,"href":"https:\/\/www.europesays.com\/fr\/wp-json\/wp\/v2\/media\/329369"}],"wp:attachment":[{"href":"https:\/\/www.europesays.com\/fr\/wp-json\/wp\/v2\/media?parent=329368"}],"wp:term":[{"taxonomy":"category","embeddable":true,"href":"https:\/\/www.europesays.com\/fr\/wp-json\/wp\/v2\/categories?post=329368"},{"taxonomy":"post_tag","embeddable":true,"href":"https:\/\/www.europesays.com\/fr\/wp-json\/wp\/v2\/tags?post=329368"}],"curies":[{"name":"wp","href":"https:\/\/api.w.org\/{rel}","templated":true}]}}