{"id":329370,"date":"2025-08-19T13:16:10","date_gmt":"2025-08-19T13:16:10","guid":{"rendered":"https:\/\/www.europesays.com\/fr\/329370\/"},"modified":"2025-08-19T13:16:10","modified_gmt":"2025-08-19T13:16:10","slug":"strasbourg-pas-encore-fini-le-ring-velo-seduit-deja-cest-super-pratique","status":"publish","type":"post","link":"https:\/\/www.europesays.com\/fr\/329370\/","title":{"rendered":"Strasbourg. Pas encore fini, le ring v\u00e9lo s\u00e9duit d\u00e9j\u00e0 : \u00ab\u00a0C&rsquo;est super pratique !\u00a0\u00bb"},"content":{"rendered":"<p>            Par<br \/>\n        <strong><br \/>\n            <a href=\"https:\/\/actu.fr\/auteur\/ivan-capecchi\" title=\"Consulter tous les articles de Ivan CAPECCHI\" rel=\"nofollow noopener\" target=\"_blank\">Ivan CAPECCHI<\/a><br \/>\n        <\/strong><\/p>\n<p>        Publi\u00e9 le<\/p>\n<p>            19 ao\u00fbt 2025 \u00e0 11h44        <\/p>\n<p>Projet phare de la Ville de Strasbourg, le <a href=\"https:\/\/actu.fr\/grand-est\/strasbourg_67482\/strasbourg-voici-la-carte-des-nombreux-travaux-prevus-cette-annee-pour-le-ring-velo_62121636.html\" rel=\"nofollow noopener\" target=\"_blank\">ring v\u00e9lo<\/a>, ce <strong>contournement cyclable et pi\u00e9ton de la Grande-\u00cele de pr\u00e8s de 4\u00a0km<\/strong>, prend forme petit \u00e0 petit, jusqu\u2019\u00e0 son quasi ach\u00e8vement* d\u2019ici la fin du mandat. De larges portions ont d\u00e9j\u00e0 \u00e9t\u00e9 r\u00e9alis\u00e9es, comme aux abords de la <strong>Manufacture des Tabacs<\/strong>, le long de la <a href=\"https:\/\/actu.fr\/grand-est\/strasbourg_67482\/cette-rue-frequentee-de-strasbourg-se-transforme-pour-accueillir-plus-de-velos-voici-ce-qui-est-prevu_62922050.html\" rel=\"nofollow noopener\" target=\"_blank\">rue des Orphelins<\/a>, ou encore au niveau du quai Schoepflin. Nous sommes partis \u00e0 la rencontre des habitants pour prendre la temp\u00e9rature et le moins que l\u2019on puisse dire est que la m\u00e9t\u00e9o est au beau fixe.<\/p>\n<p>Ring v\u00e9lo\u2009: \u00ab\u2009C\u2019est une infrastructure qui manquait\u2009\u00bb<\/p>\n<p class=\" wall-content\">Pour Le\u00efla, 44\u00a0ans,<strong> c\u2019est \u00ab\u2009le jour et la nuit\u2009\u00bb<\/strong>. \u00ab\u2009C\u2019est cool, c\u2019est vraiment classe\u2009\u00bb, ajoute-t-elle, pr\u00e9cisant regretter que \u00ab\u2009la maire de Strasbourg [fasse l\u2019objet] d\u2019autant de calomnies [de la part de ses opposants]\u2009\u00bb. \u00ab\u2009C\u2019est injuste\u2009\u00bb, ponctue-t-elle. \u00ab<strong>\u2009C\u2019est une infrastructure qui manquait, \u00e7a se greffe bien au r\u00e9seau existant<\/strong>\u2009\u00bb, abonde Aude, une m\u00e8re de famille de 43\u00a0ans, qui a l\u2019habitude de se d\u00e9placer en v\u00e9lo cargo.<\/p>\n<p>\u00ab\u2009On se sent beaucoup plus en s\u00e9curit\u00e9 qu\u2019\u00e0 Paris\u2009\u00bb<\/p>\n<p class=\" wall-content\">Matthis, 22\u00a0ans, \u00e9tudiant \u00e0 Paris mais originaire de Strasbourg, met, lui, en avant la<strong> qualit\u00e9 des am\u00e9nagements<\/strong>. \u00ab<strong>\u2009Par rapport \u00e0 Paris, on se sent beaucoup plus en s\u00e9curit\u00e9<\/strong>\u2009\u00bb, compare-t-il. Il d\u00e9veloppe\u2009: \u00ab\u2009Par exemple \u00e0 Strasbourg, ils ont mis des <strong>rebords inclin\u00e9s<\/strong> le long de la piste cyclable, ce qui fait que m\u00eame si on roule dessus, \u00e7a n\u2019est pas grave, alors qu\u2019\u00e0 Paris, si tu te rates, tu te casses la gueule\u2009\u00bb. Des rebords inclin\u00e9s compt\u00e9s comme des bons points par <strong>Altis Play<\/strong>, un influenceur <a href=\"https:\/\/actu.fr\/grand-est\/strasbourg_67482\/dans-une-video-cet-expert-du-velo-passe-strasbourg-au-crible-voici-sa-note-finale_63021558.html\" rel=\"nofollow noopener\" target=\"_blank\">expert du v\u00e9lo qui a r\u00e9cemment publi\u00e9 une vid\u00e9o o\u00f9 il passe la capitale alsacienne au crible<\/a> sur ce sujet.<\/p>\n<p>D\u00e9sengorger la Grande-\u00cele, un pari en passe d\u2019\u00eatre gagn\u00e9\u2009?<\/p>\n<p class=\" wall-content\">Le pari de la municipalit\u00e9, avec le ring v\u00e9lo, est que <strong>les cyclistes l\u2019empruntent plut\u00f4t que de traverser la Grande-\u00cele<\/strong>, afin de<strong> d\u00e9sengorger cette derni\u00e8re<\/strong> et de r\u00e9duire les <a href=\"https:\/\/actu.fr\/grand-est\/strasbourg_67482\/strasbourg-comment-mettre-fin-au-chaos-pietons-cyclistes-dans-certaines-rues_45127914.html\" rel=\"nofollow noopener\" target=\"_blank\">conflits pi\u00e9tons\/cyclistes<\/a> qui s\u2019observent \u00e0 plusieurs endroits (Grand\u2019Rue, rue des Grandes Arcades, rue des Francs-Bourgeois\u2026). <strong>Et ce pari semble en bonne voie d\u2019\u00eatre r\u00e9ussi<\/strong>. \u00ab<strong>\u2009J\u2019ai tendance \u00e0 contourner plut\u00f4t qu\u2019\u00e0 passer par le centre, c\u2019est super pratique\u2009!<\/strong>\u2009\u00bb, confirme ainsi Lucie. \u00ab\u2009Je commence \u00e0 prendre l\u2019habitude\u2009\u00bb, glisse pour sa part Le\u00efla, cit\u00e9e plus haut.<\/p>\n<p>Changement d\u2019habitudes<\/p>\n<p class=\" wall-content\">Seule petite ombre au tableau\u2009: \u00ab<strong>\u2009Il faut encore que certains automobilistes changent leurs habitudes\u2009\u00bb<\/strong>, rel\u00e8ve Aude.<\/p>\n<p class=\" wall-content\">Un sujet qui pose effectivement probl\u00e8me \u00e0 au moins deux endroits du ring v\u00e9lo, <strong>quai Schoepflin et rue de la Krutenau<\/strong>, o\u00f9 c\u00e9dez-le-passage et panneaux stop sont r\u00e9guli\u00e8rement ignor\u00e9s, <a href=\"https:\/\/actu.fr\/grand-est\/strasbourg_67482\/strasbourg-lies-au-ring-velo-ces-nouveaux-amenagements-sont-juges-dangereux-c-est-une-horreur_63034340.html\" rel=\"nofollow noopener\" target=\"_blank\">rendant ces am\u00e9nagements dangereux<\/a>.<\/p>\n<p>Votre r\u00e9gion, votre actu !<\/p>\n<p>Recevez chaque jour les infos qui comptent pour vous.<\/p>\n<p>\t<a href=\"https:\/\/actu.fr\/newsletter\" class=\"ac-btn ac-btn--corner ac-btn--medium ac-btn--blue800\" rel=\"nofollow noopener\" target=\"_blank\">S&rsquo;incrire<\/a><\/p>\n<p class=\" wall-content\">*Seuls deux petits tron\u00e7ons seront r\u00e9alis\u00e9s ult\u00e9rieurement.<\/p>\n<p class=\" wall-content\">Personnalisez votre actualit\u00e9 en ajoutant vos villes et m\u00e9dias en favori avec <a href=\"https:\/\/moncompte.actu.fr\" title=\"D\u00e9couvez Mon Actu\" rel=\"nofollow noopener\" data-trk=\"{&quot;cta&quot;:{&quot;action&quot;:&quot;https:\\\/\\\/moncompte.actu.fr&quot;,&quot;category&quot;:&quot;mon compte&quot;,&quot;from&quot;:&quot;article footer&quot;,&quot;name&quot;:&quot;Mon actu&quot;,&quot;type&quot;:&quot;cta&quot;}}\" target=\"_blank\">Mon Actu<\/a>.<\/p>\n","protected":false},"excerpt":{"rendered":"Par Ivan CAPECCHI Publi\u00e9 le 19 ao\u00fbt 2025 \u00e0 11h44 Projet phare de la Ville de Strasbourg, le&hellip;\n","protected":false},"author":2,"featured_media":329371,"comment_status":"","ping_status":"","sticky":false,"template":"","format":"standard","meta":{"footnotes":""},"categories":[2820],"tags":[1111,11,1777,674,1011,27,775,12,25,104,640],"class_list":{"0":"post-329370","1":"post","2":"type-post","3":"status-publish","4":"format-standard","5":"has-post-thumbnail","7":"category-strasbourg","8":"tag-actu","9":"tag-actualites","10":"tag-eu","11":"tag-europe","12":"tag-fr","13":"tag-france","14":"tag-grand-est","15":"tag-news","16":"tag-republique-francaise","17":"tag-societe","18":"tag-strasbourg"},"share_on_mastodon":{"url":"https:\/\/pubeurope.com\/@fr\/115055623108197756","error":""},"_links":{"self":[{"href":"https:\/\/www.europesays.com\/fr\/wp-json\/wp\/v2\/posts\/329370","targetHints":{"allow":["GET"]}}],"collection":[{"href":"https:\/\/www.europesays.com\/fr\/wp-json\/wp\/v2\/posts"}],"about":[{"href":"https:\/\/www.europesays.com\/fr\/wp-json\/wp\/v2\/types\/post"}],"author":[{"embeddable":true,"href":"https:\/\/www.europesays.com\/fr\/wp-json\/wp\/v2\/users\/2"}],"replies":[{"embeddable":true,"href":"https:\/\/www.europesays.com\/fr\/wp-json\/wp\/v2\/comments?post=329370"}],"version-history":[{"count":0,"href":"https:\/\/www.europesays.com\/fr\/wp-json\/wp\/v2\/posts\/329370\/revisions"}],"wp:featuredmedia":[{"embeddable":true,"href":"https:\/\/www.europesays.com\/fr\/wp-json\/wp\/v2\/media\/329371"}],"wp:attachment":[{"href":"https:\/\/www.europesays.com\/fr\/wp-json\/wp\/v2\/media?parent=329370"}],"wp:term":[{"taxonomy":"category","embeddable":true,"href":"https:\/\/www.europesays.com\/fr\/wp-json\/wp\/v2\/categories?post=329370"},{"taxonomy":"post_tag","embeddable":true,"href":"https:\/\/www.europesays.com\/fr\/wp-json\/wp\/v2\/tags?post=329370"}],"curies":[{"name":"wp","href":"https:\/\/api.w.org\/{rel}","templated":true}]}}