{"id":329376,"date":"2025-08-19T13:19:10","date_gmt":"2025-08-19T13:19:10","guid":{"rendered":"https:\/\/www.europesays.com\/fr\/329376\/"},"modified":"2025-08-19T13:19:10","modified_gmt":"2025-08-19T13:19:10","slug":"enquete-ouverte-a-nice-apres-la-mort-en-direct-dun-streamer-humilie-depuis-des-mois-2","status":"publish","type":"post","link":"https:\/\/www.europesays.com\/fr\/329376\/","title":{"rendered":"Enqu\u00eate ouverte \u00e0 Nice apr\u00e8s la mort en direct d&rsquo;un \u00ab\u00a0streamer\u00a0\u00bb humili\u00e9 depuis des mois"},"content":{"rendered":"<p>Le parquet de Nice a annonc\u00e9 ce mardi ouvrir \u00ab\u00a0une enqu\u00eate en recherche des causes de la mort\u00a0\u00bb \u00e0 la suite du d\u00e9c\u00e8s \u00ab\u00a0lors d&rsquo;un live streaming\u00a0\u00bb sur une plateforme vid\u00e9o dans la nuit de dimanche \u00e0 lundi \u00e0 Contes (Alpes-Maritimes) d&rsquo;un homme de 46 ans, protagoniste de vid\u00e9os controvers\u00e9es.<\/p>\n<p>Rapha\u00ebl Graven, 46 ans, connu en ligne sous les pseudos \u00ab\u00a0Jean\u00a0Pormanove\u00a0\u00bb ou \u00ab\u00a0JP\u00a0\u00bb, est d\u00e9c\u00e9d\u00e9\u00a0dans la nuit de dimanche \u00e0 lundi \u00e0 Contes (Alpes-Maritimes), a annonc\u00e9 le parquet. Il \u00e9tait connu pour participer \u00e0 des vid\u00e9os le montrant subissant violences et autres humiliations, notamment de deux partenaires connus sous les pseudos de \u00ab\u00a0Narutovie\u00a0\u00bb et \u00ab\u00a0Safine\u00a0\u00bb. Le parquet a indiqu\u00e9 avoir <strong>ouvert une enqu\u00eate en \u00ab\u00a0recherche des causes de la mort\u00a0\u00bb<\/strong> et ordonn\u00e9 une autopsie.<\/p>\n<p>Une enqu\u00eate pr\u00e9liminaire avait d\u00e9j\u00e0 \u00e9t\u00e9 ouverte<\/p>\n<p>L&rsquo;<strong>enqu\u00eate a \u00e9t\u00e9 confi\u00e9e \u00e0 la police judiciaire de Nice<\/strong>, d\u00e9j\u00e0 saisie depuis d\u00e9cembre 2024 d&rsquo;une enqu\u00eate notamment pour \u00ab\u00a0violences volontaires en r\u00e9union sur personnes vuln\u00e9rables (&#8230;) et diffusion d&rsquo;enregistrement d&rsquo;images relatives \u00e0 la commission d&rsquo;infractions d&rsquo;atteintes volontaires \u00e0 l&rsquo;int\u00e9grit\u00e9 de la personne\u00a0\u00bb.<\/p>\n<p>Apr\u00e8s la parution d&rsquo;un article de M\u00e9diapart r\u00e9v\u00e9lant l&rsquo;existence de ces vid\u00e9os, suivies par des milliers de personnes, notamment sur la plateforme australienne de diffusion en direct Kick, une enqu\u00eate pr\u00e9liminaire avait \u00e9t\u00e9 ouverte par le parquet de Nice \u00e0 l&rsquo;encontre des deux hommes, ils avaient \u00e9t\u00e9 <strong>plac\u00e9s en garde \u00e0 vue puis rel\u00e2ch\u00e9s<\/strong>.<\/p>\n<p>La ministre du Num\u00e9rique a saisi l&rsquo;Arcom<\/p>\n<p>Clara Chappaz, ministre d\u00e9l\u00e9gu\u00e9e charg\u00e9e du Num\u00e9rique, a d\u00e9nonc\u00e9 sur le r\u00e9seau X \u00ab\u00a0une horreur absolue\u00a0\u00bb et indiqu\u00e9 avoir \u00ab\u00a0<strong>saisi l&rsquo;Arcom et effectu\u00e9 un signalement sur Pharos<\/strong>\u00ab\u00a0, le service de lutte contre la violence en ligne.\u00a0\u00ab\u00a0J&rsquo;ai \u00e9galement contact\u00e9 les responsables de la plateforme pour obtenir des explications. La responsabilit\u00e9 des plateformes en ligne sur la diffusion de contenus illicites n&rsquo;est pas une option\u00a0: c&rsquo;est la loi\u00a0\u00bb, a-t-elle soulign\u00e9.<\/p>\n<p>Interrog\u00e9e par mail par l&rsquo;AFP sur cette affaire, la plateforme Kick a r\u00e9pondu \u00ab\u00a0<strong>ne pouvoir donner aucune information<\/strong> en raison de notre politique de confidentialit\u00e9\u00a0\u00bb. Dans ses conditions d&rsquo;utilisation, le site souligne que \u00ab\u00a0bien que la violence puisse \u00eatre contextuelle et avoir des cons\u00e9quences variables, nous interdisons tout contenu repr\u00e9sentant ou incitant \u00e0 une violence odieuse\u00a0\u00bb.<\/p>\n<p>Kick est une plateforme australienne, grande concurrente du leader mondial du live streaming Twitch et aux <strong>r\u00e8gles de mod\u00e9ration plus rel\u00e2ch\u00e9es<\/strong>.<\/p>\n","protected":false},"excerpt":{"rendered":"Le parquet de Nice a annonc\u00e9 ce mardi ouvrir \u00ab\u00a0une enqu\u00eate en recherche des causes de la mort\u00a0\u00bb&hellip;\n","protected":false},"author":2,"featured_media":329377,"comment_status":"","ping_status":"","sticky":false,"template":"","format":"standard","meta":{"footnotes":""},"categories":[2819],"tags":[1111,11,1777,674,1011,27,12,2401,882,25],"class_list":{"0":"post-329376","1":"post","2":"type-post","3":"status-publish","4":"format-standard","5":"has-post-thumbnail","7":"category-nice","8":"tag-actu","9":"tag-actualites","10":"tag-eu","11":"tag-europe","12":"tag-fr","13":"tag-france","14":"tag-news","15":"tag-nice","16":"tag-provence-alpes-cote-dazur","17":"tag-republique-francaise"},"share_on_mastodon":{"url":"https:\/\/pubeurope.com\/@fr\/115055634837953415","error":""},"_links":{"self":[{"href":"https:\/\/www.europesays.com\/fr\/wp-json\/wp\/v2\/posts\/329376","targetHints":{"allow":["GET"]}}],"collection":[{"href":"https:\/\/www.europesays.com\/fr\/wp-json\/wp\/v2\/posts"}],"about":[{"href":"https:\/\/www.europesays.com\/fr\/wp-json\/wp\/v2\/types\/post"}],"author":[{"embeddable":true,"href":"https:\/\/www.europesays.com\/fr\/wp-json\/wp\/v2\/users\/2"}],"replies":[{"embeddable":true,"href":"https:\/\/www.europesays.com\/fr\/wp-json\/wp\/v2\/comments?post=329376"}],"version-history":[{"count":0,"href":"https:\/\/www.europesays.com\/fr\/wp-json\/wp\/v2\/posts\/329376\/revisions"}],"wp:featuredmedia":[{"embeddable":true,"href":"https:\/\/www.europesays.com\/fr\/wp-json\/wp\/v2\/media\/329377"}],"wp:attachment":[{"href":"https:\/\/www.europesays.com\/fr\/wp-json\/wp\/v2\/media?parent=329376"}],"wp:term":[{"taxonomy":"category","embeddable":true,"href":"https:\/\/www.europesays.com\/fr\/wp-json\/wp\/v2\/categories?post=329376"},{"taxonomy":"post_tag","embeddable":true,"href":"https:\/\/www.europesays.com\/fr\/wp-json\/wp\/v2\/tags?post=329376"}],"curies":[{"name":"wp","href":"https:\/\/api.w.org\/{rel}","templated":true}]}}