{"id":329378,"date":"2025-08-19T13:22:12","date_gmt":"2025-08-19T13:22:12","guid":{"rendered":"https:\/\/www.europesays.com\/fr\/329378\/"},"modified":"2025-08-19T13:22:12","modified_gmt":"2025-08-19T13:22:12","slug":"apres-avoir-roule-600-km-il-est-arrete-avec-34-grammes-dalcool-et-son-fils-de-9-ans-a-larriere","status":"publish","type":"post","link":"https:\/\/www.europesays.com\/fr\/329378\/","title":{"rendered":"Apr\u00e8s avoir roul\u00e9 600 km, il est arr\u00eat\u00e9 avec 3,4 grammes d\u2019alcool et son fils de 9 ans \u00e0 l\u2019arri\u00e8re"},"content":{"rendered":"<p><strong>DANGER PUBLIC &#8211; Un conducteur de 36 ans fortement alcoolis\u00e9 a \u00e9t\u00e9 arr\u00eat\u00e9 lundi apr\u00e8s-midi \u00e0 Rez\u00e9 (Loire-Atlantique) alors qu\u2019il rentrait de Toulouse avec son fils \u00e0 l\u2019arri\u00e8re<\/strong><\/p>\n<p>Il n\u2019a fort heureusement pas provoqu\u00e9 <a href=\"https:\/\/www.20minutes.fr\/dossier\/accident_de_la_route?at_medium=RSS%20feed&amp;at_campaign=ynews&amp;utm_source=yahoo&amp;utm_medium=rss&amp;utm_campaign=news_feed&amp;utm_content=in_article_link\" rel=\"nofollow noopener\" target=\"_blank\" data-ylk=\"slk:d\u2019accident;elm:context_link;itc:0;sec:content-canvas\" class=\"link \">d\u2019accident<\/a>. Lundi apr\u00e8s-midi, un homme de 36 ans a \u00e9t\u00e9 intercept\u00e9 lors d\u2019un contr\u00f4le routier \u00e0 Rez\u00e9 pr\u00e8s de Nantes. Au moment de son arrestation par les motards de la police, l\u2019homme conduisait avec une bouteille d\u2019alcool entre les jambes et son fils de 9 ans \u00e0 l\u2019arri\u00e8re du v\u00e9hicule, rapporte Ouest-France.<\/p>\n<p>Ramen\u00e9 au commissariat central de Nantes, le p\u00e8re de famille affichait un taux hallucinant de 3,4 grammes <a href=\"https:\/\/www.20minutes.fr\/dossier\/alcool?at_medium=RSS%20feed&amp;at_campaign=ynews&amp;utm_source=yahoo&amp;utm_medium=rss&amp;utm_campaign=news_feed&amp;utm_content=in_article_link\" rel=\"nofollow noopener\" target=\"_blank\" data-ylk=\"slk:d\u2019alcool;elm:context_link;itc:0;sec:content-canvas\" class=\"link \">d\u2019alcool<\/a> par litre de sang. Il a alors expliqu\u00e9 qu\u2019il rentrait de Toulouse o\u00f9 il \u00e9tait all\u00e9 chercher son fils, soit un trajet d\u2019environ 600 kilom\u00e8tres. Le chauffard a \u00e9t\u00e9 plac\u00e9 en garde \u00e0 vue pour conduite en \u00e9tat alcoolique et mise en danger d\u2019autrui. L\u2019enfant a quant \u00e0 lui \u00e9t\u00e9 remis \u00e0 sa m\u00e8re.<\/p>\n<p><a href=\"https:\/\/www.20minutes.fr\/faits_divers\/faits-divers-nantes\/4168531-20250819-nantes-apres-avoir-roule-600-km-arrete-3-4-grammes-alcool-fils-9-ans-arriere?at_medium=RSS%20feed&amp;at_campaign=ynews&amp;utm_source=yahoo&amp;utm_medium=rss&amp;utm_campaign=news_feed&amp;utm_content=read_more_link&quot;\" rel=\"nofollow noopener\" target=\"_blank\" data-ylk=\"slk:Lire la suite sur 20minutes;elm:context_link;itc:0;sec:content-canvas\" class=\"link \">Lire la suite sur 20minutes<\/a><\/p>\n<p>\u00c0 lire aussi :<br \/><a href=\"https:\/\/www.20minutes.fr\/faits_divers\/faits-divers-paris\/4168489-20250819-seine-saint-denis-chauffard-positif-alcool-permis-ni-assurance-tue-automobiliste?at_medium=RSS%20feed&amp;at_campaign=ynews&amp;utm_source=yahoo&amp;utm_medium=rss&amp;utm_campaign=news_feed&amp;utm_content=related_content_link\" rel=\"nofollow noopener\" target=\"_blank\" data-ylk=\"slk:Seine-Saint-Denis\u00a0: Un chauffard positif \u00e0 l\u2019alcool, sans permis ni assurance, tue un automobiliste;elm:context_link;itc:0;sec:content-canvas\" class=\"link \">Seine-Saint-Denis\u00a0: Un chauffard positif \u00e0 l\u2019alcool, sans permis ni assurance, tue un automobiliste<\/a><br \/><a href=\"https:\/\/www.20minutes.fr\/faits_divers\/4168341-20250818-landes-chauffard-renverse-policier-place-detention-provisoire-juge-mardi?at_medium=RSS%20feed&amp;at_campaign=ynews&amp;utm_source=yahoo&amp;utm_medium=rss&amp;utm_campaign=news_feed&amp;utm_content=related_content_link\" rel=\"nofollow noopener\" target=\"_blank\" data-ylk=\"slk:Landes\u00a0: Le chauffard qui avait renvers\u00e9 un policier plac\u00e9 en d\u00e9tention provisoire et jug\u00e9 mardi;elm:context_link;itc:0;sec:content-canvas\" class=\"link \">Landes\u00a0: Le chauffard qui avait renvers\u00e9 un policier plac\u00e9 en d\u00e9tention provisoire et jug\u00e9 mardi<\/a><\/p>\n","protected":false},"excerpt":{"rendered":"DANGER PUBLIC &#8211; Un conducteur de 36 ans fortement alcoolis\u00e9 a \u00e9t\u00e9 arr\u00eat\u00e9 lundi apr\u00e8s-midi \u00e0 Rez\u00e9 (Loire-Atlantique)&hellip;\n","protected":false},"author":2,"featured_media":329379,"comment_status":"","ping_status":"","sticky":false,"template":"","format":"standard","meta":{"footnotes":""},"categories":[2818],"tags":[1111,11,1764,46685,46683,46684,1777,674,1011,27,766,12,2636,25,20834],"class_list":{"0":"post-329378","1":"post","2":"type-post","3":"status-publish","4":"format-standard","5":"has-post-thumbnail","7":"category-nantes","8":"tag-actu","9":"tag-actualites","10":"tag-ans","11":"tag-bouteille-dalcool","12":"tag-conduite-en-etat-alcoolique","13":"tag-danger-public","14":"tag-eu","15":"tag-europe","16":"tag-fr","17":"tag-france","18":"tag-nantes","19":"tag-news","20":"tag-pays-de-la-loire","21":"tag-republique-francaise","22":"tag-son-fils"},"share_on_mastodon":{"url":"https:\/\/pubeurope.com\/@fr\/115055646807107637","error":""},"_links":{"self":[{"href":"https:\/\/www.europesays.com\/fr\/wp-json\/wp\/v2\/posts\/329378","targetHints":{"allow":["GET"]}}],"collection":[{"href":"https:\/\/www.europesays.com\/fr\/wp-json\/wp\/v2\/posts"}],"about":[{"href":"https:\/\/www.europesays.com\/fr\/wp-json\/wp\/v2\/types\/post"}],"author":[{"embeddable":true,"href":"https:\/\/www.europesays.com\/fr\/wp-json\/wp\/v2\/users\/2"}],"replies":[{"embeddable":true,"href":"https:\/\/www.europesays.com\/fr\/wp-json\/wp\/v2\/comments?post=329378"}],"version-history":[{"count":0,"href":"https:\/\/www.europesays.com\/fr\/wp-json\/wp\/v2\/posts\/329378\/revisions"}],"wp:featuredmedia":[{"embeddable":true,"href":"https:\/\/www.europesays.com\/fr\/wp-json\/wp\/v2\/media\/329379"}],"wp:attachment":[{"href":"https:\/\/www.europesays.com\/fr\/wp-json\/wp\/v2\/media?parent=329378"}],"wp:term":[{"taxonomy":"category","embeddable":true,"href":"https:\/\/www.europesays.com\/fr\/wp-json\/wp\/v2\/categories?post=329378"},{"taxonomy":"post_tag","embeddable":true,"href":"https:\/\/www.europesays.com\/fr\/wp-json\/wp\/v2\/tags?post=329378"}],"curies":[{"name":"wp","href":"https:\/\/api.w.org\/{rel}","templated":true}]}}