{"id":329380,"date":"2025-08-19T13:23:12","date_gmt":"2025-08-19T13:23:12","guid":{"rendered":"https:\/\/www.europesays.com\/fr\/329380\/"},"modified":"2025-08-19T13:23:12","modified_gmt":"2025-08-19T13:23:12","slug":"les-medievales-de-bouliac-2025-programme-spectacles","status":"publish","type":"post","link":"https:\/\/www.europesays.com\/fr\/329380\/","title":{"rendered":"Les M\u00e9di\u00e9vales de Bouliac 2025 : Programme, spectacles&#8230;"},"content":{"rendered":"<p><strong>Du vendredi 12 au dimanche 14 septembre 2025, Bouliac va se transformer en cit\u00e9 m\u00e9di\u00e9vale vivante. Depuis 1999, les M\u00e9di\u00e9vales de Bouliac attirent curieux, passionn\u00e9s d\u2019histoire et familles en qu\u00eate d\u2019une sortie originale. L\u2019\u00e9v\u00e9nement \u00e0 Bouliac \u00e0 seulement 15 minutes de Bordeaux est organis\u00e9 par l\u2019association Amanieu de Bouliac, qui rend hommage \u00e0 un chevalier local du XII\u1d49 si\u00e8cle. Au programme : reconstitutions, spectacles, artisanat, tavernes et beaucoup d\u2019animations pour petits et grands. Une vraie activit\u00e9 en famille \u00e0 noter dans l\u2019agenda.<\/strong><\/p>\n<p>Une ambiance m\u00e9di\u00e9vale aux portes de Bordeaux<\/p>\n<p>En arrivant sur la place Chevelaure, on entre dans une autre \u00e9poque. Les rues s\u2019animent avec de<strong>s musiciens, des com\u00e9diens et des chevaliers en armure<\/strong>. Le tout dans un d\u00e9cor qui surplombe la Garonne et offre une vue superbe sur Bordeaux.<\/p>\n<p><img loading=\"lazy\" decoding=\"async\" width=\"700\" height=\"525\" src=\"https:\/\/www.europesays.com\/fr\/wp-content\/uploads\/2025\/08\/festival-medieval-bouliac.jpg\" alt=\"festival medieval bouliac\" class=\"wp-image-18811227\" title=\"Les M\u00e9di\u00e9vales de Bouliac : Un festival chevaleresque \u00e0 seulement 15 minutes de Bordeaux 1\"  \/><\/p>\n<p>J\u2019y suis d\u00e9j\u00e0 all\u00e9 une fois et ce qui m\u2019a marqu\u00e9, c\u2019est l\u2019ambiance. Les odeurs de grillades des tavernes, le son des tambours, les rires des enfants qui s\u2019essaient au tir \u00e0 l\u2019arc\u2026 On a vraiment la sensation de remonter le temps, sans quitter la Gironde.<\/p>\n<p>Le programme jour par jour<\/p>\n<p>Cette ann\u00e9e encore, les organisateurs ont pr\u00e9vu trois jours bien remplis.<\/p>\n<p>Vendredi 12 septembre : soir\u00e9e inaugurale gratuite<\/p>\n<p>D\u00e8s 19h, place \u00e0 la taverne Amanieu. On y d\u00e9guste de l\u2019hypocras (boisson m\u00e9di\u00e9vale \u00e9pic\u00e9e), du \u00ab p\u00e9ch\u00e9 d\u2019Amanieu \u00bb et des sp\u00e9cialit\u00e9s locales. La soir\u00e9e est gratuite, ouverte \u00e0 tous, avec musique et ambiance conviviale. Une bonne fa\u00e7on de lancer le week-end.<\/p>\n<p>Samedi 13 septembre : animations et spectacles<\/p>\n<p>D\u00e8s midi, le campement m\u00e9di\u00e9val s\u2019installe. Les Compagnons de l\u2019\u00c9querre et de l\u2019\u00c9p\u00e9e proposent des d\u00e9monstrations de combat, d\u2019archerie et de jeux de taverne. On circule entre les stands, on discute avec les artisans, on observe les costumes. Le soir, la compagnie Quempas fait danser le public avec un bal m\u00e9di\u00e9val.<\/p>\n<p>Dimanche 14 septembre : ateliers et d\u00e9couvertes<\/p>\n<p>D\u00e8s 11h, les familles d\u00e9couvrent un village de jeux m\u00e9di\u00e9vaux, des ateliers de calligraphie ou de teinture v\u00e9g\u00e9tale. On peut m\u00eame inventer des cr\u00e9atures \u00e9tranges dans un atelier Bestiaire fantastique. C\u2019est la journ\u00e9e id\u00e9ale pour une <strong>sortie en famille<\/strong>, avec des animations pens\u00e9es aussi pour les enfants.<\/p>\n<p>Des spectacles pour tous les \u00e2ges<\/p>\n<p><a href=\"https:\/\/www.facebook.com\/LesMedievalesdeBouliac\" target=\"_blank\" rel=\"noreferrer noopener nofollow\">Le festival<\/a> m\u00e9di\u00e9val ne se limite pas aux reconstitutions. Chaque ann\u00e9e, les compagnies invit\u00e9es apportent leur univers.<br \/>En 2025, on retrouvera :<\/p>\n<ul class=\"wp-block-list\">\n<li><strong>D\u00e9sirer les \u00c9toiles<\/strong>, un spectacle de marionnettes m\u00e9di\u00e9vales pour enfants, avec dragon et f\u00e9e.<\/li>\n<li><strong>Baudouin Servicial de Thi<\/strong>l, une pi\u00e8ce qui aborde la justice au Moyen \u00c2ge, avec son lot d\u2019\u00e9motions et d\u2019humour noir.<\/li>\n<li>Des <strong>concerts de musique m\u00e9di\u00e9vale, des acrobaties et des d\u00e9monstrations de fauconnerie<\/strong>.<\/li>\n<\/ul>\n<p>On passe facilement plusieurs heures sur place sans voir le temps filer.<\/p>\n<p>Un \u00e9v\u00e9nement \u00e0 Bouliac qui pla\u00eet aux familles<\/p>\n<p>On parle beaucoup de chevaliers et de batailles, mais les M\u00e9di\u00e9vales, c\u2019est surtout une f\u00eate conviviale. Les organisateurs insistent sur l\u2019accessibilit\u00e9 : les <strong>ateliers sont pens\u00e9s pour les enfants<\/strong>, les <strong>spectacles s\u2019adressent \u00e0 tous<\/strong>, et les b\u00e9n\u00e9voles orientent les visiteurs avec le sourire.<\/p>\n<p>Si vous cherchez une <strong>activit\u00e9 en famille pr\u00e8s de Bordeaux<\/strong>, difficile de trouver mieux. Les enfants adorent les jeux, les parents se r\u00e9galent aux tavernes et tout le monde repart avec des souvenirs plein la t\u00eate.<\/p>\n<p>Artisanat et saveurs d\u2019\u00e9poque<\/p>\n<p><img loading=\"lazy\" decoding=\"async\" width=\"700\" height=\"525\" src=\"https:\/\/www.europesays.com\/fr\/wp-content\/uploads\/2025\/08\/marche-medieval.jpg\" alt=\"March\u00e9 m\u00e9di\u00e9val \u00e0 Bouliac\" class=\"wp-image-18811228\" title=\"Les M\u00e9di\u00e9vales de Bouliac : Un festival chevaleresque \u00e0 seulement 15 minutes de Bordeaux 2\"  \/><\/p>\n<p>Au fil des all\u00e9es, on d\u00e9couvre des <strong>stands de livres, de bijoux, de produits artisanaux<\/strong>. Certains artisans partagent leurs savoir-faire, comme le travail du cuir. On peut repartir avec une pi\u00e8ce unique ou simplement observer les gestes anciens.<\/p>\n<p>C\u00f4t\u00e9 assiette, les tavernes servent des plats inspir\u00e9s du Moyen \u00c2ge mais adapt\u00e9s aux go\u00fbts d\u2019aujourd\u2019hui. Mention sp\u00e9ciale pour l\u2019hypocras, boisson sucr\u00e9e et \u00e9pic\u00e9e, qui surprend toujours les visiteurs.<\/p>\n<p>Retrouvez tous nos bons plans en cliquant <a href=\"https:\/\/quoifaireabordeaux.com\/category\/bons-plans\/\" target=\"_blank\" rel=\"noreferrer noopener nofollow\">ICI<\/a>.<\/p>\n<p>\t\t\t\t\t\t\t\t\t\t\tInformations pratiques<\/p>\n<p>concernant l&rsquo;\u00e9v\u00e9nement<\/p>\n<p data-start=\"5049\" data-end=\"5107\"><strong data-start=\"5049\" data-end=\"5058\">Dates<\/strong> : du vendredi 12 au dimanche 14 septembre 2025<\/p>\n<p data-start=\"5110\" data-end=\"5182\"><strong data-start=\"5110\" data-end=\"5118\">Lieu<\/strong> : Place Chevelaure, Bouliac (33), Gironde, Nouvelle-Aquitaine<\/p>\n<p data-start=\"5185\" data-end=\"5254\"><strong data-start=\"5185\" data-end=\"5197\">Horaires<\/strong> : vendredi d\u00e8s 19h ; samedi d\u00e8s 12h ; dimanche d\u00e8s 11h<\/p>\n<p data-start=\"5257\" data-end=\"5380\"><strong data-start=\"5257\" data-end=\"5267\">Tarifs<\/strong> : 8 \u20ac par jour (\u00e0 partir de 11 ans) ; 6 \u20ac tarif r\u00e9duit ; gratuit jusqu\u2019\u00e0 10 ans inclus ; vendredi soir gratuit<\/p>\n<p data-start=\"5383\" data-end=\"5456\"><strong data-start=\"5383\" data-end=\"5392\">Acc\u00e8s<\/strong> : parking sur place<\/p>\n","protected":false},"excerpt":{"rendered":"Du vendredi 12 au dimanche 14 septembre 2025, Bouliac va se transformer en cit\u00e9 m\u00e9di\u00e9vale vivante. Depuis 1999,&hellip;\n","protected":false},"author":2,"featured_media":329381,"comment_status":"","ping_status":"","sticky":false,"template":"","format":"standard","meta":{"footnotes":""},"categories":[2817],"tags":[1111,11,1997,1777,674,1011,27,12,2219,25],"class_list":{"0":"post-329380","1":"post","2":"type-post","3":"status-publish","4":"format-standard","5":"has-post-thumbnail","7":"category-bordeaux","8":"tag-actu","9":"tag-actualites","10":"tag-bordeaux","11":"tag-eu","12":"tag-europe","13":"tag-fr","14":"tag-france","15":"tag-news","16":"tag-nouvelle-aquitaine","17":"tag-republique-francaise"},"share_on_mastodon":{"url":"https:\/\/pubeurope.com\/@fr\/115055650706385204","error":""},"_links":{"self":[{"href":"https:\/\/www.europesays.com\/fr\/wp-json\/wp\/v2\/posts\/329380","targetHints":{"allow":["GET"]}}],"collection":[{"href":"https:\/\/www.europesays.com\/fr\/wp-json\/wp\/v2\/posts"}],"about":[{"href":"https:\/\/www.europesays.com\/fr\/wp-json\/wp\/v2\/types\/post"}],"author":[{"embeddable":true,"href":"https:\/\/www.europesays.com\/fr\/wp-json\/wp\/v2\/users\/2"}],"replies":[{"embeddable":true,"href":"https:\/\/www.europesays.com\/fr\/wp-json\/wp\/v2\/comments?post=329380"}],"version-history":[{"count":0,"href":"https:\/\/www.europesays.com\/fr\/wp-json\/wp\/v2\/posts\/329380\/revisions"}],"wp:featuredmedia":[{"embeddable":true,"href":"https:\/\/www.europesays.com\/fr\/wp-json\/wp\/v2\/media\/329381"}],"wp:attachment":[{"href":"https:\/\/www.europesays.com\/fr\/wp-json\/wp\/v2\/media?parent=329380"}],"wp:term":[{"taxonomy":"category","embeddable":true,"href":"https:\/\/www.europesays.com\/fr\/wp-json\/wp\/v2\/categories?post=329380"},{"taxonomy":"post_tag","embeddable":true,"href":"https:\/\/www.europesays.com\/fr\/wp-json\/wp\/v2\/tags?post=329380"}],"curies":[{"name":"wp","href":"https:\/\/api.w.org\/{rel}","templated":true}]}}