{"id":329382,"date":"2025-08-19T13:24:19","date_gmt":"2025-08-19T13:24:19","guid":{"rendered":"https:\/\/www.europesays.com\/fr\/329382\/"},"modified":"2025-08-19T13:24:19","modified_gmt":"2025-08-19T13:24:19","slug":"bearn-un-centre-equestre-rachete-le-maire-de-bordeaux-qui-presente-son-livre-et-les-vachettes-en-vedette-ces-infos-dont-on-parle-ce-mardi","status":"publish","type":"post","link":"https:\/\/www.europesays.com\/fr\/329382\/","title":{"rendered":"B\u00e9arn\u00a0: un centre \u00e9questre rachet\u00e9, le maire de Bordeaux qui pr\u00e9sente son livre et les vachettes en vedette\u2026 ces infos dont on parle ce mardi"},"content":{"rendered":"<p>\ud83d\udd35 <strong>CCLO\u00a0: l\u2019enqu\u00eate publique du PLUi lanc\u00e9e ce lundi. <\/strong>\u00c0 partir de ce lundi et jusqu\u2019\u00e0 fin septembre, les habitants de la CCLO peuvent donner leur avis sur le PLUi (Plan Local d\u2019Urbanisme intercommunal), approuv\u00e9 pour la derni\u00e8re fois en juin dernier. \u2192 <a href=\"https:\/\/www.larepubliquedespyrenees.fr\/pyrenees-atlantiques\/orthez-et-ouest-bearn\/cclo-l-enquete-publique-du-plui-lancee-ce-lundi-25591907.php\" target=\"_blank\" rel=\"follow nofollow noopener\">C\u2019est \u00e0 lire ici<\/a><\/p>\n<p>    La r\u00e9daction vous conseille<\/p>\n<p>Oloron<\/p>\n<p>\ud83d\udd35 <strong>Qui est le repreneur du centre \u00e9questre de Go\u00e8s-Oloron\u00a0? <\/strong>Mis en vente par la famille Guerlain, le ch\u00e2teau et les terrains du centre \u00e9questre de Go\u00e8s-Oloron ont \u00e9t\u00e9 repris par Olivier Camy-Sarthy. Ce passionn\u00e9 d\u2019\u00e9quitation, qui g\u00e8re d\u00e9j\u00e0 deux autres \u00e9curies, veut relancer la structure embl\u00e9matique du pi\u00e9mont. \u2192 <a href=\"https:\/\/www.larepubliquedespyrenees.fr\/pyrenees-atlantiques\/goes\/qui-est-le-repreneur-du-centre-equestre-de-goes-oloron-25591355.php\" target=\"_blank\" rel=\"follow nofollow noopener\">C\u2019est \u00e0 lire ici<\/a><\/p>\n<p>    La r\u00e9daction vous conseille<\/p>\n<p>Serres-Castet<\/p>\n<p>\ud83d\udd35 <strong>Les vachettes reviennent pour les 70\u00a0ans des f\u00eates de Serres-Castet. <\/strong>Les f\u00eates de Serres-Castet se d\u00e9rouleront du 28 au 31\u00a0ao\u00fbt avec un programme riche en animations. \u2192 <a href=\"https:\/\/www.larepubliquedespyrenees.fr\/pyrenees-atlantiques\/serres-castet\/les-vachettes-reviennent-pour-les-70-ans-des-fetes-de-serres-castet-25555245.php\" target=\"_blank\" rel=\"follow nofollow noopener\">C\u2019est \u00e0 lire ici<\/a><\/p>\n<p>    La r\u00e9daction vous conseille<\/p>\n<p>Nousty<\/p>\n<p>\ud83d\udd35 <strong>Nousty\u00a0: trois jours de festivit\u00e9s \u00e0 l\u2019approche de la fin de l\u2019\u00e9t\u00e9. <\/strong>La commune de Nousty va vibrer au rythme de ses f\u00eates locales du vendredi\u00a022 au dimanche 24\u00a0ao\u00fbt. \u2192 <a href=\"https:\/\/www.larepubliquedespyrenees.fr\/pyrenees-atlantiques\/nousty\/nousty-trois-jours-de-festivites-a-l-approche-de-la-fin-de-l-ete-25587398.php\" target=\"_blank\" rel=\"follow nofollow noopener\">C\u2019est \u00e0 lire ici<\/a><\/p>\n<p>    La r\u00e9daction vous conseille<\/p>\n<p>Saint-Palais<\/p>\n<p>\ud83d\udd35 <strong>Saint-Palais\u00a0: le maire de Bordeaux Pierre Hurmic en visite \u00ab\u00a0chez lui\u00a0\u00bb pour pr\u00e9senter son roman. <\/strong>L\u2019\u00e9dile bordelais, originaire de Saint-Palais et qui a aussi des origines souletines, est venu pr\u00e9senter son roman et r\u00e9affirmer son attachement \u00e0 ses racines basques. \u2192 <a href=\"https:\/\/www.larepubliquedespyrenees.fr\/pyrenees-atlantiques\/saint-palais\/saint-palais-le-maire-de-bordeaux-pierre-hurmic-en-visite-chez-lui-pour-presenter-son-roman-25585311.php\" target=\"_blank\" rel=\"follow nofollow noopener\">C\u2019est \u00e0 lire ici<\/a><\/p>\n","protected":false},"excerpt":{"rendered":"\ud83d\udd35 CCLO\u00a0: l\u2019enqu\u00eate publique du PLUi lanc\u00e9e ce lundi. \u00c0 partir de ce lundi et jusqu\u2019\u00e0 fin septembre,&hellip;\n","protected":false},"author":2,"featured_media":329383,"comment_status":"","ping_status":"","sticky":false,"template":"","format":"standard","meta":{"footnotes":""},"categories":[2817],"tags":[1111,11,1997,1777,674,1011,27,12,2219,25],"class_list":{"0":"post-329382","1":"post","2":"type-post","3":"status-publish","4":"format-standard","5":"has-post-thumbnail","7":"category-bordeaux","8":"tag-actu","9":"tag-actualites","10":"tag-bordeaux","11":"tag-eu","12":"tag-europe","13":"tag-fr","14":"tag-france","15":"tag-news","16":"tag-nouvelle-aquitaine","17":"tag-republique-francaise"},"share_on_mastodon":{"url":"https:\/\/pubeurope.com\/@fr\/115055654612071281","error":""},"_links":{"self":[{"href":"https:\/\/www.europesays.com\/fr\/wp-json\/wp\/v2\/posts\/329382","targetHints":{"allow":["GET"]}}],"collection":[{"href":"https:\/\/www.europesays.com\/fr\/wp-json\/wp\/v2\/posts"}],"about":[{"href":"https:\/\/www.europesays.com\/fr\/wp-json\/wp\/v2\/types\/post"}],"author":[{"embeddable":true,"href":"https:\/\/www.europesays.com\/fr\/wp-json\/wp\/v2\/users\/2"}],"replies":[{"embeddable":true,"href":"https:\/\/www.europesays.com\/fr\/wp-json\/wp\/v2\/comments?post=329382"}],"version-history":[{"count":0,"href":"https:\/\/www.europesays.com\/fr\/wp-json\/wp\/v2\/posts\/329382\/revisions"}],"wp:featuredmedia":[{"embeddable":true,"href":"https:\/\/www.europesays.com\/fr\/wp-json\/wp\/v2\/media\/329383"}],"wp:attachment":[{"href":"https:\/\/www.europesays.com\/fr\/wp-json\/wp\/v2\/media?parent=329382"}],"wp:term":[{"taxonomy":"category","embeddable":true,"href":"https:\/\/www.europesays.com\/fr\/wp-json\/wp\/v2\/categories?post=329382"},{"taxonomy":"post_tag","embeddable":true,"href":"https:\/\/www.europesays.com\/fr\/wp-json\/wp\/v2\/tags?post=329382"}],"curies":[{"name":"wp","href":"https:\/\/api.w.org\/{rel}","templated":true}]}}