{"id":329388,"date":"2025-08-19T13:28:19","date_gmt":"2025-08-19T13:28:19","guid":{"rendered":"https:\/\/www.europesays.com\/fr\/329388\/"},"modified":"2025-08-19T13:28:19","modified_gmt":"2025-08-19T13:28:19","slug":"deux-cadors-de-la-ligue-1-veulent-cet-indesirable","status":"publish","type":"post","link":"https:\/\/www.europesays.com\/fr\/329388\/","title":{"rendered":"Deux cadors de la Ligue 1 veulent cet ind\u00e9sirable"},"content":{"rendered":"<p><strong>L\u2019Olympique de Marseille pourrait amasser quelques millions dans la vente de cet ind\u00e9sirable. Ce dernier se retrouve dans le collimateur de plusieurs formations de Ligue 1. <\/strong><\/p>\n<p>Il nourrissait une grande ambition \u00e0 son arriv\u00e9e \u00e0 Marseille l\u2019\u00e9t\u00e9. Il, c\u2019est <a href=\"https:\/\/www.les-transferts.com\/joueur\/neal-maupay\/\" rel=\"nofollow noopener\" target=\"_blank\">Neal Maupay<\/a>. Mais le footballeur franco-argentin n\u2019a jamais r\u00e9ussi \u00e0 tailler une place dans l\u2019\u00e9quipe des Phoc\u00e9ens. <\/p>\n<p>Cet \u00e9t\u00e9, les dirigeants marseillais tentent de le pousser vers la sortie. L\u2019attaquant ne manque pas de courtisans. <a href=\"https:\/\/www.les-transferts.com\/rumeurs-transferts\/om-deux-nouveaux-pretendants-europeens-pour-neal-maupay\/\" rel=\"nofollow noopener\" target=\"_blank\">Apr\u00e8s deux pr\u00e9tendants europ\u00e9ens<\/a>, voici plusieurs cadors fran\u00e7ais qui sonnent \u00e0 la porte pour l\u2019ancien joueur de Brentford. <\/p>\n<\/p>\n<p>Selon les informations de RMC Sport, <strong>Nice, Lille et Rennes veulent s\u2019attacher les services de Neal Maupay<\/strong>. Les  Aiglons et les Dogues ont d\u00e9j\u00e0 contact\u00e9 l\u2019<a href=\"https:\/\/www.les-transferts.com\/club\/marseille\/\" rel=\"nofollow noopener\" target=\"_blank\">OM<\/a>. La saison derni\u00e8re, le joueur de 29 ans avait inscrit 4 buts et d\u00e9livr\u00e9 4 passes d\u00e9cisives en 22 matchs de Ligue 1. <\/p>\n<p>Fan inconditionnel du Bar\u00e7a, je d\u00e9bute ma carri\u00e8re de journaliste en 2015. J\u2019ai couvert la CAN 2017 au Gabon et le mondial 2022 au Qatar entre autres. Commentateur des matchs foot, j\u2019ai r\u00e9cemment pris go\u00fbt pour l\u2019EuroLeague de Basket dont mon joueur pr\u00e9f\u00e9r\u00e9 est Facundo Campazzo.<\/p>\n","protected":false},"excerpt":{"rendered":"L\u2019Olympique de Marseille pourrait amasser quelques millions dans la vente de cet ind\u00e9sirable. Ce dernier se retrouve dans&hellip;\n","protected":false},"author":2,"featured_media":329389,"comment_status":"","ping_status":"","sticky":false,"template":"","format":"standard","meta":{"footnotes":""},"categories":[2815],"tags":[1111,11,1777,674,1011,27,811,1307,12,25],"class_list":{"0":"post-329388","1":"post","2":"type-post","3":"status-publish","4":"format-standard","5":"has-post-thumbnail","7":"category-lille","8":"tag-actu","9":"tag-actualites","10":"tag-eu","11":"tag-europe","12":"tag-fr","13":"tag-france","14":"tag-hauts-de-france","15":"tag-lille","16":"tag-news","17":"tag-republique-francaise"},"share_on_mastodon":{"url":"https:\/\/pubeurope.com\/@fr\/115055670299108101","error":""},"_links":{"self":[{"href":"https:\/\/www.europesays.com\/fr\/wp-json\/wp\/v2\/posts\/329388","targetHints":{"allow":["GET"]}}],"collection":[{"href":"https:\/\/www.europesays.com\/fr\/wp-json\/wp\/v2\/posts"}],"about":[{"href":"https:\/\/www.europesays.com\/fr\/wp-json\/wp\/v2\/types\/post"}],"author":[{"embeddable":true,"href":"https:\/\/www.europesays.com\/fr\/wp-json\/wp\/v2\/users\/2"}],"replies":[{"embeddable":true,"href":"https:\/\/www.europesays.com\/fr\/wp-json\/wp\/v2\/comments?post=329388"}],"version-history":[{"count":0,"href":"https:\/\/www.europesays.com\/fr\/wp-json\/wp\/v2\/posts\/329388\/revisions"}],"wp:featuredmedia":[{"embeddable":true,"href":"https:\/\/www.europesays.com\/fr\/wp-json\/wp\/v2\/media\/329389"}],"wp:attachment":[{"href":"https:\/\/www.europesays.com\/fr\/wp-json\/wp\/v2\/media?parent=329388"}],"wp:term":[{"taxonomy":"category","embeddable":true,"href":"https:\/\/www.europesays.com\/fr\/wp-json\/wp\/v2\/categories?post=329388"},{"taxonomy":"post_tag","embeddable":true,"href":"https:\/\/www.europesays.com\/fr\/wp-json\/wp\/v2\/tags?post=329388"}],"curies":[{"name":"wp","href":"https:\/\/api.w.org\/{rel}","templated":true}]}}