{"id":329392,"date":"2025-08-19T13:30:11","date_gmt":"2025-08-19T13:30:11","guid":{"rendered":"https:\/\/www.europesays.com\/fr\/329392\/"},"modified":"2025-08-19T13:30:11","modified_gmt":"2025-08-19T13:30:11","slug":"pourquoi-la-canicule-daout-2025-a-ete-plus-intense-que-celle-de-2003","status":"publish","type":"post","link":"https:\/\/www.europesays.com\/fr\/329392\/","title":{"rendered":"pourquoi la canicule d&rsquo;ao\u00fbt 2025 a \u00e9t\u00e9 \u00ab\u00a0plus intense\u00a0\u00bb que\u00a0celle\u00a0de\u00a02003"},"content":{"rendered":"<p>            Par<br \/>\n        <strong><br \/>\n            <a href=\"https:\/\/actu.fr\/auteur\/thomas-blanc\" title=\"Consulter tous les articles de Thomas Blanc\" target=\"_blank\" rel=\"noopener\">Thomas Blanc<\/a><br \/>\n        <\/strong><\/p>\n<p>        Publi\u00e9 le<\/p>\n<p>            19 ao\u00fbt 2025 \u00e0 15h24        <\/p>\n<p>L\u2019\u00e9pisode caniculaire de cette mi-ao\u00fbt\u00a02025 est maintenant derri\u00e8re nous. Mais il continue d\u2019alimenter les discussions sous les <strong>quelques gouttes de pluie<\/strong> tomb\u00e9e ce mardi 19\u00a0ao\u00fbt au matin \u00e0 <a href=\"https:\/\/actu.fr\/marseille\/\" target=\"_blank\" rel=\"noopener\">Marseille<\/a>.<\/p>\n<p class=\" wall-content\">Et cette m\u00e9t\u00e9o plus capricieuse qui succ\u00e9dera \u00e0 l\u2019alerte <a href=\"https:\/\/actu.fr\/tag\/canicule\" target=\"_blank\" rel=\"noopener\">canicule<\/a> \u00e0 Marseille et dans les <a href=\"https:\/\/actu.fr\/provence-alpes-cote-d-azur\/bouches-du-rhone_13\" target=\"_blank\" rel=\"noopener\">Bouches-du-Rh\u00f4ne<\/a> ne sera pas sans satisfaire les habitants de la r\u00e9gion. En effet, les chaleurs des derniers jours auront \u00e9t\u00e9 \u00e9prouvantes pour tous, de mani\u00e8re comparable et m\u00eame \u00ab\u2009<strong>plus intense<\/strong>\u2009\u00bb que celles de l\u2019\u00e9t\u00e9 2003, d\u2019apr\u00e8s Paul Marquis, m\u00e9t\u00e9orologue ind\u00e9pendant, sp\u00e9cialiste du d\u00e9partement des Bouches-du-Rh\u00f4ne.<\/p>\n<p>Des pics de temp\u00e9ratures \u00ab\u2009quasi in\u00e9dits\u2009\u00bb<\/p>\n<p class=\" wall-content\">En termes de dur\u00e9e, la canicule d\u2019ao\u00fbt\u00a02025 dans la r\u00e9gion Sud n\u2019aura pas \u00e9gal\u00e9 celle de 2003 qui avait dur\u00e9 douze jours, soit 72\u00a0heures suppl\u00e9mentaires d\u2019horreur et durant laquelle <strong>19000 personnes avaient p\u00e9ri en France.<\/strong><\/p>\n<p>    <a href=\"https:\/\/www.facebook.com\/plugins\/post.php?href=https%3A%2F%2Fwww.facebook.com%2FMeteoFrance%2Fposts%2Fpfbid0girhmRhipq4LShvAZSnhUbmQvqNMcy1cVTVoy4STmRCz6fkqoWkqqzYqayGVxvABl&amp;show_text=true&amp;width=350\" title=\"Ouvrie le lien\" target=\"_blank\" rel=\"noopener\">Cliquez ici pour visualiser le contenu<\/a><\/p>\n<p class=\" wall-content\">Pour autant, <strong>sa puissance a surpass\u00e9 celle de 2003<\/strong>. En effet, il aura tout de m\u00eame \u00e9t\u00e9 difficile de se mettre \u00e0 l\u2019abri durant ces<strong> neuf jours de canicule<\/strong> o\u00f9 il aura fait \u00e0 <strong>six reprises plus de 40\u00b0C<\/strong> dans le d\u00e9partement, \u00ab\u2009un fait quasi in\u00e9dit en termes de climatologie\u2009\u00bb explique l\u2019expert m\u00e9t\u00e9orologue et fondateur de l\u2019application Pr\u00e9vi +.<\/p>\n<p class=\" wall-content\">Cela rend la semaine pass\u00e9e \u00ab\u2009plus intense\u2009\u00bb que l\u2019\u00e9pisode d\u2019il y a douze ans, toujours d\u2019apr\u00e8s Paul Marquis aupr\u00e8s d\u2019actu Marseille.<\/p>\n<p>Des nuits difficiles<\/p>\n<p class=\" wall-content\">T\u00e9moin de l\u2019intensit\u00e9 de la p\u00e9riode, la chaleur une fois le soleil couch\u00e9. \u00ab\u2009Nous avons \u00e9galement eu des nuits \u00e0 plus de 25\u00b0C pr\u00e8s du littoral\u2009\u00bb pr\u00e9cise Paul Marquis avant d\u2019ajouter qu\u2019\u00ab\u2009il y a de plus en plus\u2009\u00bb de ces <strong>nuits tropicales<\/strong> dans la r\u00e9gion.<\/p>\n<p>Votre r\u00e9gion, votre actu !<\/p>\n<p>Recevez chaque jour les infos qui comptent pour vous.<\/p>\n<p>\t<a href=\"https:\/\/actu.fr\/newsletter\" class=\"ac-btn ac-btn--corner ac-btn--medium ac-btn--blue800\" target=\"_blank\" rel=\"noopener\">S&rsquo;incrire<\/a><\/p>\n<p class=\" wall-content\">\u00c0 partir de maintenant, les temp\u00e9ratures vont drastiquement baisser avec un thermom\u00e8tre qui va se retrouver <strong>2 \u00e0 3\u00b0 sous les moyennes de saison<\/strong> d\u00e8s jeudi 21\u00a0ao\u00fbt, soit 27 degr\u00e9s environ.<\/p>\n<p class=\" wall-content\">Personnalisez votre actualit\u00e9 en ajoutant vos villes et m\u00e9dias en favori avec <a href=\"https:\/\/moncompte.actu.fr\" title=\"D\u00e9couvez Mon Actu\" rel=\"nofollow noopener\" data-trk=\"{&quot;cta&quot;:{&quot;action&quot;:&quot;https:\\\/\\\/moncompte.actu.fr&quot;,&quot;category&quot;:&quot;mon compte&quot;,&quot;from&quot;:&quot;article footer&quot;,&quot;name&quot;:&quot;Mon actu&quot;,&quot;type&quot;:&quot;cta&quot;}}\" target=\"_blank\">Mon Actu<\/a>.<\/p>\n","protected":false},"excerpt":{"rendered":"Par Thomas Blanc Publi\u00e9 le 19 ao\u00fbt 2025 \u00e0 15h24 L\u2019\u00e9pisode caniculaire de cette mi-ao\u00fbt\u00a02025 est maintenant derri\u00e8re&hellip;\n","protected":false},"author":2,"featured_media":274689,"comment_status":"","ping_status":"","sticky":false,"template":"","format":"standard","meta":{"footnotes":""},"categories":[2814],"tags":[1111,11,6698,1777,674,1011,27,884,2487,2357,12,882,25],"class_list":{"0":"post-329392","1":"post","2":"type-post","3":"status-publish","4":"format-standard","5":"has-post-thumbnail","7":"category-marseille","8":"tag-actu","9":"tag-actualites","10":"tag-canicule","11":"tag-eu","12":"tag-europe","13":"tag-fr","14":"tag-france","15":"tag-marseille","16":"tag-meteo","17":"tag-meteo-france","18":"tag-news","19":"tag-provence-alpes-cote-dazur","20":"tag-republique-francaise"},"share_on_mastodon":{"url":"https:\/\/pubeurope.com\/@fr\/115055678185468833","error":""},"_links":{"self":[{"href":"https:\/\/www.europesays.com\/fr\/wp-json\/wp\/v2\/posts\/329392","targetHints":{"allow":["GET"]}}],"collection":[{"href":"https:\/\/www.europesays.com\/fr\/wp-json\/wp\/v2\/posts"}],"about":[{"href":"https:\/\/www.europesays.com\/fr\/wp-json\/wp\/v2\/types\/post"}],"author":[{"embeddable":true,"href":"https:\/\/www.europesays.com\/fr\/wp-json\/wp\/v2\/users\/2"}],"replies":[{"embeddable":true,"href":"https:\/\/www.europesays.com\/fr\/wp-json\/wp\/v2\/comments?post=329392"}],"version-history":[{"count":0,"href":"https:\/\/www.europesays.com\/fr\/wp-json\/wp\/v2\/posts\/329392\/revisions"}],"wp:featuredmedia":[{"embeddable":true,"href":"https:\/\/www.europesays.com\/fr\/wp-json\/wp\/v2\/media\/274689"}],"wp:attachment":[{"href":"https:\/\/www.europesays.com\/fr\/wp-json\/wp\/v2\/media?parent=329392"}],"wp:term":[{"taxonomy":"category","embeddable":true,"href":"https:\/\/www.europesays.com\/fr\/wp-json\/wp\/v2\/categories?post=329392"},{"taxonomy":"post_tag","embeddable":true,"href":"https:\/\/www.europesays.com\/fr\/wp-json\/wp\/v2\/tags?post=329392"}],"curies":[{"name":"wp","href":"https:\/\/api.w.org\/{rel}","templated":true}]}}