{"id":329395,"date":"2025-08-19T13:32:23","date_gmt":"2025-08-19T13:32:23","guid":{"rendered":"https:\/\/www.europesays.com\/fr\/329395\/"},"modified":"2025-08-19T13:32:23","modified_gmt":"2025-08-19T13:32:23","slug":"pres-de-lyon-cetait-quoi-cette-fumee-noire-ce-mardi-dans-le-ciel-de-venissieux","status":"publish","type":"post","link":"https:\/\/www.europesays.com\/fr\/329395\/","title":{"rendered":"Pr\u00e8s de Lyon : c&rsquo;\u00e9tait quoi cette fum\u00e9e noire ce mardi dans le ciel de V\u00e9nissieux ?"},"content":{"rendered":"<p>Un incendie s&rsquo;est d\u00e9clar\u00e9, ce mardi 19 ao\u00fbt, \u00e0 V\u00e9nissieux.<\/p>\n<p>Si vous rouliez sur le p\u00e9riph\u00e9rique Laurent Bonnevay, vers 14h30, vous avez sans doute aper\u00e7u <b>une fum\u00e9e noire dans le ciel de V\u00e9nissieux.\u00a0<\/b><\/p>\n<p>De la fum\u00e9e noire pr\u00e8s du p\u00e9riph\u00e9rique Laurent Bonnevay \u00e0 V\u00e9nissieux<\/p>\n<p>Un feu s&rsquo;est d\u00e9clar\u00e9 \u00e0 proximit\u00e9\u00a0<b>des concessions Citro\u00ebn et Peugeot.\u00a0<\/b><\/p>\n<p>Les pompiers sont rapidement intervenus. Ils ont \u00e9teint l&rsquo;incendie en seulement quelques minutes.\u00a0<\/p>\n<p>Selon eux, il s&rsquo;agissait <b>d&rsquo;un feu <\/b><b>\u00ab\u00a0mineur\u00a0\u00bb<\/b>,\u00a0qui provenait possiblement d&rsquo;une poubelle ou d&rsquo;une voiture.\u00a0<\/p>\n<p>Aucun bless\u00e9 n&rsquo;est \u00e0 d\u00e9plorer.<\/p>\n<tr>\n<td class=\"defaut\"><img loading=\"lazy\" decoding=\"async\" src=\"https:\/\/www.europesays.com\/fr\/wp-content\/uploads\/2025\/08\/1755610343_41_img\" width=\"281\" height=\"500\" border=\"0\" title=\"Fum\u00e9e noire au-dessus du p\u00e9riph\u00e9rique Laurent Bonnevay \u00a9 RS\"\/><\/td>\n<\/tr>\n<tr\/>\n    <\/p>\n","protected":false},"excerpt":{"rendered":"Un incendie s&rsquo;est d\u00e9clar\u00e9, ce mardi 19 ao\u00fbt, \u00e0 V\u00e9nissieux. Si vous rouliez sur le p\u00e9riph\u00e9rique Laurent Bonnevay,&hellip;\n","protected":false},"author":2,"featured_media":329396,"comment_status":"","ping_status":"","sticky":false,"template":"","format":"standard","meta":{"footnotes":""},"categories":[1889],"tags":[1111,11,2430,1777,674,1011,27,1310,2428,12,9662,25,5430,4752],"class_list":{"0":"post-329395","1":"post","2":"type-post","3":"status-publish","4":"format-standard","5":"has-post-thumbnail","7":"category-lyon","8":"tag-actu","9":"tag-actualites","10":"tag-auvergne-rhone-alpes","11":"tag-eu","12":"tag-europe","13":"tag-fr","14":"tag-france","15":"tag-incendie","16":"tag-lyon","17":"tag-news","18":"tag-poubelle","19":"tag-republique-francaise","20":"tag-vnissieux","21":"tag-voiture"},"share_on_mastodon":{"url":"https:\/\/pubeurope.com\/@fr\/115055686021186534","error":""},"_links":{"self":[{"href":"https:\/\/www.europesays.com\/fr\/wp-json\/wp\/v2\/posts\/329395","targetHints":{"allow":["GET"]}}],"collection":[{"href":"https:\/\/www.europesays.com\/fr\/wp-json\/wp\/v2\/posts"}],"about":[{"href":"https:\/\/www.europesays.com\/fr\/wp-json\/wp\/v2\/types\/post"}],"author":[{"embeddable":true,"href":"https:\/\/www.europesays.com\/fr\/wp-json\/wp\/v2\/users\/2"}],"replies":[{"embeddable":true,"href":"https:\/\/www.europesays.com\/fr\/wp-json\/wp\/v2\/comments?post=329395"}],"version-history":[{"count":0,"href":"https:\/\/www.europesays.com\/fr\/wp-json\/wp\/v2\/posts\/329395\/revisions"}],"wp:featuredmedia":[{"embeddable":true,"href":"https:\/\/www.europesays.com\/fr\/wp-json\/wp\/v2\/media\/329396"}],"wp:attachment":[{"href":"https:\/\/www.europesays.com\/fr\/wp-json\/wp\/v2\/media?parent=329395"}],"wp:term":[{"taxonomy":"category","embeddable":true,"href":"https:\/\/www.europesays.com\/fr\/wp-json\/wp\/v2\/categories?post=329395"},{"taxonomy":"post_tag","embeddable":true,"href":"https:\/\/www.europesays.com\/fr\/wp-json\/wp\/v2\/tags?post=329395"}],"curies":[{"name":"wp","href":"https:\/\/api.w.org\/{rel}","templated":true}]}}