{"id":329399,"date":"2025-08-19T13:36:18","date_gmt":"2025-08-19T13:36:18","guid":{"rendered":"https:\/\/www.europesays.com\/fr\/329399\/"},"modified":"2025-08-19T13:36:18","modified_gmt":"2025-08-19T13:36:18","slug":"deux-employees-dun-supermarche-aldi-sequestrees-et-ligotees-20-000-euros-voles","status":"publish","type":"post","link":"https:\/\/www.europesays.com\/fr\/329399\/","title":{"rendered":"deux employ\u00e9es d\u2019un supermarch\u00e9 Aldi s\u00e9questr\u00e9es et ligot\u00e9es, 20.000 euros vol\u00e9s"},"content":{"rendered":"<p>L\u2019agression a eu lieu dimanche avant l\u2019ouverture du magasin situ\u00e9 boulevard Magenta, dans le 10e arrondissement. La police judiciaire est charg\u00e9e de l\u2019enqu\u00eate.<\/p>\n<p class=\"fig-paragraph\">Deux employ\u00e9es d\u2019un magasin\u00a0<a href=\"https:\/\/www.lefigaro.fr\/tag\/aldi\" target=\"_blank\" rel=\"noopener nofollow\" data-gtm-custom-categorie=\"navigation\" data-gtm-custom-action=\"crossclick\" data-gtm-custom-label=\"Contextuel\" data-gtm-event=\"customEventSPE\">Aldi<\/a>\u00a0situ\u00e9 au 99 boulevard Magenta (Paris 10e) ont \u00e9t\u00e9 retrouv\u00e9es par les policiers les pieds et les poings entrav\u00e9s par du gros scotch au sous-sol du\u00a0<a href=\"https:\/\/www.lefigaro.fr\/tag\/supermarche\" target=\"_blank\" rel=\"noopener nofollow\" data-gtm-custom-categorie=\"navigation\" data-gtm-custom-action=\"crossclick\" data-gtm-custom-label=\"Contextuel\" data-gtm-event=\"customEventSPE\">supermarch\u00e9<\/a>\u00a0dans la salle des coffres, dimanche 17 ao\u00fbt au matin, a appris Le Figaro de source polici\u00e8re.<\/p>\n<p class=\"fig-paragraph\">C\u2019est un agent de s\u00e9curit\u00e9 qui a donn\u00e9 l\u2019alerte. Ce dernier avait remarqu\u00e9 que la grille du magasin \u00e9tait ferm\u00e9e mais qu\u2019il y avait de la lumi\u00e8re \u00e0 l\u2019int\u00e9rieur. Inquiet de voir que l\u2019enseigne \u00e9tait toujours ferm\u00e9e, malgr\u00e9 une ouverture pr\u00e9vue \u00e0 8 heures 30, il a pr\u00e9venu les forces de l\u2019ordre vers 10 heures.<\/p>\n<p>                                    <a class=\"fig-a11y-skip a11y-hidden\" href=\"#fig-a11y-skip-main-inarticle\"><br \/>\n        Passer la publicit\u00e9<br \/>\n    <\/a><\/p>\n<p>Menac\u00e9es avec un couteau<\/p>\n<p class=\"fig-paragraph\">Selon nos informations, les victimes se trouvaient d\u00e9j\u00e0 dans le magasin lorsque deux malfaiteurs les ont menac\u00e9es avec un couteau aux alentours de 7 heures 30 avant de les s\u00e9questrer et de les ligoter dans la salle des coffres, o\u00f9 ils ont vol\u00e9 un fond de caisse estim\u00e9 \u00e0 environ 20.000 euros.<\/p>\n<p class=\"fig-paragraph\">Les voleurs ont pris la fuite en taxi. En \u00e9tat de choc, les deux employ\u00e9es ont \u00e9t\u00e9 transport\u00e9es par les sapeurs-pompiers \u00e0 l\u2019h\u00f4pital. Leurs jours ne sont pas en danger. L\u2019une d\u2019elles souffre de douleurs au dos suite \u00e0 une chute dans un escalier au cours de l\u2019agression. Une enqu\u00eate confi\u00e9e au 2e district de police judiciaire (2e DPJ) a \u00e9t\u00e9 ouverte pour \u00abvol avec arme en bande organis\u00e9e et s\u00e9questration en bande organis\u00e9e\u00bb, indique le parquet de Paris au Figaro.<\/p>\n","protected":false},"excerpt":{"rendered":"L\u2019agression a eu lieu dimanche avant l\u2019ouverture du magasin situ\u00e9 boulevard Magenta, dans le 10e arrondissement. La police&hellip;\n","protected":false},"author":2,"featured_media":329400,"comment_status":"","ping_status":"","sticky":false,"template":"","format":"standard","meta":{"footnotes":""},"categories":[1888],"tags":[1111,1928,11,1927,6941,1777,674,1011,27,12,1926,626,1925,25,6188,397],"class_list":{"0":"post-329399","1":"post","2":"type-post","3":"status-publish","4":"format-standard","5":"has-post-thumbnail","7":"category-paris","8":"tag-actu","9":"tag-actu-paris","10":"tag-actualites","11":"tag-actualites-paris","12":"tag-braquage","13":"tag-eu","14":"tag-europe","15":"tag-fr","16":"tag-france","17":"tag-news","18":"tag-news-paris","19":"tag-paris","20":"tag-paris-news","21":"tag-republique-francaise","22":"tag-sequestration","23":"tag-supermarche"},"share_on_mastodon":{"url":"https:\/\/pubeurope.com\/@fr\/115055701853350633","error":""},"_links":{"self":[{"href":"https:\/\/www.europesays.com\/fr\/wp-json\/wp\/v2\/posts\/329399","targetHints":{"allow":["GET"]}}],"collection":[{"href":"https:\/\/www.europesays.com\/fr\/wp-json\/wp\/v2\/posts"}],"about":[{"href":"https:\/\/www.europesays.com\/fr\/wp-json\/wp\/v2\/types\/post"}],"author":[{"embeddable":true,"href":"https:\/\/www.europesays.com\/fr\/wp-json\/wp\/v2\/users\/2"}],"replies":[{"embeddable":true,"href":"https:\/\/www.europesays.com\/fr\/wp-json\/wp\/v2\/comments?post=329399"}],"version-history":[{"count":0,"href":"https:\/\/www.europesays.com\/fr\/wp-json\/wp\/v2\/posts\/329399\/revisions"}],"wp:featuredmedia":[{"embeddable":true,"href":"https:\/\/www.europesays.com\/fr\/wp-json\/wp\/v2\/media\/329400"}],"wp:attachment":[{"href":"https:\/\/www.europesays.com\/fr\/wp-json\/wp\/v2\/media?parent=329399"}],"wp:term":[{"taxonomy":"category","embeddable":true,"href":"https:\/\/www.europesays.com\/fr\/wp-json\/wp\/v2\/categories?post=329399"},{"taxonomy":"post_tag","embeddable":true,"href":"https:\/\/www.europesays.com\/fr\/wp-json\/wp\/v2\/tags?post=329399"}],"curies":[{"name":"wp","href":"https:\/\/api.w.org\/{rel}","templated":true}]}}