{"id":329403,"date":"2025-08-19T13:38:10","date_gmt":"2025-08-19T13:38:10","guid":{"rendered":"https:\/\/www.europesays.com\/fr\/329403\/"},"modified":"2025-08-19T13:38:10","modified_gmt":"2025-08-19T13:38:10","slug":"la-famille-du-jeune-homme-recherchee","status":"publish","type":"post","link":"https:\/\/www.europesays.com\/fr\/329403\/","title":{"rendered":"la famille du jeune homme recherch\u00e9e"},"content":{"rendered":"<p>            Par<br \/>\n        <strong><br \/>\n            <a href=\"https:\/\/actu.fr\/auteur\/ines-cussac-actu-fr\" title=\"Consulter tous les articles de In\u00e8s Cussac\" target=\"_blank\" rel=\"noopener\">In\u00e8s Cussac<\/a><br \/>\n        <\/strong><\/p>\n<p>        Publi\u00e9 le<\/p>\n<p>            19 ao\u00fbt 2025 \u00e0 15h34        <\/p>\n<p>L\u2019enqu\u00eate avance. 48\u00a0heures apr\u00e8s la d\u00e9couverte d\u2019<a href=\"https:\/\/actu.fr\/ile-de-france\/paris_75056\/ratp-metro-a-paris-un-corps-demembre-decouvert-sous-le-tunnel-de-la-ligne-2_63043805.html\" target=\"_blank\" rel=\"noopener\">un corps d\u00e9membr\u00e9 sous le tunnel de la ligne 2 du m\u00e9tro<\/a>, les investigations ont permis de <strong>d\u00e9couvrir l\u2019identit\u00e9 de la victime<\/strong>. Le commissariat du 17e arrondissement de Paris a \u00e9t\u00e9 charg\u00e9 de l\u2019affaire dont les faits sont survenus samedi 17\u00a0ao\u00fbt 2025, vers 21h.<\/p>\n<p>Les raisons encore inconnues<\/p>\n<p class=\" wall-content\">Ce soir-l\u00e0, au niveau de la station Courcelles, le trafic avait \u00e9t\u00e9 interrompu durant \u00ab\u2009un peu plus de deux heures\u2009\u00bb par la RATP en raison d\u2019un \u00ab\u2009accident grave de personne\u2009\u00bb. Selon les premiers \u00e9l\u00e9ments de l\u2019enqu\u00eate d\u00e9voil\u00e9s par le parquet de Paris, <strong>la victime est un jeune homme \u00e2g\u00e9 de 25\u00a0ans<\/strong>. \u00ab\u2009Le d\u00e9funt a \u00e9t\u00e9 identifi\u00e9 comme pouvant \u00eatre Abdel M. n\u00e9 en septembre\u00a01999 au Tchad et en situation r\u00e9guli\u00e8re sur le territoire\u2009\u00bb, indique le parquet de Paris aupr\u00e8s d\u2019actu Paris. \u00ab\u2009Les enqu\u00eateurs recherchent \u00e9galement sa famille afin de pouvoir l\u2019informer.\u2009\u00bb<\/p>\n<p class=\" wall-content\">L\u2019enqu\u00eate se poursuit pour d\u00e9terminer les circonstances de la mort du jeune homme.<\/p>\n<p class=\" wall-content\">Personnalisez votre actualit\u00e9 en ajoutant vos villes et m\u00e9dias en favori avec <a href=\"https:\/\/moncompte.actu.fr\" title=\"D\u00e9couvez Mon Actu\" rel=\"nofollow noopener\" data-trk=\"{&quot;cta&quot;:{&quot;action&quot;:&quot;https:\\\/\\\/moncompte.actu.fr&quot;,&quot;category&quot;:&quot;mon compte&quot;,&quot;from&quot;:&quot;article footer&quot;,&quot;name&quot;:&quot;Mon actu&quot;,&quot;type&quot;:&quot;cta&quot;}}\" target=\"_blank\">Mon Actu<\/a>.<\/p>\n","protected":false},"excerpt":{"rendered":"Par In\u00e8s Cussac Publi\u00e9 le 19 ao\u00fbt 2025 \u00e0 15h34 L\u2019enqu\u00eate avance. 48\u00a0heures apr\u00e8s la d\u00e9couverte d\u2019un corps&hellip;\n","protected":false},"author":2,"featured_media":329404,"comment_status":"","ping_status":"","sticky":false,"template":"","format":"standard","meta":{"footnotes":""},"categories":[1888],"tags":[11,1777,674,118,1011,27,4047,12,626,1072,625,25],"class_list":{"0":"post-329403","1":"post","2":"type-post","3":"status-publish","4":"format-standard","5":"has-post-thumbnail","7":"category-paris","8":"tag-actualites","9":"tag-eu","10":"tag-europe","11":"tag-faits-divers","12":"tag-fr","13":"tag-france","14":"tag-metro","15":"tag-news","16":"tag-paris","17":"tag-police","18":"tag-ratp","19":"tag-republique-francaise"},"share_on_mastodon":{"url":"https:\/\/pubeurope.com\/@fr\/115055709816908538","error":""},"_links":{"self":[{"href":"https:\/\/www.europesays.com\/fr\/wp-json\/wp\/v2\/posts\/329403","targetHints":{"allow":["GET"]}}],"collection":[{"href":"https:\/\/www.europesays.com\/fr\/wp-json\/wp\/v2\/posts"}],"about":[{"href":"https:\/\/www.europesays.com\/fr\/wp-json\/wp\/v2\/types\/post"}],"author":[{"embeddable":true,"href":"https:\/\/www.europesays.com\/fr\/wp-json\/wp\/v2\/users\/2"}],"replies":[{"embeddable":true,"href":"https:\/\/www.europesays.com\/fr\/wp-json\/wp\/v2\/comments?post=329403"}],"version-history":[{"count":0,"href":"https:\/\/www.europesays.com\/fr\/wp-json\/wp\/v2\/posts\/329403\/revisions"}],"wp:featuredmedia":[{"embeddable":true,"href":"https:\/\/www.europesays.com\/fr\/wp-json\/wp\/v2\/media\/329404"}],"wp:attachment":[{"href":"https:\/\/www.europesays.com\/fr\/wp-json\/wp\/v2\/media?parent=329403"}],"wp:term":[{"taxonomy":"category","embeddable":true,"href":"https:\/\/www.europesays.com\/fr\/wp-json\/wp\/v2\/categories?post=329403"},{"taxonomy":"post_tag","embeddable":true,"href":"https:\/\/www.europesays.com\/fr\/wp-json\/wp\/v2\/tags?post=329403"}],"curies":[{"name":"wp","href":"https:\/\/api.w.org\/{rel}","templated":true}]}}