{"id":329405,"date":"2025-08-19T13:39:18","date_gmt":"2025-08-19T13:39:18","guid":{"rendered":"https:\/\/www.europesays.com\/fr\/329405\/"},"modified":"2025-08-19T13:39:18","modified_gmt":"2025-08-19T13:39:18","slug":"en-direct-ukraine-zelensky-doit-etre-flexible-dans-les-negociations-previent-trump","status":"publish","type":"post","link":"https:\/\/www.europesays.com\/fr\/329405\/","title":{"rendered":"EN DIRECT &#8211; Ukraine : \u00ab\u00a0Zelensky doit \u00eatre flexible\u00a0\u00bb dans les n\u00e9gociations, pr\u00e9vient Trump"},"content":{"rendered":"<ul class=\"jsx-862013697 ArticleChapo__List\">\n<li class=\"jsx-862013697 ArticleChapo__List_Item flex\">Le Premier ministre britannique Keir Starmer et le pr\u00e9sident fran\u00e7ais Emmanuel Macron r\u00e9unissent ce mardi midi une r\u00e9union de la \u00ab\u00a0coalition des volontaires\u00a0\u00bb.<\/li>\n<li class=\"jsx-862013697 ArticleChapo__List_Item flex\">Cette r\u00e9union se d\u00e9roule au lendemain des discussions \u00e0 Washington entre Donald Trump, Volodymyr Zelensky et des dirigeants europ\u00e9ens.<\/li>\n<li class=\"jsx-862013697 ArticleChapo__List_Item flex\">Suivez les derni\u00e8res informations avec nous.<\/li>\n<\/ul>\n<p><a href=\"https:\/\/www.tf1info.fr\/actualite\/guerre-ukraine-russie-une-rencontre-donald-trump-vladimir-poutine-historique-le-vendredi-15-aout-2025-en-alaska-sans-volodymyr-zelensky-14326\/\" rel=\"noopener\" class=\"jsx-484472199 Link jsx-1428418400 jsx-554215408\" target=\"_blank\"><\/p>\n<p style=\"font-weight:400\" class=\"jsx-1837267516\">Suivez la couverture compl\u00e8te<\/p>\n<p style=\"font-weight:800\" class=\"jsx-1837267516\">Zelensky et les Europ\u00e9ens aux \u00c9tats-Unis : journ\u00e9e cruciale pour l&rsquo;Ukraine<\/p>\n<p><\/a>Les \u00e9l\u00e9ments marquantsPOUR TRUMP, \u00ab\u00a0ZELENSKY DOIT \u00caTRE FLEXIBLE\u00a0\u00bb14:20<\/p>\n<p>Donald Trump r\u00e9affirme mardi sur <a href=\"https:\/\/www.foxnews.com\/video\/5614615980001\" target=\"_blank\" rel=\"nofollow noopener\">Fox News (nouvelle fen\u00eatre)<\/a> sa volont\u00e9 d&rsquo;une bilat\u00e9rale entre Volodymyr Zelensky et Vladimir Poutine. Selon lui, les deux dirigeants, qui ne seront sans doute jamais \u00ab\u00a0les meilleurs amis\u00a0\u00bb, \u00ab\u00a0doivent prendre les d\u00e9cisions\u00a0\u00bb ensemble. Volodymyr Zelensky \u00ab\u00a0doit faire ce qu&rsquo;il a \u00e0 faire\u00a0\u00bb, poursuit le pr\u00e9sident am\u00e9ricain, mais qu&rsquo;il \u00ab\u00a0doit aussi \u00eatre flexible\u00a0\u00bb dans les n\u00e9gociations avec la Russie.\u00a0<\/p>\n<p>Voir plus d&rsquo;\u00e9l\u00e9ments marquants<\/p>\n<p>Valider les filtresR\u00e9initialiser les filtres<\/p>\n<p>Minute par minuteFiltrer par ActionsFiltrerLES GARANTIES DE S\u00c9CURIT\u00c9 AU MENU DE LA COALITION15:22<\/p>\n<p>Voici des premiers \u00e9l\u00e9ments qui ressortent de la coalition des volontaires, qui a r\u00e9uni 31 pays sur l&rsquo;avenir de l&rsquo;Ukraine apr\u00e8s les nettes avanc\u00e9es de la veille au soir. Le cabinet du Premier ministre britannique, cit\u00e9 par le <a href=\"https:\/\/www.theguardian.com\/world\/live\/2025\/aug\/19\/ukraine-live-updates-trump-zelenskyy-putin-meeting-europe-latest-news\" target=\"_blank\" rel=\"noopener\">Guardian (nouvelle fen\u00eatre)<\/a>, indique que l&rsquo;accent a \u00e9t\u00e9 mis sur les garanties de s\u00e9curit\u00e9 vis-\u00e0-vis de l&rsquo;Ukraine et des sanctions potentielles \u00e0 l&rsquo;\u00e9gard de la Russie.<\/p>\n<p>Selon le communiqu\u00e9, les pays participants ont notamment d&rsquo;une r\u00e9union des \u00e9quipes de planification avec leurs homologues am\u00e9ricains \u00ab\u00a0dans les prochains jours pour renforcer davantage les plans visant \u00e0 fournir des garanties de s\u00e9curit\u00e9 solides et \u00e0 pr\u00e9parer le d\u00e9ploiement d&rsquo;une force de r\u00e9assurance si les hostilit\u00e9s prenaient fin\u00a0\u00bb.\u00a0<\/p>\n<p>TRUMP NE D\u00c9PLOIERA PAS DE TROUPES EN UKRAINE14:33<\/p>\n<p>Donald Trump assure mardi sur Fox News que les \u00c9tats-Unis ne d\u00e9ploieront pas de troupes en Ukraine dans le cadre d&rsquo;une garantie de s\u00e9curit\u00e9. \u00ab\u00a0Vous avez mon assurance\u00a0\u00bb, d\u00e9clare-t-il, notamment en raison de l&rsquo;oc\u00e9an qui s\u00e9pare Washington et Kiev.\u00a0Selon le pr\u00e9sident am\u00e9ricain, les dirigeants europ\u00e9ens, qu&rsquo;il qualifie \u00ab\u00a0de bonnes personnes\u00a0\u00bb, sont en revanche \u00ab\u00a0pr\u00eats \u00e0 d\u00e9ployer du personnel sur le terrain.\u00a0\u00bb\u00a0<\/p>\n<blockquote data-testid=\"EmbedTwitter\" id=\"tweet-1957782401179844736-:Rec29lkmcmj9n79m:\" class=\"jsx-aeff1a1c40f54d7a twitter-tweet flex justify-center items-center\"><p>\u00ab\u00a0I&rsquo;m just trying to stop people from being killed.\u00a0\u00bb President Trump assures the nation that no American boots will be on the ground in Ukraine, and why he&rsquo;s pushing for a deal to be reached sooner rather than later to avoid thousands more perishing in the war. |  @foxandfriends pic.twitter.com\/SzOPAVmGnJ \u2014 Fox News (@FoxNews)  August 19, 2025<\/p><\/blockquote>\n<p>TRUMP \u00ab\u00a0N&rsquo;A PAS APPEL\u00c9\u00a0\u00bb POUTINE DEVANT LES EUROP\u00c9ENS14:27<\/p>\n<p>Donald Trump raconte mardi sur Fox News avoir interrompu sa r\u00e9union avec Volodymyr Zelensky et les dirigeants europ\u00e9ens pour appeler Vladimir Poutine. \u00ab\u00a0Je ne l&rsquo;ai pas appel\u00e9 devant eux. Je trouvais que \u00e7a serait irrespectueux envers le pr\u00e9sident Poutine, parce qu&rsquo;ils n&rsquo;ont pas les meilleures relations\u00a0\u00bb, indique-t-il. Au passage, il confirme sa \u00ab\u00a0bonne relation\u00a0\u00bb avec son homologue russe. \u00ab\u00a0Mais ce qui compte, c&rsquo;est que nous accomplissions nos t\u00e2ches. Sinon, notre relation m&rsquo;est indiff\u00e9rente\u00a0\u00bb, affirme-t-il.<\/p>\n<blockquote data-testid=\"EmbedTwitter\" id=\"tweet-1957778725526810663-:Rec39lkmcmj9n79m:\" class=\"jsx-aeff1a1c40f54d7a twitter-tweet flex justify-center items-center\"><p>\u00ab\u00a0It only matters if we get things done. Otherwise, I don&rsquo;t care about the relationship.\u00a0\u00bb President Trump opens up about his phone call with Putin after meeting with Zelenskyy and key European leaders at the White House on Monday. |  @foxandfriends pic.twitter.com\/eHmQ93eo7Z \u2014 Fox News (@FoxNews)  August 19, 2025<\/p><\/blockquote>\n<p>POUR TRUMP, \u00ab\u00a0ZELENSKY DOIT \u00caTRE FLEXIBLE\u00a0\u00bb14:20<\/p>\n<p>Donald Trump r\u00e9affirme mardi sur <a href=\"https:\/\/www.foxnews.com\/video\/5614615980001\" target=\"_blank\" rel=\"nofollow noopener\">Fox News (nouvelle fen\u00eatre)<\/a> sa volont\u00e9 d&rsquo;une bilat\u00e9rale entre Volodymyr Zelensky et Vladimir Poutine. Selon lui, les deux dirigeants, qui ne seront sans doute jamais \u00ab\u00a0les meilleurs amis\u00a0\u00bb, \u00ab\u00a0doivent prendre les d\u00e9cisions\u00a0\u00bb ensemble. Volodymyr Zelensky \u00ab\u00a0doit faire ce qu&rsquo;il a \u00e0 faire\u00a0\u00bb, poursuit le pr\u00e9sident am\u00e9ricain, mais qu&rsquo;il \u00ab\u00a0doit aussi \u00eatre flexible\u00a0\u00bb dans les n\u00e9gociations avec la Russie.\u00a0<\/p>\n<p>LES 27 D\u00c9BRIEFENT LE SOMMET DE WASHINGTON14:01<\/p>\n<p>La r\u00e9union virtuelle du Conseil europ\u00e9en est d\u00e9sormais en cours pour informer les dirigeants des 27 des discussions de Washington et des prochaines \u00e9tapes. \u00ab\u00a0L&rsquo;Ukraine a \u00e9t\u00e9 &#8211; et restera &#8211; en t\u00eate des priorit\u00e9s des dirigeants dans les semaines et les mois \u00e0 venir, alors que nous continuons \u00e0 soutenir les efforts en faveur d&rsquo;une paix juste et durable\u00a0\u00bb, \u00e9crit mardi sur le r\u00e9seau social X le pr\u00e9sident de l&rsquo;instance europ\u00e9enne, Antonio Costa. \u00ab\u00a0Dans un premier temps, la Russie doit imm\u00e9diatement mettre fin \u00e0 la violence.\u00a0\u00bb<\/p>\n<blockquote data-testid=\"EmbedTwitter\" id=\"tweet-1957766771659682030-:Rec59lkmcmj9n79m:\" class=\"jsx-aeff1a1c40f54d7a twitter-tweet flex justify-center items-center\"><p>The video conference with the members of the European Council for a debrief on the talks regarding Ukraine began a few minutes ago. The EU firmly supports the Ukrainian people and President  @ZelenskyyUa . Ukraine has been \u2014 and will remain \u2014 at the top of Leaders\u2019 agendas in the\u2026  pic.twitter.com\/KBNZG2nVWd \u2014 Ant\u00f3nio Costa (@eucopresident)  August 19, 2025<\/p><\/blockquote>\n<p>MOSCOU A RENDU 1.000 CORPS DE SOLDATS UKRAINIENS13:57<\/p>\n<p>La Russie a rendu les corps de 1.000 soldats ukrainiens d\u00e9c\u00e9d\u00e9s, la plupart tomb\u00e9s au front et certains morts en captivit\u00e9, a indiqu\u00e9 Kiev mardi. \u00ab\u00a0En raison de mesures de rapatriement, les corps de 1.000 personnes d\u00e9c\u00e9d\u00e9es ont \u00e9t\u00e9 rendus \u00e0 l&rsquo;Ukraine\u00a0\u00bb par la partie russe, qui a indiqu\u00e9 qu&rsquo;il s&rsquo;agissait de soldats ukrainiens, selon le centre ukrainien charg\u00e9 du traitement des prisonniers de guerre. Ce type d&rsquo;\u00e9changes constitue l&rsquo;un des seuls r\u00e9sultats probants des pourparlers directs qui ont lieu entre Kiev et Moscou.<\/p>\n<p>LES V\u00c9RIFICATEURS13:56<\/p>\n<p>Une publication virale pr\u00e9tend montrer les leaders europ\u00e9ens, l&rsquo;air abattu, en train d&rsquo;attendre Donald Trump devant son bureau \u00e0 la Maison Blanche. Il s&rsquo;agit en r\u00e9alit\u00e9 d&rsquo;une image g\u00e9n\u00e9r\u00e9e par IA.<\/p>\n<p>International<\/p>\n<p>V\u00c9RIF<\/p>\n<p><img decoding=\"async\" src=\"https:\/\/www.europesays.com\/fr\/wp-content\/uploads\/2025\/08\/couv-maison-blanche-attente-085d33-1@1x.jpeg\" alt=\"V\u00c9RIF' - Cette image virale des leaders europ\u00e9ens \u00e0 la Maison Blanche est-elle r\u00e9elle ? \" loading=\"lazy\" importance=\"low\" fetchpriority=\"low\" class=\"\" aria-hidden=\"true\"\/>Publi\u00e9 aujourd&rsquo;hui \u00e0 12h53LA R\u00c9UNION DE \u00ab\u00a0LA COALITION DES VOLONTAIRES\u00a0\u00bb SE TERMINE13:29<\/p>\n<p>Voici les premi\u00e8res images de la r\u00e9union virtuelle de la \u00ab\u00a0coalition des volontaires\u00a0\u00bb, partag\u00e9es par le Premier ministre irlandais, Simon Harris. \u00ab\u00a0Des travaux importants dans les jours et les semaines \u00e0 venir\u00a0\u00bb, \u00e9crit-il mardi sur le r\u00e9seau social X. \u00ab\u00a0Il doit y avoir une paix juste, durable et p\u00e9renne.\u00a0\u00bb<\/p>\n<blockquote data-testid=\"EmbedTwitter\" id=\"tweet-1957740341156598097-:Rec89lkmcmj9n79m:\" class=\"jsx-aeff1a1c40f54d7a twitter-tweet flex justify-center items-center\"><p>Attending an  @EPP briefing for Leaders from President  @vonderleyen this morning on the White House talks on ending the war in Ukraine.  Important work in the days and the weeks ahead.  There must be a just, lasting and enduring peace.  pic.twitter.com\/qnCzgufCPM \u2014 Simon Harris TD (@SimonHarrisTD)  August 19, 2025<\/p><\/blockquote>\n<p>UNE \u00ab\u00a0IMMUNIT\u00c9\u00a0\u00bb DE LA SUISSE \u00c0 POUTINE ?12:58<\/p>\n<p>La Suisse offrira \u00ab\u00a0l&rsquo;immunit\u00e9\u00a0\u00bb \u00e0 Vladimir Poutine, malgr\u00e9 son inculpation devant la Cour p\u00e9nale internationale, \u00e0 condition qu&rsquo;il vienne \u00ab\u00a0pour une conf\u00e9rence de paix\u00a0\u00bb, assure mardi le ministre suisse des Affaires \u00e9trang\u00e8res, Ignazio Cassis, lors d&rsquo;un point presse.\u00a0L&rsquo;an dernier, le gouvernement f\u00e9d\u00e9ral suisse a d\u00e9fini \u00ab\u00a0les r\u00e8gles pour donner l&rsquo;immunit\u00e9 \u00e0 une personne qui est sous mandat d&rsquo;arr\u00eat international. Si cette personne vient pour une conf\u00e9rence de paix, pas si elle vient pour des raisons priv\u00e9es.<\/p>\n<p>LA RUSSIE TEMP\u00c8RE L&rsquo;OPTIMISME12:22<\/p>\n<p>La Russie affirme que les n\u00e9gociations de paix doivent \u00eatre pr\u00e9par\u00e9es \u00ab\u00a0tr\u00e8s minutieusement\u00a0\u00bb, indique le ministre russe des Affaires \u00e9trang\u00e8res, Sergue\u00ef Lavrov.\u00a0\u00ab\u00a0Tout contact impliquant des dirigeants doit \u00eatre pr\u00e9par\u00e9 tr\u00e8s minutieusement\u00a0\u00bb, affirme-t-il dans une interview \u00e0 la t\u00e9l\u00e9vision russe Rossiya 24, apr\u00e8s que Vladimir Poutine a accept\u00e9 hier le principe d&rsquo;une rencontre bilat\u00e9rale avec le dirigeant ukrainien.<\/p>\n<p>Selon le chef de la diplomatie russe, tout accord de paix futur doit prendre en compte les \u00ab\u00a0int\u00e9r\u00eats de s\u00e9curit\u00e9\u00a0\u00bb de la Russie. \u00ab\u00a0Sans respecter les int\u00e9r\u00eats de s\u00e9curit\u00e9 de la Russie, sans respecter pleinement les droits des Russes et des russophones qui vivent en Ukraine, il ne peut \u00eatre question d&rsquo;aucun accord \u00e0 long terme, car ces causes doivent \u00eatre \u00e9limin\u00e9es de toute urgence dans le cadre du r\u00e8glement\u00a0\u00bb, d\u00e9clare-t-il.<\/p>\n<p>ZELENSKY \u00ab\u00a0TRAVAILLE D\u00c9J\u00c0\u00a0\u00bb SUR DES GARANTIES DE S\u00c9CURIT\u00c9 \u00ab\u00a0CONCR\u00c8TES\u00a0\u00bb11:47<\/p>\n<p>Volodymyr Zelensky salue mardi sur X le sommet de Washington qui s&rsquo;est tenu la veille. \u00ab\u00a0Il s&rsquo;agit d&rsquo;une \u00e9tape d\u00e9cisive vers la fin de la guerre et la s\u00e9curit\u00e9 de l&rsquo;Ukraine et de notre peuple. Nous travaillons d\u00e9j\u00e0 sur le contenu concret des garanties de s\u00e9curit\u00e9\u00a0\u00bb, \u00e9crit le pr\u00e9sident ukrainien, en assurant que celles-ci \u00ab\u00a0seront mises en place\u00a0\u00bb. \u00ab\u00a0L&rsquo;Ukraine ressent cette force. Et nous ferons tout pour que le chemin vers la paix devienne r\u00e9alit\u00e9 &#8211; gr\u00e2ce au partenariat, aux garanties de s\u00e9curit\u00e9 et au courage du peuple ukrainien\u00a0\u00bb, conclut-il.<\/p>\n<blockquote data-testid=\"EmbedTwitter\" id=\"tweet-1957731719865594364-:Recb9lkmcmj9n79m:\" class=\"jsx-aeff1a1c40f54d7a twitter-tweet flex justify-center items-center\"><p>Yesterday, important talks took place in Washington with the President of the United States and European leaders. This was truly a significant step toward ending the war and ensuring the security of Ukraine and our people. We are already working on the concrete content of the\u2026  pic.twitter.com\/FXGnQfcdzz \u2014 Volodymyr Zelenskyy \/ \u0412\u043e\u043b\u043e\u0434\u0438\u043c\u0438\u0440 \u0417\u0435\u043b\u0435\u043d\u0441\u044c\u043a\u0438\u0439 (@ZelenskyyUa)  August 19, 2025<\/p><\/blockquote>\n<p>MACRON DOUTE \u00ab\u00a0DE LA VOLONT\u00c9 DE PAIX\u00a0\u00bb DE POUTINE11:33<\/p>\n<p>\u00ab\u00a0Tous, nous avons un accord, nous voulons la paix. C&rsquo;est ce qui nous unit. Aujourd&rsquo;hui, la Russie ne donne aucun signal de vouloir sinc\u00e8rement la paix\u00a0\u00bb, assure mardi sur X Emmanuel Macron dans une vid\u00e9o retra\u00e7ant son voyage \u00e0 Washington. \u00ab\u00a0J&rsquo;ai, pour ma part, les plus grands doutes, quant \u00e0 la r\u00e9alit\u00e9 d&rsquo;une volont\u00e9 de paix de la part de (Poutine). Parce qu&rsquo;aussi longtemps qu&rsquo;il pense qu&rsquo;il peut gagner par la guerre, il le fera.\u00a0\u00bb<\/p>\n<blockquote data-testid=\"EmbedTwitter\" id=\"tweet-1957734431558365324-:Recc9lkmcmj9n79m:\" class=\"jsx-aeff1a1c40f54d7a twitter-tweet flex justify-center items-center\"><p>C\u2019est notre s\u00e9curit\u00e9 qui se joue.  pic.twitter.com\/mqWWPwftZ5 \u2014 Emmanuel Macron (@EmmanuelMacron)  August 19, 2025<\/p><\/blockquote>\n<p>R\u00c9UNION VIRTUELLE DE LA \u00ab\u00a0COALITION DES VOLONTAIRES\u00a0\u00bb11:03<\/p>\n<p>Le Premier ministre britannique, Keir Starmer, et le pr\u00e9sident Emmanuel Macron vont pr\u00e9sider mardi une r\u00e9union de la \u00ab\u00a0coalition des volontaires\u00a0\u00bb. Le but est \u00ab\u00a0d&rsquo;informer les dirigeants des r\u00e9sultats des discussions \u00e0 Washington et de discuter des prochaines \u00e9tapes\u00a0\u00bb pour mettre la fin \u00e0 la guerre en Ukraine, annonce l&rsquo;\u00c9lys\u00e9e, une information confirm\u00e9e \u00e0 l&rsquo;AFP par un porte-parole du gouvernement britannique.<\/p>\n<p>EXCLUSIF TF1-LCI10:47<\/p>\n<p>Revoyez l&rsquo;entretien exclusif d&rsquo;Emmanuel Macron au micro de TF1-LCI.<\/p>\n<p>Interview d&rsquo;Emmanuel Macron \u00e0 l&rsquo;issue du sommet historique de WashingtonSource : TF1 Info<\/p>\n<p><img decoding=\"async\" src=\"https:\/\/www.europesays.com\/fr\/wp-content\/uploads\/2025\/08\/interview-d-emmanuel-macron-a-l-issue-du-sommet-historique-de-washington-c7c586-0@1x.jpeg\" alt=\"Interview d'Emmanuel Macron \u00e0 l'issue du sommet historique de Washington\" loading=\"lazy\" importance=\"low\" fetchpriority=\"low\" class=\"\"\/><img decoding=\"async\" src=\"https:\/\/www.tf1info.fr\/images\/icons\/player-logo-play.svg\" alt=\"Logo lecture\" class=\"jsx-d0de44c05fe3042c PlayerLazyload__Play\"\/>EXCLUSIF TF1-LCI10:28<\/p>\n<p>Emmanuel Macron pense m\u00eame \u00ab\u00a0qu&rsquo;il faut faire\u00a0\u00bb une exception \u00e0 Vladimir Poutine, vis\u00e9 par un mandat d&rsquo;arr\u00eat, si la r\u00e9union avec Volodymyr Zelensky a lieu dans un pays reconnaissant la Cour p\u00e9nale internationale. \u00ab\u00a0Le travail de la justice doit venir, nous sommes nous-m\u00eame signataires de ces trait\u00e9s\u00a0\u00bb, assure le pr\u00e9sident fran\u00e7ais dans un entretien \u00e0 TF1-LCI, apr\u00e8s le sommet de Washington. \u00ab\u00a0Mais il est pr\u00e9sident en exercice, il a un principe d&rsquo;immunit\u00e9. Il faut que la paix avance, donc il faut trouver un lieu.\u00a0\u00bb<\/p>\n<p>UNE TRILAT\u00c9RALE \u00ab\u00a0POURRAIT MARQUER UNE AVANC\u00c9E D\u00c9CISIVE\u00a0\u00bb VERS LA PAIX10:11<\/p>\n<p>\u00ab\u00a0La prochaine rencontre entre les dirigeants ukrainien, am\u00e9ricain et russe pourrait marquer une avanc\u00e9e d\u00e9cisive sur la voie de la paix\u00a0\u00bb, assure mardi sur X le ministre ukrainien des Affaires \u00e9trang\u00e8res, Andrii Sybiha, qui dit \u00eatre \u00ab\u00a0reconnaissant\u00a0\u00bb envers le pr\u00e9sident Trump \u00ab\u00a0pour son engagement en faveur de la paix.\u00a0\u00bb<\/p>\n<p>\u00ab\u00a0MOSCOU CONTINUE DE FAIRE LE CONTRAIRE DE LA PAIX\u00a0\u00bb10:10<\/p>\n<p>\u00ab\u00a0Alors que des efforts acharn\u00e9s \u00e9taient d\u00e9ploy\u00e9s \u00e0 Washington D.C pour faire avancer la paix, sous la direction des pr\u00e9sidents Zelensky et Trump, avec la participation des dirigeants europ\u00e9ens et de l&rsquo;Otan, Moscou continuait de faire le contraire de la paix : davantage de frappes et de destructions\u00a0\u00bb, fustige mardi sur X le ministre ukrainien des Affaires \u00e9trang\u00e8res, Andrii Sybiha. \u00ab\u00a0Des infrastructures \u00e9nerg\u00e9tiques ont \u00e9t\u00e9 endommag\u00e9es et des civils ont \u00e9t\u00e9 bless\u00e9s. Cela d\u00e9montre une fois de plus combien il est crucial de mettre fin aux massacres, de parvenir \u00e0 une paix durable et de garantir des garanties de s\u00e9curit\u00e9 solides.\u00a0\u00bb<\/p>\n<blockquote data-testid=\"EmbedTwitter\" id=\"tweet-1957711692328018406-:Rech9lkmcmj9n79m:\" class=\"jsx-aeff1a1c40f54d7a twitter-tweet flex justify-center items-center\"><p>While hard work to advance peace was underway in Washington, D.C., led by Presidents  @ZelenskyyUA and  @POTUS , with the participation of European and NATO leaders, Moscow continued to do the opposite of peace: more strikes and destruction. Overnight, Russia launched 270 drones,\u2026  pic.twitter.com\/JMiFNRV9N1 \u2014 Andrii Sybiha \ud83c\uddfa\ud83c\udde6 (@andrii_sybiha)  August 19, 2025<\/p><\/blockquote>\n<p>\u00ab\u00a0POUTINE NE VEUT PAS LA PAIX\u00a0\u00bb09:45<\/p>\n<p>\u00ab\u00a0Au moment m\u00eame o\u00f9 Poutine assurait \u00e0 Trump par t\u00e9l\u00e9phone qu&rsquo;il recherchait la paix, et o\u00f9 le pr\u00e9sident Volodymyr Zelensky s&rsquo;entretenait \u00e0 la Maison Blanche avec les dirigeants europ\u00e9ens au sujet d&rsquo;une paix juste, l&rsquo;arm\u00e9e de Poutine a lanc\u00e9 une nouvelle attaque massive contre Krementchouk\u00a0\u00bb, a d\u00e9nonc\u00e9 sur Telegram Vitalii Maletskyi , maire de la ville vis\u00e9e par les drones russes et situ\u00e9e dans la r\u00e9gion de Poltava. \u00ab\u00a0Une fois de plus, le monde a vu que Poutine ne veut pas la paix &#8211; il veut d\u00e9truire l&rsquo;Ukraine.\u00a0\u00bb<\/p>\n<p>MEDVEDEV RAILLE LA COALITION \u00ab\u00a0BELLICISTE ET ANTIRUSSE\u00a0\u00bb09:42<\/p>\n<p>\u00ab\u00a0La Coalition des volontaires, belliciste et antirusse, n&rsquo;a pas r\u00e9ussi \u00e0 dominer Donald Trump sur son terrain\u00a0\u00bb, \u00e9crit mardi en anglais sur X Dmitri Medvedev, vice-pr\u00e9sident du Conseil de s\u00e9curit\u00e9 de Russie. \u00ab\u00a0L&rsquo;Europe l&rsquo;a remerci\u00e9 et lui a fait des courbettes. La question est de savoir quel refrain le clown de Kiev jouera \u00e0 propos des garanties et des territoires chez lui, une fois qu&rsquo;il aura rev\u00eatu son uniforme militaire vert.\u00a0\u00bb<\/p>\n<blockquote data-testid=\"EmbedTwitter\" id=\"tweet-1957690420235780154-:Recj9lkmcmj9n79m:\" class=\"jsx-aeff1a1c40f54d7a twitter-tweet flex justify-center items-center\"><p>The anti-Russian warmongering Coalition of the Willing failed to outplay  @POTUS on his turf. Europe thanked &amp; sucked up to him. The question is which tune the Kiev clown will play about guarantees &amp; territories back home, once he\u2019s put on his green military uniform again. \u2014 Dmitry Medvedev (@MedvedevRussiaE)  August 19, 2025<\/p><\/blockquote>\n<p>LA CHINE DIT \u00ab\u00a0SOUTENIR TOUS LES EFFORTS\u00a0\u00bb VERS LA PAIX09:31<\/p>\n<p>P\u00e9kin a dit mardi \u00ab\u00a0soutenir tous les efforts\u00a0\u00bb vers la paix, apr\u00e8s l&rsquo;annonce d&rsquo;un potentiel sommet entre Zelensky et Poutine. \u00ab\u00a0La Chine a toujours \u00e9t\u00e9 convaincue que le dialogue et la n\u00e9gociation constituent la seule voie viable pour r\u00e9soudre la crise ukrainienne. Nous soutenons tous les efforts en faveur de la paix\u00a0\u00bb, a d\u00e9clar\u00e9 lors d&rsquo;un point presse Mao Ning, une porte-parole du minist\u00e8re chinois des Affaires \u00e9trang\u00e8res.<\/p>\n<p>DE NOUVELLES ATTAQUES RUSSES LA NUIT DERNI\u00c8RE 09:25<\/p>\n<p>La Russie a lanc\u00e9 la nuit derni\u00e8re 270 drones, cinq missiles balistiques Iskander-M et cinq missiles de croisi\u00e8re, rapporte mardi sur Telegram l&rsquo;arm\u00e9e de l&rsquo;air ukrainienne, pr\u00e9cisant que la grande majorit\u00e9 ont \u00e9t\u00e9 intercept\u00e9s. Alors que le sommet de Washington se terminait, les missiles ont \u00e9t\u00e9 lanc\u00e9s depuis les r\u00e9gions russes de Koursk, Millerovo, Primorsko-Akhtarsk, Rostov et Voronej, ainsi que depuis la Crim\u00e9e occup\u00e9e.<\/p>\n<p>QUAND TRUMP FAIT UNE CONFIDENCE SURPRENANTE \u00c0 MACRON09:10<\/p>\n<p>Une cam\u00e9ra de <a href=\"https:\/\/edition.cnn.com\/2025\/08\/18\/politics\/video\/trump-hot-mic-moment-deal-putin-zeleny-digvid\" target=\"_blank\" rel=\"noopener\">CNN (nouvelle fen\u00eatre)<\/a> a capt\u00e9 un \u00e9change entre Donald Trump et Emmanuel Macron, en marge de la r\u00e9union multilat\u00e9rale en pr\u00e9sence de Volodymyr Zelensky et des dirigeants europ\u00e9ens \u00e0 Washington. \u00ab\u00a0Je pense que (Vladimir Poutine) veut conclure un accord pour moi, tu comprends ? Aussi fou que cela puisse para\u00eetre\u00a0\u00bb, a confi\u00e9 discr\u00e8tement le locataire de la Maison Blanche \u00e0 son homologue fran\u00e7ais.<\/p>\n<p>MACRON APPELLE \u00c0 \u00ab\u00a0UNE PAIX SOLIDE ET DURABLE\u00a0\u00bb09:06<\/p>\n<p>\u00ab\u00a0Nous avons redit au pr\u00e9sident Trump notre volont\u00e9 de continuer \u00e0 unir nos efforts pour une paix solide et durable, qui pr\u00e9serve les int\u00e9r\u00eats de l&rsquo;Ukraine et la s\u00e9curit\u00e9 des Europ\u00e9ens\u00a0\u00bb, \u00e9crit sur X Emmanuel Macron. \u00ab\u00a0Cette paix passera n\u00e9cessairement par l&rsquo;octroi \u00e0 l&rsquo;Ukraine de garanties de s\u00e9curit\u00e9 robustes, sur lesquelles nous avons d\u00e9cid\u00e9 de travailler tr\u00e8s concr\u00e8tement avec les \u00c9tats-Unis. Il est aussi clair dans notre esprit que la pression sur la Russie devra se poursuivre aussi longtemps que cette paix n&rsquo;aura pas \u00e9t\u00e9 \u00e9tablie.\u00a0\u00bb<\/p>\n<blockquote data-testid=\"EmbedTwitter\" id=\"tweet-1957653445080478147-:Recn9lkmcmj9n79m:\" class=\"jsx-aeff1a1c40f54d7a twitter-tweet flex justify-center items-center\"><p>\u00c0 Washington, aux c\u00f4t\u00e9s du Pr\u00e9sident Zelensky et avec nos partenaires, nous avons redit au Pr\u00e9sident Trump notre volont\u00e9 de continuer \u00e0 unir nos efforts pour une paix solide et durable, qui pr\u00e9serve les int\u00e9r\u00eats de l&rsquo;Ukraine et la s\u00e9curit\u00e9 des Europ\u00e9ens. Cette paix passera\u2026 \u2014 Emmanuel Macron (@EmmanuelMacron)  August 19, 2025<\/p><\/blockquote>\n<p>CHANGEMENT DE LOOK09:02<\/p>\n<p>Une nouvelle fois re\u00e7u \u00e0 la Maison Blanche, Volodymyr Zelensky a cette fois laiss\u00e9 tomber la tenue militaire. Son accoutrement avait \u00e9t\u00e9 l&rsquo;un des points de discorde avec Donald Trump en f\u00e9vrier dernier.<\/p>\n<p>International<img decoding=\"async\" src=\"https:\/\/www.europesays.com\/fr\/wp-content\/uploads\/2025\/08\/volodymyr-zelensky-recu-a-la-maison-blanche-874c0b-1@1x.jpeg\" alt=\"Volodymyr Zelensky re\u00e7u \u00e0 la Maison Blanche\" loading=\"lazy\" importance=\"low\" fetchpriority=\"low\" class=\"\" aria-hidden=\"true\"\/>Publi\u00e9 aujourd&rsquo;hui \u00e0 8h57EXCLUSIF TF1-LCI08:40<\/p>\n<p>\u00ab\u00a0L&rsquo;Ukraine fera les concessions qu&rsquo;elle estime justes et bonnes\u00a0\u00bb, assure Emmanuel Macron dans un entretien exclusif \u00e0 TF1-LCI, apr\u00e8s le sommet de Washington. Le pr\u00e9sident fran\u00e7ais met en garde \u00a0sur \u00ab\u00a0une paix pr\u00e9cipit\u00e9e\u00a0\u00bb qui \u00ab\u00a0ne serait pas respect\u00e9e par la Russie\u00a0\u00bb. \u00ab\u00a0Cette paix ne peut pas \u00eatre une capitulation, ce serait dramatique pour l&rsquo;Ukraine et les Europ\u00e9ens. Une puissance dot\u00e9e de l&rsquo;arme nucl\u00e9aire se rapprocherait de nos fronti\u00e8res et avancerait. Ce serait l&rsquo;effondrement de l&rsquo;ordre international construit depuis 70 ans.\u00a0\u00bb<\/p>\n<p>Emmanuel Macron pour TF1-LCI : \u00ab\u00a0Il ne faut pas que la paix (en Ukraine) soit pr\u00e9cipit\u00e9e\u00a0\u00bbSource : TF1 Info<\/p>\n<p><img decoding=\"async\" src=\"https:\/\/www.europesays.com\/fr\/wp-content\/uploads\/2025\/08\/emmanuel-macron-pour-tf1-lci-il-ne-faut-pas-que-la-paix-en-ukraine-soit-precipitee-e0de3f-0@1x.jpeg\" alt=\"Emmanuel Macron pour TF1-LCI : &quot;Il ne faut pas que la paix (en Ukraine) soit pr\u00e9cipit\u00e9e&quot;\" loading=\"lazy\" importance=\"low\" fetchpriority=\"low\" class=\"\"\/><img decoding=\"async\" src=\"https:\/\/www.tf1info.fr\/images\/icons\/player-logo-play.svg\" alt=\"Logo lecture\" class=\"jsx-d0de44c05fe3042c PlayerLazyload__Play\"\/>EXCLUSIF TF1-LCI08:23<\/p>\n<p>Apr\u00e8s la r\u00e9union \u00e0 Washington, Emmanuel Macron a accord\u00e9 une interview exclusive \u00e0 TF1-LCI. Accord de paix, garanties de s\u00e9curit\u00e9 pour l&rsquo;Ukraine, menaces de la Russie&#8230; Voici ce qu&rsquo;il faut retenir.<\/p>\n<p>International<\/p>\n<p>EXCLUSIF<\/p>\n<p><img decoding=\"async\" src=\"https:\/\/www.europesays.com\/fr\/wp-content\/uploads\/2025\/08\/macron-rochebin-f13775-0@1x.jpeg\" alt=\"Sommet \u00e0 Washington sur l'Ukraine : l'interview exclusive d'Emmanuel Macron \u00e0 TF1-LCI\" loading=\"lazy\" importance=\"low\" fetchpriority=\"low\" class=\"\" aria-hidden=\"true\"\/>Publi\u00e9 aujourd&rsquo;hui \u00e0 10h24EXCLUSIF TF1-LCI08:11<\/p>\n<p>Retrouvez un long extrait de l&rsquo;entretien exclusif accord\u00e9 par Emmanuel Macron \u00e0 TF1-LCI, avant de retrouver l&rsquo;int\u00e9gralit\u00e9 de cette interview qui sera diffus\u00e9e \u00e0 10h sur LCI (canal 15).<\/p>\n<p>Emmanuel Macron, interview exclusive TF1\/LCI : extrait de \u00ab\u00a0Bonjour !\u00a0\u00bbSource : TF1 Info<\/p>\n<p><img decoding=\"async\" src=\"https:\/\/www.europesays.com\/fr\/wp-content\/uploads\/2025\/08\/emmanuel-macron-interview-exclusive-tf1-lci-extrait-de-bonjour-db0b7a-0@1x.jpeg\" alt=\"Emmanuel Macron, interview exclusive TF1\/LCI : extrait de &quot;Bonjour !&quot;\" loading=\"lazy\" importance=\"low\" fetchpriority=\"low\" class=\"\"\/><img decoding=\"async\" src=\"https:\/\/www.tf1info.fr\/images\/icons\/player-logo-play.svg\" alt=\"Logo lecture\" class=\"jsx-d0de44c05fe3042c PlayerLazyload__Play\"\/>C\u00c9DER LE DONBASS, COMME SI \u00ab\u00a0LES \u00c9TATS-UNIS RENONCENT \u00c0 LA FLORIDE\u00a0\u00bb08:00<\/p>\n<p>Le chancelier allemand, Friedrich Merz, a jug\u00e9 lundi \u00e0 Washington que Kiev ne devrait pas \u00eatre contraint de faire des concessions territoriales dans le cadre d&rsquo;un \u00e9ventuel accord de paix. \u00ab\u00a0La demande russe visant \u00e0 ce que Kiev renonce aux parties libres du Donbass correspond, pour parler franchement, \u00e0 une proposition visant \u00e0 ce que les \u00c9tats-Unis renoncent \u00e0 la Floride\u00a0\u00bb, a-t-il lanc\u00e9 \u00e0 l&rsquo;issue d&rsquo;une r\u00e9union \u00e0 la Maison Blanche. Il a cependant ajout\u00e9 que la question territoriale n&rsquo;avait pas \u00e9t\u00e9 abord\u00e9e directement lors des discussions.<\/p>\n<p>LES GARANTIES DE S\u00c9CURIT\u00c9 FORMALIS\u00c9ES \u00ab\u00a0D&rsquo;ICI DIX JOURS\u00a0\u00bb07:54<\/p>\n<p>Les alli\u00e9s occidentaux de Kiev vont formaliser \u00ab\u00a0d&rsquo;ici dix jours\u00a0\u00bb les garanties de s\u00e9curit\u00e9 pour l&rsquo;Ukraine, a annonc\u00e9 lundi Volodymyr Zelensky, afin de pr\u00e9venir toute nouvelle attaque russe en cas d&rsquo;accord de paix avec Moscou. \u00ab\u00a0Les garanties de s\u00e9curit\u00e9 seront probablement d\u00e9cid\u00e9es par nos partenaires et il y aura de plus en plus de d\u00e9tails, car tout sera couch\u00e9 sur papier et officialis\u00e9 (&#8230;) d&rsquo;ici une semaine \u00e0 dix jours\u00a0\u00bb, a-t-il indiqu\u00e9 \u00e0 l&rsquo;issue de n\u00e9gociations \u00e0 la Maison Blanche avec Donald Trump et des dirigeants europ\u00e9ens.<\/p>\n<p>\u00ab\u00a0Il est important que les \u00c9tats-Unis donnent un signal clair qu&rsquo;ils feront partie des pays qui assisteront, coordonneront, et seront aussi des participants dans les garanties de s\u00e9curit\u00e9 pour l&rsquo;Ukraine. Je pense que \u00e7a c&rsquo;est un grand pas en avant\u00a0\u00bb, a-t-il ajout\u00e9, cit\u00e9 dans un communiqu\u00e9 de la pr\u00e9sidence.\u00a0<\/p>\n<p>ZELENSKY REMERCIE MELANIA TRUMP \u00ab\u00a0POUR SA COMPASSION\u00a0\u00bb07:36<\/p>\n<p>Le pr\u00e9sident ukrainien, Volodymyr Zelensky, remercie mardi sur X la First Lady, Melania Trump, \u00ab\u00a0pour l&rsquo;attention qu&rsquo;elle porte \u00e0 l&rsquo;un des probl\u00e8mes les plus douloureux et les plus difficiles de cette guerre : l&rsquo;enl\u00e8vement d&rsquo;enfants ukrainiens par la Russie\u00a0\u00bb.\u00a0\u00ab\u00a0Nous appr\u00e9cions profond\u00e9ment sa compassion\u00a0\u00bb, \u00e9crit-il.<\/p>\n<p>\u00ab\u00a0Ce probl\u00e8me est au c\u0153ur de la trag\u00e9die humanitaire de la guerre : nos enfants, nos familles bris\u00e9es, la douleur de la s\u00e9paration. Au moins 20.000 enfants ont \u00e9t\u00e9 enlev\u00e9s\u00a0\u00bb, assure-t-il, en expliquant que \u00ab\u00a0sa voix compte, et son soutien donne de la force \u00e0 cette cause.\u00a0\u00bb \u00ab\u00a0Nous travaillons sans rel\u00e2che pour rapatrier chaque enfant\u00a0\u00bb, conclut le chef d&rsquo;\u00c9tat ukrainien. \u00ab\u00a0Il en va de m\u00eame pour nos prisonniers de guerre et nos civils d\u00e9tenus en Russie depuis des ann\u00e9es, certains depuis 2014, dans des conditions tr\u00e8s difficiles.\u00a0\u00bb<\/p>\n<blockquote data-testid=\"EmbedTwitter\" id=\"tweet-1957620982320898240-:Recu9lkmcmj9n79m:\" class=\"jsx-aeff1a1c40f54d7a twitter-tweet flex justify-center items-center\"><p>I want to thank  @FLOTUS Melania Trump for her attention to one of the most painful and difficult issues of this war \u2013 the abduction of Ukrainian children by Russia. We deeply appreciate her compassion and her letter to Putin. This issue lies at the heart of the war\u2019s\u2026  https:\/\/t.co\/DHiGcUGydO \u2014 Volodymyr Zelenskyy \/ \u0412\u043e\u043b\u043e\u0434\u0438\u043c\u0438\u0440 \u0417\u0435\u043b\u0435\u043d\u0441\u044c\u043a\u0438\u0439 (@ZelenskyyUa)  August 19, 2025<\/p><\/blockquote>\n<p>EXCLUSIF TF1-LCI07:28<\/p>\n<p>\u00ab\u00a0Le pr\u00e9sident Poutine a rarement tenu ses engagements. Il a constamment \u00e9t\u00e9 une puissance d\u00e9stabilisation. Il a cherch\u00e9 \u00e0 revoir les fronti\u00e8res pour \u00e9tendre son pouvoir. Je pense que la Russie est devenue durablement une puissance de d\u00e9stabilisation et une menace potentielle pour beaucoup d&rsquo;entre nous\u00a0\u00bb, affirme Emmanuel Macron dans un entretien exclusif \u00e0 TF1-LCI, apr\u00e8s le sommet de Washington.\u00a0<\/p>\n<p>\u00ab\u00a0Le niveau d&rsquo;investissement qu&rsquo;elle a consenti ces derni\u00e8res ann\u00e9es ne passe pas de 100 \u00e0 0 du jour au lendemain. (&#8230;) Ne soyons pas na\u00effs. Y compris pour sa propre survie, (Poutine) a besoin de continuer de manger. C&rsquo;est un pr\u00e9dateur, c&rsquo;est un ogre \u00e0 nos portes\u00a0\u00bb, d\u00e9nonce le pr\u00e9sident fran\u00e7ais. \u00ab\u00a0Je ne dis pas que d\u00e8s demain ce sera la France qui sera attaqu\u00e9e, mais enfin c&rsquo;est une menace pour les Europ\u00e9ens.\u00a0\u00bb<\/p>\n<p>Macron sur TF1\/LCI : \u00ab\u00a0La Russie, une menace\u00a0\u00bbSource : TF1 Info<\/p>\n<p><img decoding=\"async\" src=\"https:\/\/www.europesays.com\/fr\/wp-content\/uploads\/2025\/08\/macron-sur-tf1-lci-la-russie-une-menace-eda022-0@1x.jpeg\" alt=\"Macron sur TF1\/LCI : &quot;La Russie, une menace&quot;\" loading=\"lazy\" importance=\"low\" fetchpriority=\"low\" class=\"\"\/><img decoding=\"async\" src=\"https:\/\/www.tf1info.fr\/images\/icons\/player-logo-play.svg\" alt=\"Logo lecture\" class=\"jsx-d0de44c05fe3042c PlayerLazyload__Play\"\/>EXCLUSIF TF1-LCI07:21<\/p>\n<p>Une r\u00e9union Poutine-Zelensky \u00e0 Paris comme en 2019 ?\u00a0\u00bb Ce n&rsquo;est plus possible, nous sommes dans une autre phase\u00a0\u00bb, assure Emmanuel Macron dans un entretien exclusif \u00e0 TF1-LCI, apr\u00e8s le sommet de Washington. \u00ab\u00a0Ce sera un pays neutre qui sera choisi. Peut-\u00eatre la Suisse, je plaide pour Gen\u00e8ve, ou un autre pays. La derni\u00e8re fois qu&rsquo;il y a eu des discussions bilat\u00e9rales, c&rsquo;\u00e9tait en Turquie, \u00e0 Istanbul.\u00a0\u00bb<\/p>\n<p>Interview exclusive d&rsquo;Emmanuel Macron sur LCI\/TF1Source : TF1 Info<\/p>\n<p><img decoding=\"async\" src=\"https:\/\/www.europesays.com\/fr\/wp-content\/uploads\/2025\/08\/interview-exclusive-d-emmanuel-macron-sur-lci-tf1-0640f0-0@1x.jpeg\" alt=\"Interview exclusive d'Emmanuel Macron sur LCI\/TF1\" loading=\"lazy\" importance=\"low\" fetchpriority=\"low\" class=\"\"\/><img decoding=\"async\" src=\"https:\/\/www.tf1info.fr\/images\/icons\/player-logo-play.svg\" alt=\"Logo lecture\" class=\"jsx-d0de44c05fe3042c PlayerLazyload__Play\"\/>VERS DES N\u00c9GOCIATIONS DIRECTES \u00c0 UN \u00ab\u00a0PLUS HAUT NIVEAU\u00a0\u00bb07:14<\/p>\n<p>Vladimir Poutine et Donald Trump ont discut\u00e9 par t\u00e9l\u00e9phone de \u00ab\u00a0l&rsquo;id\u00e9e\u00a0\u00bb de porter \u00e0 un \u00ab\u00a0plus haut niveau\u00a0\u00bb les n\u00e9gociations directes entre la Russie et l&rsquo;Ukraine, a fait savoir lundi le conseiller diplomatique du pr\u00e9sident russe, Iouri Ouchakov, cit\u00e9 par l&rsquo;agence Tass. \u00ab\u00a0Ils ont exprim\u00e9 leur soutien \u00e0 la poursuite de n\u00e9gociations directes entre les d\u00e9l\u00e9gations de Russie et d&rsquo;Ukraine\u00a0\u00bb, a-t-il d\u00e9clar\u00e9. De telles n\u00e9gociations, \u00e0 un niveau subalterne, n&rsquo;ont jusqu&rsquo;\u00e0 pr\u00e9sent port\u00e9 que sur des \u00e9changes de prisonniers.<\/p>\n<p>\u00ab\u00a0Les deux pr\u00e9sidents sont convenus de rester en contacts \u00e9troits sur le dossier ukrainien\u00a0\u00bb et Vladimir Poutine a salu\u00e9 \u00ab\u00a0l&rsquo;importance des efforts personnels de Donald Trump pour trouver des solutions conduisant \u00e0 un r\u00e8glement sur le long terme en Ukraine\u00a0\u00bb, a ajout\u00e9 le conseiller du ma\u00eetre du Kremlin.<\/p>\n<p>ON VOUS R\u00c9SUME07:08<\/p>\n<p>Donald Trump a appel\u00e9 Vladimir Poutine lundi, apr\u00e8s un long \u00e9change avec Volodymyr Zelensky et des dirigeant europ\u00e9ens. Voici les principaux points \u00e0 retenir suite \u00e0 ce sommet marqu\u00e9 par plusieurs r\u00e9unions.<\/p>\n<p>International<img decoding=\"async\" src=\"https:\/\/www.europesays.com\/fr\/wp-content\/uploads\/2025\/08\/trump-zelensky-mb-ebaa93-1@1x.jpeg\" alt=\"T\u00eate-\u00e0-t\u00eate entre Zelensky et Poutine, garanties de s\u00e9curit\u00e9...Ce que veut Trump apr\u00e8s le sommet \u00e0 Washington \" loading=\"lazy\" importance=\"low\" fetchpriority=\"low\" class=\"\" aria-hidden=\"true\"\/>Publi\u00e9 aujourd&rsquo;hui \u00e0 1h48UNE RENCONTRE POUTINE-ZELENSKY \u00ab\u00a0D&rsquo;ICI DEUX SEMAINES\u00a0\u00bb07:06<\/p>\n<p>Le chancelier allemand, Friedrich Merz, a d\u00e9clar\u00e9 lundi \u00e0 Washington que le pr\u00e9sident russe, Vladimir Poutine, avait convenu, lors d&rsquo;un entretien t\u00e9l\u00e9phonique avec Donald Trump, de rencontrer le dirigeant ukrainien, Volodymyr Zelensky. \u00ab\u00a0Le pr\u00e9sident am\u00e9ricain s&rsquo;est entretenu avec le pr\u00e9sident russe et a convenu qu&rsquo;une rencontre entre le pr\u00e9sident russe et le pr\u00e9sident ukrainien aurait lieu d&rsquo;ici les deux prochaines semaines\u00a0\u00bb, a-t-il annonc\u00e9 aux journalistes apr\u00e8s les discussions \u00e0 la Maison Blanche.<\/p>\n<p>UNE PHOTO POUR L&rsquo;HISTOIRE07:04<\/p>\n<p>Donald Trump a re\u00e7u Volodymyr Zelensky lundi \u00e0 la Maison Blanche. Alors qu&rsquo;une discussion sur des territoires devrait avoir lieu, les deux hommes se sont retrouv\u00e9s face \u00e0 face devant une carte de l&rsquo;Ukraine.<\/p>\n<p>International<img decoding=\"async\" src=\"https:\/\/www.europesays.com\/fr\/wp-content\/uploads\/2025\/08\/zelensky-trump-maison-blanche-1-b98814-1@1x.jpeg\" alt=\"Zelensky et Trump se rencontrent ce 18 ao\u00fbt, \u00e0 la Maison Blanche\" loading=\"lazy\" importance=\"low\" fetchpriority=\"low\" class=\"\" aria-hidden=\"true\"\/>EXCLUSIF TF1-LCI07:02<\/p>\n<p>\u00ab\u00a0L&rsquo;objectif des garanties de s\u00e9curit\u00e9 est de dissuader (les Russes) par une arm\u00e9e ukrainienne forte, qui pourra r\u00e9sister\u00a0\u00bb, affirme Emmanuel Macron dans un entretien exclusif \u00e0 TF1-LCI, apr\u00e8s le sommet de Washington. \u00ab\u00a0Et s&rsquo;ils vont trop loin sur des places qu\u2019on aura d\u00e9finies, (&#8230;) si la Russie prenait la responsabilit\u00e9 de revenir aux confins de l&rsquo;Europe apr\u00e8s un accord de paix, \u00e0 ce moment-l\u00e0 il y aurait une r\u00e9action. C&rsquo;est ce qu&rsquo;Am\u00e9ricains et Britanniques s&rsquo;\u00e9taient engag\u00e9s \u00e0 faire avec les accords de Budapest.\u00a0\u00bb<\/p>\n<p>\u00ab\u00a0Une arm\u00e9e ukrainienne forte\u00a0\u00bb : Emmanuel Macron s&rsquo;exprime sur LCISource : TF1 Info<\/p>\n<p><img decoding=\"async\" src=\"https:\/\/www.europesays.com\/fr\/wp-content\/uploads\/2025\/08\/une-armee-ukrainienne-forte-emmanuel-macron-s-exprime-sur-lci-b1af17-0@1x.jpeg\" alt=\"&quot;Une arm\u00e9e ukrainienne forte&quot; : Emmanuel Macron s'exprime sur LCI\" loading=\"lazy\" importance=\"low\" fetchpriority=\"low\" class=\"\"\/><img decoding=\"async\" src=\"https:\/\/www.tf1info.fr\/images\/icons\/player-logo-play.svg\" alt=\"Logo lecture\" class=\"jsx-d0de44c05fe3042c PlayerLazyload__Play\"\/>\u00ab\u00a0POUTINE EST RAREMENT DIGNE DE CONFIANCE\u00a0\u00bb06:57<\/p>\n<p>Le pr\u00e9sident finlandais, Alexander Stubb, a estim\u00e9 lundi que Vladimir Poutine \u00ab\u00a0est rarement digne de confiance\u00a0\u00bb, \u00e0 l&rsquo;issue d&rsquo;une r\u00e9union \u00e0 la Maison Blanche avec Donald Trump, Volodymyr Zelensky et d&rsquo;autres dirigeants europ\u00e9ens. \u00ab\u00a0Il reste donc \u00e0 voir s&rsquo;il a le courage de venir \u00e0 ce type de r\u00e9union. A-t-il le courage de venir \u00e0 une r\u00e9union trilat\u00e9rale, ou essaie-t-il encore une fois de gagner du temps ?\u00a0\u00bb, a-t-il dit \u00e0 la presse.<\/p>\n<p>ZELENSKY SE DIT \u00ab\u00a0PR\u00caT\u00a0\u00bb \u00c0 UNE BILAT\u00c9RALE AVEC POUTINE06:55<\/p>\n<p>Le pr\u00e9sident ukrainien, Volodymyr Zelensky, a confirm\u00e9 lundi qu&rsquo;il \u00e9tait \u00ab\u00a0pr\u00eat\u00a0\u00bb \u00e0 une rencontre bilat\u00e9rale avec son homologue russe, Vladimir Poutine, pour mettre fin \u00e0 la guerre en Ukraine. \u00ab\u00a0Nous sommes pr\u00eats \u00e0 une rencontre bilat\u00e9rale avec Poutine et apr\u00e8s cela nous nous attendons \u00e0 une rencontre trilat\u00e9rale\u00a0\u00bb avec la participation de Donald Trump, a-t-il d\u00e9clar\u00e9 \u00e0 la presse \u00e0 la suite de ses discussions avec le pr\u00e9sident am\u00e9ricain et des responsables europ\u00e9ens \u00e0 Washington. Le dossier d&rsquo;\u00e9ventuelles concessions territoriales exig\u00e9es par la Russie \u00e0 l&rsquo;Ukraine \u00ab\u00a0est une question que nous laisserons entre moi et Poutine\u00a0\u00bb.<\/p>\n<p>EXCLUSIF TF1-LCI06:29<\/p>\n<p>Apr\u00e8s le sommet historique \u00e0 Washington, Emmanuel Macron accorde un entretien exclusif \u00e0 TF1-LCI. \u00ab\u00a0Nous avons d\u00e9cid\u00e9 d&rsquo;avoir un rendez-vous bilat\u00e9ral, ensuite une trilat\u00e9rale puis un rendez-vous multilat\u00e9ral, o\u00f9 les Europ\u00e9ens doivent \u00eatre \u00e0 la table\u00a0\u00bb, indique le pr\u00e9sident fran\u00e7ais.\u00a0\u00ab\u00a0Nous avons surtout act\u00e9 pour la premi\u00e8re fois que nous lan\u00e7ons le processus de travail sur les garanties de s\u00e9curit\u00e9.\u00a0\u00bb<\/p>\n<p>Interview exclusive d&rsquo;Emmanuel Macron sur LCI\/TF1Source : TF1 Info<\/p>\n<p><img decoding=\"async\" src=\"https:\/\/www.europesays.com\/fr\/wp-content\/uploads\/2025\/08\/interview-exclusive-d-emmanuel-macron-sur-lci-tf1-0640f0-0@1x.jpeg\" alt=\"Interview exclusive d'Emmanuel Macron sur LCI\/TF1\" loading=\"lazy\" importance=\"low\" fetchpriority=\"low\" class=\"\"\/><img decoding=\"async\" src=\"https:\/\/www.tf1info.fr\/images\/icons\/player-logo-play.svg\" alt=\"Logo lecture\" class=\"jsx-d0de44c05fe3042c PlayerLazyload__Play\"\/>BIENVENUE06:29<\/p>\n<p>Bienvenue \u00e0 toutes et tous. Bienvenue sur TF1info pour suivre dans notre direct consacr\u00e9 \u00e0 la guerre en Ukraine, au lendemain du sommet de Washington entre Volodymyr Zelensky et Donald Trump.<\/p>\n<p data-module=\"article-paragraph\" class=\"jsx-3046738180 Paragraph\">Les \u00e9v\u00e9nements s&rsquo;acc\u00e9l\u00e8rent concernant la guerre en Ukraine. Donald Trump a affirm\u00e9 lundi avoir \u00ab\u00a0commenc\u00e9 les pr\u00e9paratifs\u00a0\u00bb d&rsquo;une rencontre entre les pr\u00e9sidents ukrainien Volodymyr Zelensky et russe Vladimir Poutine, apr\u00e8s s&rsquo;\u00eatre entretenu dans la journ\u00e9e avec les deux dirigeants.<\/p>\n<p data-module=\"article-paragraph\" class=\"jsx-3046738180 Paragraph Paragraph__End\">\u00ab\u00a0Une fois cette rencontre tenue, nous organiserons une (r\u00e9union) trilat\u00e9rale, r\u00e9unissant les deux pr\u00e9sidents ainsi que moi-m\u00eame\u00a0\u00bb, a ajout\u00e9 sur sa plateforme Truth Social le pr\u00e9sident am\u00e9ricain, pr\u00e9cisant que le premier sommet entre Volodymyr Zelensky et Vladimir Poutine se d\u00e9roulerait \u00ab\u00a0dans un lieu \u00e0 d\u00e9terminer\u00a0\u00bb.<\/p>\n<p data-module=\"article-paragraph\" class=\"jsx-3046738180 Paragraph\">Donald Trump a aussi \u00e9voqu\u00e9 lundi des garanties de s\u00e9curit\u00e9 qui seraient fournies \u00e0 l&rsquo;Ukraine par des puissances du Vieux continent, en \u00ab\u00a0coordination\u00a0\u00bb avec les Etats-Unis.<\/p>\n<p data-module=\"article-paragraph\" class=\"jsx-3046738180 Paragraph\">Les discussions multilat\u00e9rales entam\u00e9es dans une salle de r\u00e9ception de la Maison Blanche ont \u00e9t\u00e9 interrompues momentan\u00e9ment le temps que le pr\u00e9sident am\u00e9ricain s&rsquo;entretienne au t\u00e9l\u00e9phone avec Vladimir Poutine, selon une source proche des discussions contact\u00e9e par l&rsquo;AFP. La n\u00e9gociation a repris ensuite dans le Bureau ovale, a fait savoir Kiev.<\/p>\n<p data-module=\"article-paragraph\" class=\"jsx-3046738180 Paragraph Paragraph__End\">\u00ab\u00a0Je pense que nous avons eu une tr\u00e8s bonne conversation avec le pr\u00e9sident Trump, c&rsquo;\u00e9tait vraiment la meilleure\u00a0\u00bb, a d\u00e9clar\u00e9 le chef de l&rsquo;Etat ukrainien en d\u00e9but d&rsquo;apr\u00e8s-midi.<\/p>\n<p>La r\u00e9daction de TF1info<\/p>\n<p>Sur le <br \/><strong> m\u00eame th\u00e8me<\/strong><\/p>\n<p>Voir plus\u00a0&#8211; Afficher tout<\/p>\n<p>Tout <br \/><strong> TF1 Info<\/strong><\/p>\n<p>Les + lusDerni\u00e8re minuteTendance<\/p>\n<ol id=\"AllNews__List__0\" class=\"jsx-95874d8574924d6f jsx-3678163218 AllNews__List AllNews__List--visible\">\n<li data-testid=\"AllNewsItem\" class=\"jsx-2e8fe6ce4c477ce7 AllNewsItem \"\/>\n<li data-testid=\"AllNewsItem\" class=\"jsx-2e8fe6ce4c477ce7 AllNewsItem \"\/>\n<li data-testid=\"AllNewsItem\" class=\"jsx-2e8fe6ce4c477ce7 AllNewsItem \"\/>\n<li data-testid=\"AllNewsItem\" class=\"jsx-2e8fe6ce4c477ce7 AllNewsItem \"\/>\n<li data-testid=\"AllNewsItem\" class=\"jsx-2e8fe6ce4c477ce7 AllNewsItem \"\/>\n<li data-testid=\"AllNewsItem\" class=\"jsx-2e8fe6ce4c477ce7 AllNewsItem AllNewsItem__Hidden\"\/>\n<li data-testid=\"AllNewsItem\" class=\"jsx-2e8fe6ce4c477ce7 AllNewsItem AllNewsItem__Hidden\"\/>\n<li data-testid=\"AllNewsItem\" class=\"jsx-2e8fe6ce4c477ce7 AllNewsItem AllNewsItem__Hidden\"\/>\n<li data-testid=\"AllNewsItem\" class=\"jsx-2e8fe6ce4c477ce7 AllNewsItem AllNewsItem__Hidden\"\/>\n<li data-testid=\"AllNewsItem\" class=\"jsx-2e8fe6ce4c477ce7 AllNewsItem AllNewsItem__Hidden\"\/>Voir plus d&rsquo;actualit\u00e9s\u00a0&#8211; Afficher tout<\/ol>\n<ol id=\"AllNews__List__1\" class=\"jsx-95874d8574924d6f jsx-3678163218 AllNews__List\">\n<li data-testid=\"AllNewsItem\" class=\"jsx-2e8fe6ce4c477ce7 AllNewsItem \"\/>\n<li data-testid=\"AllNewsItem\" class=\"jsx-2e8fe6ce4c477ce7 AllNewsItem \"\/>\n<li data-testid=\"AllNewsItem\" class=\"jsx-2e8fe6ce4c477ce7 AllNewsItem \"\/>\n<li data-testid=\"AllNewsItem\" class=\"jsx-2e8fe6ce4c477ce7 AllNewsItem \"\/>\n<li data-testid=\"AllNewsItem\" class=\"jsx-2e8fe6ce4c477ce7 AllNewsItem \"\/>\n<li data-testid=\"AllNewsItem\" class=\"jsx-2e8fe6ce4c477ce7 AllNewsItem AllNewsItem__Hidden\"\/>\n<li data-testid=\"AllNewsItem\" class=\"jsx-2e8fe6ce4c477ce7 AllNewsItem AllNewsItem__Hidden\"\/>\n<li data-testid=\"AllNewsItem\" class=\"jsx-2e8fe6ce4c477ce7 AllNewsItem AllNewsItem__Hidden\"\/>\n<li data-testid=\"AllNewsItem\" class=\"jsx-2e8fe6ce4c477ce7 AllNewsItem AllNewsItem__Hidden\"\/>\n<li data-testid=\"AllNewsItem\" class=\"jsx-2e8fe6ce4c477ce7 AllNewsItem AllNewsItem__Hidden\"\/>Voir plus d&rsquo;actualit\u00e9s\u00a0&#8211; Afficher tout<\/ol>\n<ol id=\"AllNews__List__2\" class=\"jsx-95874d8574924d6f jsx-3678163218 AllNews__List\">\n<li data-testid=\"AllNewsItem\" class=\"jsx-2e8fe6ce4c477ce7 AllNewsItem \"\/>\n<li data-testid=\"AllNewsItem\" class=\"jsx-2e8fe6ce4c477ce7 AllNewsItem \"\/>\n<li data-testid=\"AllNewsItem\" class=\"jsx-2e8fe6ce4c477ce7 AllNewsItem \"\/>\n<li data-testid=\"AllNewsItem\" class=\"jsx-2e8fe6ce4c477ce7 AllNewsItem \"\/>\n<li data-testid=\"AllNewsItem\" class=\"jsx-2e8fe6ce4c477ce7 AllNewsItem \"\/>\n<li data-testid=\"AllNewsItem\" class=\"jsx-2e8fe6ce4c477ce7 AllNewsItem AllNewsItem__Hidden\"\/>\n<li data-testid=\"AllNewsItem\" class=\"jsx-2e8fe6ce4c477ce7 AllNewsItem AllNewsItem__Hidden\"\/>\n<li data-testid=\"AllNewsItem\" class=\"jsx-2e8fe6ce4c477ce7 AllNewsItem AllNewsItem__Hidden\"\/>\n<li data-testid=\"AllNewsItem\" class=\"jsx-2e8fe6ce4c477ce7 AllNewsItem AllNewsItem__Hidden\"\/>\n<li data-testid=\"AllNewsItem\" class=\"jsx-2e8fe6ce4c477ce7 AllNewsItem AllNewsItem__Hidden\"\/>Voir plus d&rsquo;actualit\u00e9s\u00a0&#8211; Afficher tout<\/ol>\n<ol class=\"jsx-3116133996 Breadcrumb__Wrapper\">\n<li class=\"jsx-3116133996 Breadcrumb__Element\"><a href=\"https:\/\/www.tf1info.fr\/\" rel=\"noopener\" class=\"jsx-484472199 Link\" target=\"_blank\">Accueil<\/a><\/li>\n<li class=\"jsx-3116133996 Breadcrumb__Element\">&#8211;<a href=\"https:\/\/www.tf1info.fr\/international\/\" rel=\"noopener\" class=\"jsx-484472199 Link\" target=\"_blank\">International<\/a><\/li>\n<li class=\"jsx-3116133996 Breadcrumb__Element\">-EN DIRECT &#8211; Ukraine : \u00ab\u00a0Zelensky doit \u00eatre flexible\u00a0\u00bb dans les n\u00e9gociations, pr\u00e9vient Trump<\/li>\n<\/ol>\n<p><script async src=\"https:\/\/platform.twitter.com\/widgets.js\" charset=\"utf-8\"><\/script><\/p>\n","protected":false},"excerpt":{"rendered":"Le Premier ministre britannique Keir Starmer et le pr\u00e9sident fran\u00e7ais Emmanuel Macron r\u00e9unissent ce mardi midi une r\u00e9union&hellip;\n","protected":false},"author":2,"featured_media":329406,"comment_status":"","ping_status":"","sticky":false,"template":"","format":"standard","meta":{"footnotes":""},"categories":[1591],"tags":[1111,11,1921,75,1887,28083,1922,12,1885,1886,132,220,1917,133,1920,134,46474],"class_list":{"0":"post-329405","1":"post","2":"type-post","3":"status-publish","4":"format-standard","5":"has-post-thumbnail","7":"category-russie","8":"tag-actu","9":"tag-actualites","10":"tag-article-video","11":"tag-donald-trump","12":"tag-federation-de-russie","13":"tag-guerre-en-ukraine-une-treve-sera-t-elle-possible","14":"tag-info","15":"tag-news","16":"tag-russia","17":"tag-russian-federation","18":"tag-russie","19":"tag-ukraine","20":"tag-ukraine-4-annee-de-guerre","21":"tag-video","22":"tag-video-international","23":"tag-volodymyr-zelensky","24":"tag-zelensky-et-les-europeens-aux-etats-unis-journee-cruciale-pour-lukraine"},"share_on_mastodon":{"url":"https:\/\/pubeurope.com\/@fr\/115055714008492951","error":""},"_links":{"self":[{"href":"https:\/\/www.europesays.com\/fr\/wp-json\/wp\/v2\/posts\/329405","targetHints":{"allow":["GET"]}}],"collection":[{"href":"https:\/\/www.europesays.com\/fr\/wp-json\/wp\/v2\/posts"}],"about":[{"href":"https:\/\/www.europesays.com\/fr\/wp-json\/wp\/v2\/types\/post"}],"author":[{"embeddable":true,"href":"https:\/\/www.europesays.com\/fr\/wp-json\/wp\/v2\/users\/2"}],"replies":[{"embeddable":true,"href":"https:\/\/www.europesays.com\/fr\/wp-json\/wp\/v2\/comments?post=329405"}],"version-history":[{"count":0,"href":"https:\/\/www.europesays.com\/fr\/wp-json\/wp\/v2\/posts\/329405\/revisions"}],"wp:featuredmedia":[{"embeddable":true,"href":"https:\/\/www.europesays.com\/fr\/wp-json\/wp\/v2\/media\/329406"}],"wp:attachment":[{"href":"https:\/\/www.europesays.com\/fr\/wp-json\/wp\/v2\/media?parent=329405"}],"wp:term":[{"taxonomy":"category","embeddable":true,"href":"https:\/\/www.europesays.com\/fr\/wp-json\/wp\/v2\/categories?post=329405"},{"taxonomy":"post_tag","embeddable":true,"href":"https:\/\/www.europesays.com\/fr\/wp-json\/wp\/v2\/tags?post=329405"}],"curies":[{"name":"wp","href":"https:\/\/api.w.org\/{rel}","templated":true}]}}