{"id":329407,"date":"2025-08-19T13:40:12","date_gmt":"2025-08-19T13:40:12","guid":{"rendered":"https:\/\/www.europesays.com\/fr\/329407\/"},"modified":"2025-08-19T13:40:12","modified_gmt":"2025-08-19T13:40:12","slug":"un-deux-sevrien-vit-le-martyre-de-lukraine","status":"publish","type":"post","link":"https:\/\/www.europesays.com\/fr\/329407\/","title":{"rendered":"Un Deux-S\u00e9vrien vit le martyre de l\u2019Ukraine"},"content":{"rendered":"<p>Agriculteur retrait\u00e9 du Mellois, Lionel Moreau se rend souvent dans le nord-est de l\u2019Ukraine, \u00e0 Brovary, dans la banlieue proche de\u00a0Kiev, chez un agriculteur ami de longue date qu\u2019il accompagne depuis de nombreuses ann\u00e9es de ses conseils techniques dans un important \u00e9levage de ch\u00e8vres dont le lait est transform\u00e9 en yaourts. Lionel Moreau s\u2019y trouve en ce moment et a assist\u00e9 \u00e0 un enterremen&#8230; <\/p>\n<p>    Cet article a \u00e9t\u00e9 tronqu\u00e9. Abonnez-vous pour lire l&rsquo;article complet sur notre site.<\/p>\n<p style=\"margin: 0 !important; padding: 0 !important; font-size: 12px !important;\">Cet article a \u00e9t\u00e9 tronqu\u00e9. Abonnez-vous pour lire l&rsquo;article complet.<\/p>\n<p>    <a href=\"https:\/\/www.lanouvellerepublique.fr\/abonnements\" style=\"display: inline-block; margin-top: 5px !important; padding: 6px 12px !important; background: #cb1c27; color: white; text-decoration: none; border-radius: 4px; font-size: 12px !important;\" target=\"_blank\" rel=\"noopener\"><br \/>\n      S&rsquo;abonner<br \/>\n    <\/a><\/p>\n","protected":false},"excerpt":{"rendered":"Agriculteur retrait\u00e9 du Mellois, Lionel Moreau se rend souvent dans le nord-est de l\u2019Ukraine, \u00e0 Brovary, dans la&hellip;\n","protected":false},"author":2,"featured_media":329408,"comment_status":"","ping_status":"","sticky":false,"template":"","format":"standard","meta":{"footnotes":""},"categories":[1590],"tags":[11,1674,1777,674,12,46686,220],"class_list":{"0":"post-329407","1":"post","2":"type-post","3":"status-publish","4":"format-standard","5":"has-post-thumbnail","7":"category-ukraine","8":"tag-actualites","9":"tag-communes","10":"tag-eu","11":"tag-europe","12":"tag-news","13":"tag-prahecq","14":"tag-ukraine"},"share_on_mastodon":{"url":"https:\/\/pubeurope.com\/@fr\/115055717509089064","error":""},"_links":{"self":[{"href":"https:\/\/www.europesays.com\/fr\/wp-json\/wp\/v2\/posts\/329407","targetHints":{"allow":["GET"]}}],"collection":[{"href":"https:\/\/www.europesays.com\/fr\/wp-json\/wp\/v2\/posts"}],"about":[{"href":"https:\/\/www.europesays.com\/fr\/wp-json\/wp\/v2\/types\/post"}],"author":[{"embeddable":true,"href":"https:\/\/www.europesays.com\/fr\/wp-json\/wp\/v2\/users\/2"}],"replies":[{"embeddable":true,"href":"https:\/\/www.europesays.com\/fr\/wp-json\/wp\/v2\/comments?post=329407"}],"version-history":[{"count":0,"href":"https:\/\/www.europesays.com\/fr\/wp-json\/wp\/v2\/posts\/329407\/revisions"}],"wp:featuredmedia":[{"embeddable":true,"href":"https:\/\/www.europesays.com\/fr\/wp-json\/wp\/v2\/media\/329408"}],"wp:attachment":[{"href":"https:\/\/www.europesays.com\/fr\/wp-json\/wp\/v2\/media?parent=329407"}],"wp:term":[{"taxonomy":"category","embeddable":true,"href":"https:\/\/www.europesays.com\/fr\/wp-json\/wp\/v2\/categories?post=329407"},{"taxonomy":"post_tag","embeddable":true,"href":"https:\/\/www.europesays.com\/fr\/wp-json\/wp\/v2\/tags?post=329407"}],"curies":[{"name":"wp","href":"https:\/\/api.w.org\/{rel}","templated":true}]}}