{"id":329409,"date":"2025-08-19T13:41:15","date_gmt":"2025-08-19T13:41:15","guid":{"rendered":"https:\/\/www.europesays.com\/fr\/329409\/"},"modified":"2025-08-19T13:41:15","modified_gmt":"2025-08-19T13:41:15","slug":"usa-europe-un-rapport-de-forces-desequilibre","status":"publish","type":"post","link":"https:\/\/www.europesays.com\/fr\/329409\/","title":{"rendered":"USA-Europe, un rapport de forces d\u00e9s\u00e9quilibr\u00e9"},"content":{"rendered":"<p><strong>Dans son r\u00e9cent post, Elyes Kasri illustre avec force le rapport de forces d\u00e9s\u00e9quilibr\u00e9 entre les leaders europ\u00e9ens et le pr\u00e9sident am\u00e9ricain Donald Trump. Assis autour de Trump comme de simples \u00e9l\u00e8ves, les dirigeants europ\u00e9ens apparaissent r\u00e9duits \u00e0 un r\u00f4le secondaire, \u00e9clips\u00e9s par le leadership incontest\u00e9 de Washington au sein de l\u2019OTAN et sur la sc\u00e8ne internationale.<\/strong><\/p>\n<p>Les compliments emphatiques et les visages tendus traduisent la prise de conscience douloureuse d\u2019une Europe qui perd son poids politique, m\u00eame sur ses propres fronti\u00e8res. Cette situation met \u00e9galement en lumi\u00e8re la fin annonc\u00e9e de la tentative occidentale de contenir la Russie, avec Zelensky lui-m\u00eame contraint d\u2019admettre l\u2019\u00e9chec de la strat\u00e9gie. Quant aux partisans d\u2019un monde multipolaire, ils restent pour l\u2019heure en veille, en marge de ces rapports de force.<\/p>\n<p>\u00ab\u00a0Le spectacle des leaders europ\u00e9ens assis autour du pr\u00e9sident Trump comme des \u00e9l\u00e8ves cajol\u00e9s par leur ma\u00eetre et auxquels il donne la parole bri\u00e8vement pour placer quelques compliments ou voeux pieux, montre avec une acuit\u00e9 extr\u00eame le rapport des forces au sein de l\u2019occident et de l\u2019OTAN, le r\u00f4le transcendant du pr\u00e9sident am\u00e9ricain Trump et la marginalisation d\u2019une Europe face \u00e0 un cours des \u00e9v\u00e9nements sur son th\u00e9\u00e2tre qui lui \u00e9chappent et la ravalent au statut peu flatteur de comparse et m\u00eame de spectatrice.<\/p>\n<p>Les compliments qui puent l\u2019hypocrisie et les traits tendus des dirigeants europ\u00e9ens r\u00e9v\u00e8lent une prise de conscience du r\u00f4le de plus en plus marginal d\u2019une Europe qui a perdu sa grandeur et son influence sur le cours du monde m\u00eame \u00e0 ses portes.<\/p>\n<p>Recrut\u00e9 par les am\u00e9ricains et consorts, Zelensky se voit dans l\u2019obligation d\u2019admettre que la tragi-com\u00e9die de l\u2019endiguement de la Russie est termin\u00e9e et que sa date de p\u00e9remption est d\u00e9sormais atteinte.<\/p>\n<p>Les adeptes du monde multipolaire peuvent patienter encore un peu au vestiaire.\u00a0\u00bb<\/p>\n","protected":false},"excerpt":{"rendered":"Dans son r\u00e9cent post, Elyes Kasri illustre avec force le rapport de forces d\u00e9s\u00e9quilibr\u00e9 entre les leaders europ\u00e9ens&hellip;\n","protected":false},"author":2,"featured_media":329410,"comment_status":"","ping_status":"","sticky":false,"template":"","format":"standard","meta":{"footnotes":""},"categories":[1589],"tags":[11,73,1866,12,1864,1865,1863,308],"class_list":{"0":"post-329409","1":"post","2":"type-post","3":"status-publish","4":"format-standard","5":"has-post-thumbnail","7":"category-etats-unis","8":"tag-actualites","9":"tag-etats-unis","10":"tag-etats-unis-damerique","11":"tag-news","12":"tag-united-states","13":"tag-united-states-of-america","14":"tag-us","15":"tag-usa"},"share_on_mastodon":{"url":"https:\/\/pubeurope.com\/@fr\/115055721431434223","error":""},"_links":{"self":[{"href":"https:\/\/www.europesays.com\/fr\/wp-json\/wp\/v2\/posts\/329409","targetHints":{"allow":["GET"]}}],"collection":[{"href":"https:\/\/www.europesays.com\/fr\/wp-json\/wp\/v2\/posts"}],"about":[{"href":"https:\/\/www.europesays.com\/fr\/wp-json\/wp\/v2\/types\/post"}],"author":[{"embeddable":true,"href":"https:\/\/www.europesays.com\/fr\/wp-json\/wp\/v2\/users\/2"}],"replies":[{"embeddable":true,"href":"https:\/\/www.europesays.com\/fr\/wp-json\/wp\/v2\/comments?post=329409"}],"version-history":[{"count":0,"href":"https:\/\/www.europesays.com\/fr\/wp-json\/wp\/v2\/posts\/329409\/revisions"}],"wp:featuredmedia":[{"embeddable":true,"href":"https:\/\/www.europesays.com\/fr\/wp-json\/wp\/v2\/media\/329410"}],"wp:attachment":[{"href":"https:\/\/www.europesays.com\/fr\/wp-json\/wp\/v2\/media?parent=329409"}],"wp:term":[{"taxonomy":"category","embeddable":true,"href":"https:\/\/www.europesays.com\/fr\/wp-json\/wp\/v2\/categories?post=329409"},{"taxonomy":"post_tag","embeddable":true,"href":"https:\/\/www.europesays.com\/fr\/wp-json\/wp\/v2\/tags?post=329409"}],"curies":[{"name":"wp","href":"https:\/\/api.w.org\/{rel}","templated":true}]}}