{"id":329411,"date":"2025-08-19T13:42:18","date_gmt":"2025-08-19T13:42:18","guid":{"rendered":"https:\/\/www.europesays.com\/fr\/329411\/"},"modified":"2025-08-19T13:42:18","modified_gmt":"2025-08-19T13:42:18","slug":"au-royaume-uni-les-manifestations-contre-les-demandeurs-dasile-se-multiplient","status":"publish","type":"post","link":"https:\/\/www.europesays.com\/fr\/329411\/","title":{"rendered":"Au Royaume-Uni, les manifestations contre les demandeurs d\u2019asile se multiplient"},"content":{"rendered":"<p>                         <img loading=\"lazy\" decoding=\"async\" src=\"https:\/\/www.europesays.com\/fr\/wp-content\/uploads\/2025\/08\/7e82669_upload-1-a2vk4hzdqim5-000-694v2pu.jpg\" alt=\"Des manifestants r\u00e9clamant la fermeture du Bell Hotel, devant l\u2019\u00e9tablissement, \u00e0 Epping, au nord-est de Londres, le 8\u00a0ao\u00fbt 2025.\"   width=\"664\" height=\"443\"\/>    Des manifestants r\u00e9clamant la fermeture du Bell Hotel, devant l\u2019\u00e9tablissement, \u00e0 Epping, au nord-est de Londres, le 8\u00a0ao\u00fbt 2025.  HENRY NICHOLLS\/AFP                 <\/p>\n<p class=\"article__paragraph  \">La commune d\u2019Epping (Royaume-Uni), en bordure de l\u2019ancienne for\u00eat royale du m\u00eame nom, para\u00eet assoupie en ce dimanche 17\u00a0ao\u00fbt. A l\u2019exception des pubs, les chemins de randonn\u00e9e et les lotissements plut\u00f4t cossus de cette commune du nord de Londres sont d\u00e9serts.<\/p>\n<p class=\"article__paragraph  \">Une grosse centaine de manifestants \u2013 des familles avec enfants, des couples de retrait\u00e9s \u2013 s\u2019est pourtant rassembl\u00e9e en face du Bell Hotel, un \u00e9tablissement en briques situ\u00e9 un peu \u00e0\u00a0l\u2019\u00e9cart de l\u2019agglom\u00e9ration, au bord d\u2019une route tr\u00e8s passante, h\u00e9bergeant quelques dizaines de demandeurs d\u2019asile. Pas de grands discours, mais une sono diffusant \u00e0 plein volume, des drapeaux britanniques et des croix de Saint-Georges partout et un message sans nuances sur les tee-shirts\u00a0des manifestants\u00a0: \u00ab\u00a0Send them home, protect our kids\u00a0\u00bb (\u00ab\u00a0Renvoyez-les chez eux, prot\u00e9gez nos enfants\u00a0\u00bb).<\/p>\n<p class=\"article__paragraph  \">Les manifestations ont lieu tous les vendredis et dimanches soir depuis que, \u00e0 la mi-juillet, un homme d\u2019origine \u00e9thiopienne r\u00e9sidant dans l\u2019h\u00f4tel a fait l\u2019objet d\u2019une enqu\u00eate de la police pour agression \u2013 il s\u2019en serait pris \u00e0 une jeune fille selon les m\u00e9dias britanniques. Un autre r\u00e9sident du Bell Hotel, d\u2019origine syrienne, a \u00e9t\u00e9 inculp\u00e9 pour agressions sexuelles, pr\u00e9cisait la BBC le 13\u00a0ao\u00fbt.<\/p>\n<p class=\"reading-mode-only \"><strong>Il vous reste 84.22% de cet article \u00e0 lire. La suite est r\u00e9serv\u00e9e aux abonn\u00e9s.<\/strong><\/p>\n","protected":false},"excerpt":{"rendered":"Des manifestants r\u00e9clamant la fermeture du Bell Hotel, devant l\u2019\u00e9tablissement, \u00e0 Epping, au nord-est de Londres, le 8\u00a0ao\u00fbt&hellip;\n","protected":false},"author":2,"featured_media":329412,"comment_status":"","ping_status":"","sticky":false,"template":"","format":"standard","meta":{"footnotes":""},"categories":[1588],"tags":[11,1777,674,12,473,1853,1851,1850,1852],"class_list":{"0":"post-329411","1":"post","2":"type-post","3":"status-publish","4":"format-standard","5":"has-post-thumbnail","7":"category-royaume-uni","8":"tag-actualites","9":"tag-eu","10":"tag-europe","11":"tag-news","12":"tag-royaume-uni","13":"tag-royaume-uni-de-grande-bretagne-et-dirlande-du-nord","14":"tag-uk","15":"tag-united-kingdom","16":"tag-united-kingdom-of-great-britain-and-northern-ireland"},"share_on_mastodon":{"url":"https:\/\/pubeurope.com\/@fr\/115055725444725503","error":""},"_links":{"self":[{"href":"https:\/\/www.europesays.com\/fr\/wp-json\/wp\/v2\/posts\/329411","targetHints":{"allow":["GET"]}}],"collection":[{"href":"https:\/\/www.europesays.com\/fr\/wp-json\/wp\/v2\/posts"}],"about":[{"href":"https:\/\/www.europesays.com\/fr\/wp-json\/wp\/v2\/types\/post"}],"author":[{"embeddable":true,"href":"https:\/\/www.europesays.com\/fr\/wp-json\/wp\/v2\/users\/2"}],"replies":[{"embeddable":true,"href":"https:\/\/www.europesays.com\/fr\/wp-json\/wp\/v2\/comments?post=329411"}],"version-history":[{"count":0,"href":"https:\/\/www.europesays.com\/fr\/wp-json\/wp\/v2\/posts\/329411\/revisions"}],"wp:featuredmedia":[{"embeddable":true,"href":"https:\/\/www.europesays.com\/fr\/wp-json\/wp\/v2\/media\/329412"}],"wp:attachment":[{"href":"https:\/\/www.europesays.com\/fr\/wp-json\/wp\/v2\/media?parent=329411"}],"wp:term":[{"taxonomy":"category","embeddable":true,"href":"https:\/\/www.europesays.com\/fr\/wp-json\/wp\/v2\/categories?post=329411"},{"taxonomy":"post_tag","embeddable":true,"href":"https:\/\/www.europesays.com\/fr\/wp-json\/wp\/v2\/tags?post=329411"}],"curies":[{"name":"wp","href":"https:\/\/api.w.org\/{rel}","templated":true}]}}