{"id":329413,"date":"2025-08-19T13:43:12","date_gmt":"2025-08-19T13:43:12","guid":{"rendered":"https:\/\/www.europesays.com\/fr\/329413\/"},"modified":"2025-08-19T13:43:12","modified_gmt":"2025-08-19T13:43:12","slug":"lenvoi-de-troupes-allemandes-en-ukraine-sera-necessaire-et-logique-selon-lex-secretaire-detat-stephane-beemelmans","status":"publish","type":"post","link":"https:\/\/www.europesays.com\/fr\/329413\/","title":{"rendered":"L&rsquo;envoi de troupes allemandes en Ukraine \u00absera n\u00e9cessaire\u00bb et \u00ablogique\u00bb, selon l&rsquo;ex-secr\u00e9taire d&rsquo;\u00c9tat St\u00e9phane Beemelmans"},"content":{"rendered":"<p><a class=\"m-item-image m-item-image--1x1 o-podcast-header__image\" href=\"https:\/\/www.rfi.fr\/fr\/podcasts\/le-grand-invit%C3%A9-international\/\" title=\"Le grand invit\u00e9 international\" data-article-item-link=\"\" aria-hidden=\"true\" tabindex=\"-1\" target=\"_blank\" rel=\"noopener\"><\/p>\n<p><img decoding=\"async\" fetchpriority=\"high\" src=\"https:\/\/www.europesays.com\/fr\/wp-content\/uploads\/2025\/08\/carre-3000-invite_international-1.jpg\"   width=\"480\" height=\"480\" alt=\"Arnaud Pontus et Julien Coquelle-Ro\u00ebhm.\" loading=\"eager\" class=\"a-img \"\/><br \/>\n                                <\/a>                <\/p>\n<p class=\"t-content__chapo\">\n                                                St\u00e9phane Beemelmans,\u00a0ancien secr\u00e9taire d\u2019\u00c9tat \u00e0 la d\u00e9fense en Allemagne sous Angela Merkel, est l&rsquo;invit\u00e9 de RFI mardi 19 ao\u00fbt. Apr\u00e8s la rencontre de Washington autour de l&rsquo;Ukraine, il salue un pas important et affirme \u00e9galement qu&rsquo;apr\u00e8s la guerre, l&rsquo;Allemagne devra envoyer des troupes au sol pour assurer la s\u00e9curit\u00e9 de l&rsquo;Ukraine.\u00a0                    <\/p>\n<p><img decoding=\"async\" fetchpriority=\"low\" src=\"https:\/\/www.europesays.com\/fr\/wp-content\/uploads\/2025\/08\/2025-08-18T191617Z-340973820-RC2U9GA45MC8-RTRMADP-3-UKRAINE-CRISIS-SUMMIT.jpg\"   width=\"1024\" height=\"576\" alt=\"Les dirigeants europ\u00e9ens Friedrich Merz, Emmanuel Macron, Keir Starmer, Giorgia Meloni, Alexander Stubb ainsi que le secr\u00e9taire g\u00e9n\u00e9ral de l'OTAN Mark Rutte et la pr\u00e9sidente de la Commission europ\u00e9enne Ursula von der Leyen aux c\u00f4t\u00e9s de Volodymyr Zelensky dans le cadre des n\u00e9gociations visant \u00e0 mettre fin \u00e0 la guerre men\u00e9e par la Russie en Ukraine, \u00e0 la Maison Blanche \u00e0 Washington, le 18 ao\u00fbt 2025.\" loading=\"eager\" class=\"a-img \"\/><\/p>\n<p>                Les dirigeants europ\u00e9ens Friedrich Merz, Emmanuel Macron, Keir Starmer, Giorgia Meloni, Alexander Stubb ainsi que le secr\u00e9taire g\u00e9n\u00e9ral de l&rsquo;OTAN Mark Rutte et la pr\u00e9sidente de la Commission europ\u00e9enne Ursula von der Leyen aux c\u00f4t\u00e9s de Volodymyr Zelensky dans le cadre des n\u00e9gociations visant \u00e0 mettre fin \u00e0 la guerre men\u00e9e par la Russie en Ukraine, \u00e0 la Maison Blanche \u00e0 Washington, le 18 ao\u00fbt 2025.                \u00a9 REUTERS \/ Alexander Drago            <\/p>\n","protected":false},"excerpt":{"rendered":"St\u00e9phane Beemelmans,\u00a0ancien secr\u00e9taire d\u2019\u00c9tat \u00e0 la d\u00e9fense en Allemagne sous Angela Merkel, est l&rsquo;invit\u00e9 de RFI mardi 19&hellip;\n","protected":false},"author":2,"featured_media":329414,"comment_status":"","ping_status":"","sticky":false,"template":"","format":"standard","meta":{"footnotes":""},"categories":[1587],"tags":[11,672,1804,46687,1805,1803,312,73,1777,674,1801,14801,74,12,1802,132,220,364],"class_list":{"0":"post-329413","1":"post","2":"type-post","3":"status-publish","4":"format-standard","5":"has-post-thumbnail","7":"category-allemagne","8":"tag-actualites","9":"tag-allemagne","10":"tag-bundesrepublik-deutschland","11":"tag-connaissances-geopolitique","12":"tag-de","13":"tag-deutschland","14":"tag-diplomatie","15":"tag-etats-unis","16":"tag-eu","17":"tag-europe","18":"tag-germany","19":"tag-le-grand-invite-international","20":"tag-monde","21":"tag-news","22":"tag-republique-federale-dallemagne","23":"tag-russie","24":"tag-ukraine","25":"tag-union-europeenne"},"share_on_mastodon":{"url":"https:\/\/pubeurope.com\/@fr\/115055729533955597","error":""},"_links":{"self":[{"href":"https:\/\/www.europesays.com\/fr\/wp-json\/wp\/v2\/posts\/329413","targetHints":{"allow":["GET"]}}],"collection":[{"href":"https:\/\/www.europesays.com\/fr\/wp-json\/wp\/v2\/posts"}],"about":[{"href":"https:\/\/www.europesays.com\/fr\/wp-json\/wp\/v2\/types\/post"}],"author":[{"embeddable":true,"href":"https:\/\/www.europesays.com\/fr\/wp-json\/wp\/v2\/users\/2"}],"replies":[{"embeddable":true,"href":"https:\/\/www.europesays.com\/fr\/wp-json\/wp\/v2\/comments?post=329413"}],"version-history":[{"count":0,"href":"https:\/\/www.europesays.com\/fr\/wp-json\/wp\/v2\/posts\/329413\/revisions"}],"wp:featuredmedia":[{"embeddable":true,"href":"https:\/\/www.europesays.com\/fr\/wp-json\/wp\/v2\/media\/329414"}],"wp:attachment":[{"href":"https:\/\/www.europesays.com\/fr\/wp-json\/wp\/v2\/media?parent=329413"}],"wp:term":[{"taxonomy":"category","embeddable":true,"href":"https:\/\/www.europesays.com\/fr\/wp-json\/wp\/v2\/categories?post=329413"},{"taxonomy":"post_tag","embeddable":true,"href":"https:\/\/www.europesays.com\/fr\/wp-json\/wp\/v2\/tags?post=329413"}],"curies":[{"name":"wp","href":"https:\/\/api.w.org\/{rel}","templated":true}]}}