{"id":329417,"date":"2025-08-19T13:45:20","date_gmt":"2025-08-19T13:45:20","guid":{"rendered":"https:\/\/www.europesays.com\/fr\/329417\/"},"modified":"2025-08-19T13:45:20","modified_gmt":"2025-08-19T13:45:20","slug":"la-reglementation-fera-t-elle-de-lue-la-puissance-la-plus-fiable-en-matiere-dia","status":"publish","type":"post","link":"https:\/\/www.europesays.com\/fr\/329417\/","title":{"rendered":"La r\u00e9glementation fera-t-elle de l&rsquo;UE la puissance la plus fiable en mati\u00e8re d&rsquo;IA\u00a0?"},"content":{"rendered":"<p>          <img decoding=\"async\" class=\"c-ad__placeholder__logo\" src=\"https:\/\/static.euronews.com\/website\/images\/logos\/logo-euronews-stacked-outlined-72x72-grey-9.svg\" width=\"72\" height=\"72\" alt=\"\" loading=\"lazy\"\/><br \/>\n          PUBLICIT\u00c9<\/p>\n<p><strong>Pour faciliter la mise en \u0153uvre de cette l\u00e9gislation \u00e0 partir de l&rsquo;ann\u00e9e prochaine, l&rsquo;UE a cr\u00e9\u00e9 un code de conduite volontaire, mais certaines entreprises estiment que l&rsquo;adh\u00e9sion \u00e0 ce code entraverait l&rsquo;innovation.<\/strong><\/p>\n<p>L&rsquo;UE invite les entreprises qui cr\u00e9ent des chatbots g\u00e9n\u00e9ratifs tels que ChatGPT, Mistral, Gemini et Claude \u00e0 signer un code de conduite volontaire sur l&rsquo;IA \u00e0 usage g\u00e9n\u00e9ral.\u00a0<\/p>\n<p>En signant le code et en adh\u00e9rant aux r\u00e8gles, elles sont r\u00e9put\u00e9es se conformer \u00e0 la loi sur l&rsquo;IA, une loi europ\u00e9enne qui est entr\u00e9e en vigueur en 2024 et qui d\u00e9finit quatre niveaux de risque pour l&rsquo;utilisation de l&rsquo;IA, de minime \u00e0 inacceptable.\u00a0<\/p>\n<p>Les entreprises qui refusent de signer le code peuvent \u00eatre soumises \u00e0 des inspections plus strictes et \u00e0 des charges administratives plus lourdes. Des acteurs majeurs comme OpenAI et Anthropic soutiennent le code, tandis que d&rsquo;autres, comme Meta, refusent de le signer.\u00a0<\/p>\n<p>\u00ab\u202fDepuis le d\u00e9but du processus de r\u00e9daction en septembre dernier, Meta s&rsquo;est montr\u00e9 tr\u00e8s critique \u00e0 l&rsquo;\u00e9gard du code, affirmant qu&rsquo;il freine l&rsquo;innovation,\u202f\u00bb a d\u00e9clar\u00e9 Cynthia Kroet, reporter principale sur les politiques technologiques \u00e0 Euronews.\u00a0<\/p>\n<p>\u00ab\u202fIls ont mis en place quelques outils qu&rsquo;ils ne peuvent pas utiliser pleinement en Europe, notamment en raison des r\u00e8gles de protection des donn\u00e9es. En fin de compte, peu importe qu&rsquo;ils signent ou non, car la loi sur l&rsquo;IA pr\u00e9vaudra de toute fa\u00e7on,\u202f\u00bb a-t-elle ajout\u00e9.\u00a0<\/p>\n<p>La loi sur l&rsquo;IA sera mise en \u0153uvre progressivement jusqu&rsquo;en 2027. Ce mois-ci, les r\u00e8gles applicables aux mod\u00e8les d&rsquo;IA \u00e0 usage g\u00e9n\u00e9ral, tels que les chatbots g\u00e9n\u00e9ratifs mentionn\u00e9s ci-dessus, entreront en vigueur et les entreprises disposeront de deux ans pour s&rsquo;adapter.\u00a0<\/p>\n<p>Toutefois, les futurs mod\u00e8les qui entreront sur le march\u00e9 devront se conformer imm\u00e9diatement \u00e0 la loi et, en cas d&rsquo;infraction, la Commission pourra imposer une amende pouvant aller jusqu&rsquo;\u00e0 15 millions d&rsquo;euros.\u00a0<\/p>\n<p>R\u00e9glementation et investissement ne sont pas incompatibles ?<\/p>\n<p>Le code de conduite contient des suggestions sur la mani\u00e8re de respecter les droits d&rsquo;auteur, des normes visant \u00e0 \u00e9viter les risques syst\u00e9miques li\u00e9s aux mod\u00e8les d&rsquo;IA avanc\u00e9s et des conseils sur la mani\u00e8re de remplir un formulaire qui encourage la transparence sur la fa\u00e7on dont l\u2019entreprise se conforme \u00e0 la loi sur l&rsquo;IA.\u00a0<\/p>\n<p>Certains analystes estiment que l&rsquo;UE utilise la r\u00e9glementation pour se positionner strat\u00e9giquement comme le fournisseur d&rsquo;IA le plus fiable au niveau mondial. Les \u00c9tats-Unis et la Chine ont des approches r\u00e9glementaires moins compl\u00e8tes et se concentrent principalement sur l&rsquo;attraction d&rsquo;investissements importants dans le secteur.\u00a0<\/p>\n<p>Cependant, Laura L\u00e1zaro Cabrera, conseill\u00e8re au Centre pour la d\u00e9mocratie et la technologie, estime que les deux doivent aller de pair.\u00a0<\/p>\n<p>\u00ab\u202fL&rsquo;UE a fait de grands progr\u00e8s dans le renforcement du soutien financier qu&rsquo;elle apporte au d\u00e9veloppement de l&rsquo;IA en Europe. Rien que cette ann\u00e9e, plus de 200 milliards d&rsquo;euros ont \u00e9t\u00e9 annonc\u00e9s pour l&rsquo;investissement dans l&rsquo;IA,\u202f\u00bb a d\u00e9clar\u00e9 Laura L\u00e1zaro Cabrera.\u00a0<\/p>\n<p>\u00ab\u202fLes finances sont un \u00e9l\u00e9ment important de l&rsquo;\u00e9quation, et il est en effet important que l&rsquo;UE conserve un r\u00f4le de leader dans le d\u00e9veloppement de l&rsquo;IA, mais nous pensons que ce leadership doit \u00eatre li\u00e9 \u00e0 un cadre de s\u00e9curit\u00e9 solide qui promeut les droits fondamentaux et les syst\u00e8mes d&rsquo;IA centr\u00e9s sur l&rsquo;humain,\u202f\u00bb a ajout\u00e9 la conseill\u00e8re.\u00a0<\/p>\n<p>Deepfakes, vol de donn\u00e9es confidentielles, suicides li\u00e9s \u00e0 l&rsquo;utilisation de chatbots sont quelques exemples des risques li\u00e9s \u00e0 l&rsquo;IA g\u00e9n\u00e9rative.\u00a0<\/p>\n<p>Laura L\u00e1zaro Cabrera esp\u00e8re que les obligations li\u00e9es \u00e0 la formation \u00e0 l&rsquo;IA pour les entreprises conduiront \u00e9galement \u00e0 des campagnes et \u00e0 des formations \u00e0 l&rsquo;\u00e9chelle europ\u00e9enne pour les citoyens, afin de les aider \u00e0 comprendre les avantages et les risques de cette technologie r\u00e9volutionnaire.\u00a0<\/p>\n<p><strong>Regardez la vid\u00e9o ici\u202f!<\/strong>\u00a0<\/p>\n<p><strong>Journaliste\u202f: Isabel Marques da Silva<\/strong>\u00a0<\/p>\n<p><strong>Production de contenu\u202f: Pilar Montero L\u00f3pez<\/strong>\u00a0<\/p>\n<p><strong>Production vid\u00e9o\u202f: Zacharia Vigneron<\/strong>\u00a0<\/p>\n<p><strong>Graphisme\u202f: Loredana Dumitru<\/strong>\u00a0<\/p>\n<p><strong>Coordination \u00e9ditoriale\u202f: Ana L\u00e1zaro Bosch et Jeremy Fleming-Jones<\/strong><\/p>\n","protected":false},"excerpt":{"rendered":"PUBLICIT\u00c9 Pour faciliter la mise en \u0153uvre de cette l\u00e9gislation \u00e0 partir de l&rsquo;ann\u00e9e prochaine, l&rsquo;UE a cr\u00e9\u00e9&hellip;\n","protected":false},"author":2,"featured_media":329418,"comment_status":"","ping_status":"","sticky":false,"template":"","format":"standard","meta":{"footnotes":""},"categories":[1586],"tags":[11,2196,1777,674,1779,1011,27,5701,223,12,962,17749,25,1778,364],"class_list":{"0":"post-329417","1":"post","2":"type-post","3":"status-publish","4":"format-standard","5":"has-post-thumbnail","7":"category-europe","8":"tag-actualites","9":"tag-commission-europeenne","10":"tag-eu","11":"tag-europe","12":"tag-european-union","13":"tag-fr","14":"tag-france","15":"tag-innovation","16":"tag-intelligence-artificielle","17":"tag-news","18":"tag-nouvelles-technologies","19":"tag-politique-europeenne","20":"tag-republique-francaise","21":"tag-ue","22":"tag-union-europeenne"},"share_on_mastodon":{"url":"https:\/\/pubeurope.com\/@fr\/115055737260470709","error":""},"_links":{"self":[{"href":"https:\/\/www.europesays.com\/fr\/wp-json\/wp\/v2\/posts\/329417","targetHints":{"allow":["GET"]}}],"collection":[{"href":"https:\/\/www.europesays.com\/fr\/wp-json\/wp\/v2\/posts"}],"about":[{"href":"https:\/\/www.europesays.com\/fr\/wp-json\/wp\/v2\/types\/post"}],"author":[{"embeddable":true,"href":"https:\/\/www.europesays.com\/fr\/wp-json\/wp\/v2\/users\/2"}],"replies":[{"embeddable":true,"href":"https:\/\/www.europesays.com\/fr\/wp-json\/wp\/v2\/comments?post=329417"}],"version-history":[{"count":0,"href":"https:\/\/www.europesays.com\/fr\/wp-json\/wp\/v2\/posts\/329417\/revisions"}],"wp:featuredmedia":[{"embeddable":true,"href":"https:\/\/www.europesays.com\/fr\/wp-json\/wp\/v2\/media\/329418"}],"wp:attachment":[{"href":"https:\/\/www.europesays.com\/fr\/wp-json\/wp\/v2\/media?parent=329417"}],"wp:term":[{"taxonomy":"category","embeddable":true,"href":"https:\/\/www.europesays.com\/fr\/wp-json\/wp\/v2\/categories?post=329417"},{"taxonomy":"post_tag","embeddable":true,"href":"https:\/\/www.europesays.com\/fr\/wp-json\/wp\/v2\/tags?post=329417"}],"curies":[{"name":"wp","href":"https:\/\/api.w.org\/{rel}","templated":true}]}}