{"id":32942,"date":"2025-04-18T02:16:16","date_gmt":"2025-04-18T02:16:16","guid":{"rendered":"https:\/\/www.europesays.com\/fr\/32942\/"},"modified":"2025-04-18T02:16:16","modified_gmt":"2025-04-18T02:16:16","slug":"un-grand-week-end-sur-le-theme-des-annees-folles-bientot-organise-au-parc-de-la-pepiniere-a-nancy","status":"publish","type":"post","link":"https:\/\/www.europesays.com\/fr\/32942\/","title":{"rendered":"Un grand week-end sur le th\u00e8me des Ann\u00e9es folles bient\u00f4t organis\u00e9 au parc de la P\u00e9pini\u00e8re \u00e0 Nancy"},"content":{"rendered":"<p>            Par<br \/>\n        <strong><br \/>\n            <a href=\"https:\/\/actu.fr\/auteur\/amandine-mehl\" title=\"Consulter tous les articles de Amandine Mehl\" target=\"_blank\" rel=\"noopener\">Amandine Mehl<\/a><br \/>\n        <\/strong><\/p>\n<p>        Publi\u00e9 le<\/p>\n<p>            17 avr. 2025 \u00e0 16h42        <\/p>\n<p><strong>M\u00e9tro\u2019Folies<\/strong>, l\u2019\u00e9v\u00e9nement qui c\u00e9l\u00e8bre le centenaire de l\u2019Exposition internationale des arts d\u00e9coratifs et industriels modernes de la ville de Paris, <strong>va rythmer l\u2019ann\u00e9e 2025<\/strong> dans le <a href=\"https:\/\/actu.fr\/tag\/grand-nancy\" target=\"_blank\" rel=\"noopener\">Grand Nancy<\/a>.<\/p>\n<p class=\" wall-content\">Pour son lancement, les habitants sont invit\u00e9s \u00e0 se rendre au <a href=\"https:\/\/actu.fr\/tag\/parc-de-la-pepiniere\" target=\"_blank\" rel=\"noopener\">parc de la P\u00e9pini\u00e8re<\/a> <strong>samedi\u00a026 et dimanche 27\u00a0avril<\/strong> avec la promesse de <strong>revivre les Ann\u00e9es folles<\/strong>.<\/p>\n<p>DJ set \u00e9lectro swing au parc de la P\u00e9pini\u00e8re<\/p>\n<p class=\" wall-content\">Les festivit\u00e9s d\u00e9buteront \u00e0 <strong>16h<\/strong> le 26\u00a0avril avec l\u2019ouverture de <strong>diff\u00e9rents stands<\/strong> et le lancement d\u2019<strong>animations<\/strong>\u2009: th\u00e9\u00e2tralisation de sports, orgue de barbarie, antiquaires, etc.<\/p>\n<p class=\" wall-content\">\u00c0 <strong>19h30<\/strong>, les <strong>musiciens du Grand Jazz de la rue Sigisbert<\/strong> proposeront un t\u00e9moignage des inventions musicales d\u00e9brid\u00e9es des ann\u00e9es 20. Jazz hot, stomp, foxtrot, charleston ou encore ragtime seront au r\u00e9pertoire.<\/p>\n<p class=\" wall-content\">Ce premier rendez-vous sera cl\u00f4tur\u00e9 par <strong>Mitch Tornade<\/strong>, de 21h30 \u00e0 23h30, avec un <strong>DJ set \u00e9lectro swing<\/strong>. \u00ab\u2009L\u2019occasion de se retrouver dans un esprit r\u00e9tro originel ou remix\u00e9 rappelant la d\u00e9cadence des cabarets des ann\u00e9es 20 \u00e0 30\u2009\u00bb, d\u00e9taille le Grand Nancy.<\/p>\n<p>Vid\u00e9os : en ce moment sur ActuConcert, initiation aux danses d\u2019\u00e9poque, concours de costumes\u2026<\/p>\n<p class=\" wall-content\">Dimanche 27\u00a0avril, les stands ouvriront \u00e0 <strong>12h<\/strong>. D\u00e8s <strong>14h<\/strong>, les visiteurs pourront assister \u00e0 un <strong>concert<\/strong> de l\u2019<strong>orchestre Hot Guys Stompers<\/strong> et plonger dans le style des ann\u00e9es 30. \u00ab\u2009Des sets de 30\u00a0minutes rendront hommage \u00e0 la musique qui fit taper des pieds dans les ballrooms de Chicago et New York, le swing, jazz embl\u00e9matique de cette p\u00e9riode\u2009\u00bb, peut-on lire dans un communiqu\u00e9.<\/p>\n<p class=\" wall-content\">Au cours de l\u2019apr\u00e8s-midi, il sera aussi possible de d\u00e9couvrir diverses <strong>animations<\/strong>\u2009: d\u00e9monstration et initiation aux danses d\u2019\u00e9poque, d\u00e9monstration de canne-\u00e9p\u00e9e et concours de costumes.<\/p>\n<p class=\" wall-content\">Pour une v\u00e9ritable plong\u00e9e dans les Ann\u00e9es folles, le public est invit\u00e9 \u00e0 s\u2019emparer du <strong>code vestimentaire<\/strong> de l\u2019\u00e9poque.<\/p>\n<p>Auditorium du parc de la P\u00e9pini\u00e8re \u00e0 Nancy<br \/>Samedi 26\u00a0avril de 16h \u00e0 23h<br \/>Dimanche 27\u00a0avril de 12h \u00e0 18h<br \/>Entr\u00e9e libre.<\/p>\n<p class=\" wall-content\">Suivez toute l\u2019actualit\u00e9 de vos villes et m\u00e9dias favoris en vous inscrivant \u00e0 <a href=\"https:\/\/moncompte.actu.fr\" title=\"D\u00e9couvez Mon Actu\" rel=\"nofollow noopener\" data-trk=\"{&quot;cta&quot;:{&quot;action&quot;:&quot;https:\\\/\\\/moncompte.actu.fr&quot;,&quot;category&quot;:&quot;mon compte&quot;,&quot;from&quot;:&quot;article footer&quot;,&quot;name&quot;:&quot;Mon actu&quot;,&quot;type&quot;:&quot;cta&quot;}}\" target=\"_blank\">Mon Actu<\/a>.<\/p>\n<ul class=\"ac-article-tag wall-content\">\n<li><a href=\"https:\/\/actu.fr\/tag\/grand-nancy\" data-trk=\"{&quot;cta&quot;:{&quot;action&quot;:&quot;Grand Nancy&quot;,&quot;category&quot;:&quot;tag&quot;,&quot;from&quot;:&quot;article footer&quot;,&quot;name&quot;:&quot;Grand Nancy&quot;,&quot;type&quot;:&quot;cta&quot;}}\" target=\"_blank\" rel=\"noopener\">#Grand Nancy<\/a><\/li>\n<li><a href=\"https:\/\/actu.fr\/tag\/parc-de-la-pepiniere\" data-trk=\"{&quot;cta&quot;:{&quot;action&quot;:&quot;Parc de la P\\u00e9pini\\u00e8re&quot;,&quot;category&quot;:&quot;tag&quot;,&quot;from&quot;:&quot;article footer&quot;,&quot;name&quot;:&quot;Parc de la P\\u00e9pini\\u00e8re&quot;,&quot;type&quot;:&quot;cta&quot;}}\" target=\"_blank\" rel=\"noopener\">#Parc de la P\u00e9pini\u00e8re<\/a><\/li>\n<\/ul>\n","protected":false},"excerpt":{"rendered":"Par Amandine Mehl Publi\u00e9 le 17 avr. 2025 \u00e0 16h42 M\u00e9tro\u2019Folies, l\u2019\u00e9v\u00e9nement qui c\u00e9l\u00e8bre le centenaire de l\u2019Exposition&hellip;\n","protected":false},"author":2,"featured_media":32943,"comment_status":"","ping_status":"","sticky":false,"template":"","format":"standard","meta":{"footnotes":""},"categories":[9635],"tags":[1111,11,1777,674,1011,27,775,10375,1652,1702,12,11014,25],"class_list":{"0":"post-32942","1":"post","2":"type-post","3":"status-publish","4":"format-standard","5":"has-post-thumbnail","7":"category-nancy","8":"tag-actu","9":"tag-actualites","10":"tag-eu","11":"tag-europe","12":"tag-fr","13":"tag-france","14":"tag-grand-est","15":"tag-grand-nancy","16":"tag-loisirs-culture","17":"tag-nancy","18":"tag-news","19":"tag-parc-de-la-pepiniere","20":"tag-republique-francaise"},"share_on_mastodon":{"url":"https:\/\/pubeurope.com\/@fr\/114356563948940471","error":""},"_links":{"self":[{"href":"https:\/\/www.europesays.com\/fr\/wp-json\/wp\/v2\/posts\/32942","targetHints":{"allow":["GET"]}}],"collection":[{"href":"https:\/\/www.europesays.com\/fr\/wp-json\/wp\/v2\/posts"}],"about":[{"href":"https:\/\/www.europesays.com\/fr\/wp-json\/wp\/v2\/types\/post"}],"author":[{"embeddable":true,"href":"https:\/\/www.europesays.com\/fr\/wp-json\/wp\/v2\/users\/2"}],"replies":[{"embeddable":true,"href":"https:\/\/www.europesays.com\/fr\/wp-json\/wp\/v2\/comments?post=32942"}],"version-history":[{"count":0,"href":"https:\/\/www.europesays.com\/fr\/wp-json\/wp\/v2\/posts\/32942\/revisions"}],"wp:featuredmedia":[{"embeddable":true,"href":"https:\/\/www.europesays.com\/fr\/wp-json\/wp\/v2\/media\/32943"}],"wp:attachment":[{"href":"https:\/\/www.europesays.com\/fr\/wp-json\/wp\/v2\/media?parent=32942"}],"wp:term":[{"taxonomy":"category","embeddable":true,"href":"https:\/\/www.europesays.com\/fr\/wp-json\/wp\/v2\/categories?post=32942"},{"taxonomy":"post_tag","embeddable":true,"href":"https:\/\/www.europesays.com\/fr\/wp-json\/wp\/v2\/tags?post=32942"}],"curies":[{"name":"wp","href":"https:\/\/api.w.org\/{rel}","templated":true}]}}