{"id":329424,"date":"2025-08-19T13:50:18","date_gmt":"2025-08-19T13:50:18","guid":{"rendered":"https:\/\/www.europesays.com\/fr\/329424\/"},"modified":"2025-08-19T13:50:18","modified_gmt":"2025-08-19T13:50:18","slug":"volleyball-de-plage-les-canadiennes-gagnent-lor","status":"publish","type":"post","link":"https:\/\/www.europesays.com\/fr\/329424\/","title":{"rendered":"Volleyball de plage: les Canadiennes gagnent l\u2019or"},"content":{"rendered":"<p class=\"article-bodystyled__StyledText-sc-19uhgql-0 bGeyRM body-paragraph\">Les m\u00e9daill\u00e9es d\u2019argent des Jeux olympiques de Paris ont battu les Allemandes Svenja M\u00fcller et Cinja Tillmann dimanche pour remporter le titre de l\u2019Elite16 de Montr\u00e9al, du circuit professionnel de volleyball de plage.<\/p>\n<p class=\"article-bodystyled__StyledText-sc-19uhgql-0 bGeyRM body-paragraph\">Wilkerson et Humana-Paredes ont remport\u00e9 le duel pour la m\u00e9daille d\u2019or en deux manches (21-15, 22-20) au parc Jean-Drapeau, deux ans apr\u00e8s avoir remport\u00e9 le premier titre de leur duo lors de ce m\u00eame \u00e9v\u00e9nement.<\/p>\n<p class=\"article-bodystyled__StyledText-sc-19uhgql-0 bGeyRM body-paragraph\">\u00abJouer \u00e0 domicile a quelque chose de magique. Pour nous, cette \u00e9nergie et cet environnement sont essentiels. C\u2019\u00e9tait vraiment comme un retour aux sources apr\u00e8s les Jeux olympiques, a d\u00e9clar\u00e9 Humana-Paredes.<\/p>\n<p class=\"article-bodystyled__StyledText-sc-19uhgql-0 bGeyRM body-paragraph\">\u00abNotre objectif \u00e9tait de performer au plus haut niveau lors de ce tournoi, et je suis ravie que cela ait fonctionn\u00e9. C\u2019\u00e9tait un moment fort de la saison pour nous jusqu\u2019\u00e0 pr\u00e9sent : les \u00e9motions, l\u2019\u00e9nergie, le public. C\u2019\u00e9tait un moment fort, c\u2019est s\u00fbr!\u00bb<\/p>\n<p class=\"article-bodystyled__StyledText-sc-19uhgql-0 bGeyRM body-paragraph\">Wilkerson \u00e9tait ravie du r\u00e9sultat final apr\u00e8s un tournoi difficile.<\/p>\n<p class=\"article-bodystyled__StyledText-sc-19uhgql-0 bGeyRM body-paragraph\">\u00abNous savions que ce serait difficile. Je pense que certaines \u00e9quipes ont essay\u00e9 de profiter de la pression et de l\u2019attention qui \u00e9taient concentr\u00e9es sur nous, mais nous en avons profit\u00e9 pour cr\u00e9er une dynamique, a-t-elle indiqu\u00e9.<\/p>\n<p class=\"article-bodystyled__StyledText-sc-19uhgql-0 bGeyRM body-paragraph\">\u00abCe sont des athl\u00e8tes incroyables qui font ressortir le meilleur de nous-m\u00eames. Les matchs \u00e9taient vraiment passionnants et c\u2019\u00e9tait formidable de gagner.\u00bb<\/p>\n<p class=\"article-bodystyled__StyledText-sc-19uhgql-0 bGeyRM body-paragraph\">Le duo torontois a \u00e9galement pris sa revanche en route vers la finale.<\/p>\n<p class=\"article-bodystyled__StyledText-sc-19uhgql-0 bGeyRM body-paragraph\">Plus t\u00f4t dimanche, Wilkerson et Humana-Paredes ont remport\u00e9 une demi-finale (21-11, 22-20) face aux Br\u00e9siliennes Ana Patricia Ramos et Eduarda Santos (Duda) Lisboa, dans une revanche de leur match pour la m\u00e9daille d\u2019or de l\u2019\u00e9t\u00e9 dernier aux Jeux de Paris.<\/p>\n<p class=\"article-bodystyled__StyledText-sc-19uhgql-0 bGeyRM body-paragraph\">M\u00fcller et Tillmann avaient pour leur part gagn\u00e9 en trois manches (15-21, 21-18, 15-10) face aux Lettones Tina Graudina et Anastasija Samoilova en demi-finale.<\/p>\n","protected":false},"excerpt":{"rendered":"Les m\u00e9daill\u00e9es d\u2019argent des Jeux olympiques de Paris ont battu les Allemandes Svenja M\u00fcller et Cinja Tillmann dimanche&hellip;\n","protected":false},"author":2,"featured_media":329425,"comment_status":"","ping_status":"","sticky":false,"template":"","format":"standard","meta":{"footnotes":""},"categories":[1417],"tags":[1011,27,60,1470,1469],"class_list":{"0":"post-329424","1":"post","2":"type-post","3":"status-publish","4":"format-standard","5":"has-post-thumbnail","7":"category-volley","8":"tag-fr","9":"tag-france","10":"tag-sports","11":"tag-volley","12":"tag-volleyball"},"share_on_mastodon":{"url":"https:\/\/pubeurope.com\/@fr\/115055757317399781","error":""},"_links":{"self":[{"href":"https:\/\/www.europesays.com\/fr\/wp-json\/wp\/v2\/posts\/329424","targetHints":{"allow":["GET"]}}],"collection":[{"href":"https:\/\/www.europesays.com\/fr\/wp-json\/wp\/v2\/posts"}],"about":[{"href":"https:\/\/www.europesays.com\/fr\/wp-json\/wp\/v2\/types\/post"}],"author":[{"embeddable":true,"href":"https:\/\/www.europesays.com\/fr\/wp-json\/wp\/v2\/users\/2"}],"replies":[{"embeddable":true,"href":"https:\/\/www.europesays.com\/fr\/wp-json\/wp\/v2\/comments?post=329424"}],"version-history":[{"count":0,"href":"https:\/\/www.europesays.com\/fr\/wp-json\/wp\/v2\/posts\/329424\/revisions"}],"wp:featuredmedia":[{"embeddable":true,"href":"https:\/\/www.europesays.com\/fr\/wp-json\/wp\/v2\/media\/329425"}],"wp:attachment":[{"href":"https:\/\/www.europesays.com\/fr\/wp-json\/wp\/v2\/media?parent=329424"}],"wp:term":[{"taxonomy":"category","embeddable":true,"href":"https:\/\/www.europesays.com\/fr\/wp-json\/wp\/v2\/categories?post=329424"},{"taxonomy":"post_tag","embeddable":true,"href":"https:\/\/www.europesays.com\/fr\/wp-json\/wp\/v2\/tags?post=329424"}],"curies":[{"name":"wp","href":"https:\/\/api.w.org\/{rel}","templated":true}]}}