{"id":329426,"date":"2025-08-19T13:51:12","date_gmt":"2025-08-19T13:51:12","guid":{"rendered":"https:\/\/www.europesays.com\/fr\/329426\/"},"modified":"2025-08-19T13:51:12","modified_gmt":"2025-08-19T13:51:12","slug":"top-14-je-suis-encore-un-novice-nicolas-mas-professeur-de-luxe-qui-doit-encore-apprendre","status":"publish","type":"post","link":"https:\/\/www.europesays.com\/fr\/329426\/","title":{"rendered":"TOP 14. \u00a0\u00bbJe suis encore un novice\u00a0\u00bb : Nicolas Mas, professeur de luxe qui doit encore apprendre"},"content":{"rendered":"<p>Illustre pilier de l&rsquo;USAP et du <a href=\"https:\/\/www.lerugbynistere.fr\/equipes-nationales\/xv-de-france.php\" ui-sref=\"app.team({teamId: 65})\" alt=\"XV de France\" data-route=\"app.team\" data-param=\"teamId\" data-id=\"65\" rel=\"nofollow noopener\" target=\"_blank\">XV de France<\/a>, <strong><a href=\"https:\/\/www.lerugbynistere.fr\/fiches-joueurs\/nicolas-mas.php\" ui-sref=\"app.player({playerId: 6})\" alt=\"Nicolas Mas\" data-route=\"app.player\" data-param=\"playerId\" data-id=\"6\" rel=\"nofollow noopener\" target=\"_blank\">Nicolas Mas<\/a> est de retour \u00e0 <a href=\"https:\/\/www.lerugbynistere.fr\/clubs\/usap-perpignan.php\" ui-sref=\"app.team({teamId: 52})\" alt=\"Perpignan\" data-route=\"app.team\" data-param=\"teamId\" data-id=\"52\" rel=\"nofollow noopener\" target=\"_blank\">Perpignan<\/a> comme entra\u00eeneur des avants<\/strong>. Et s&rsquo;il formera la paire avec Mathieu Cidre, qui lui arrive en provenance de <a href=\"https:\/\/www.lerugbynistere.fr\/clubs\/rc-vannes.php\" ui-sref=\"app.team({teamId: 126})\" alt=\"Vannes\" data-route=\"app.team\" data-param=\"teamId\" data-id=\"126\" rel=\"nofollow noopener\" target=\"_blank\">Vannes<\/a>, <strong>Mas n&rsquo;arrive pas en provenance du rugby,\u00a0mais plut\u00f4t\u00a0d&rsquo;un garage<\/strong>.<\/p>\n<p>Car, depuis l&rsquo;arr\u00eat de sa carri\u00e8re professionnelle, en 2016, le Bus avait compl\u00e8tement coup\u00e9 avec le rugby pour devenir m\u00e9canicien. Aujourd&rsquo;hui, il a r\u00e9pondu \u00e0 l&rsquo;appel de l&rsquo;USAP, <strong>et s&rsquo;il doit encore apprendre le m\u00e9tier, son exp\u00e9rience en tant que m\u00e9canicien ne sera pas inutile, tout comme celle de sa carri\u00e8re professionnelle<\/strong>.<\/p>\n<p><a class=\"inserer_lien_article\" href=\"https:\/\/www.lerugbynistere.fr\/news\/rugby-lete-rocambolesque-de-xavier-pemeja-de-la-retraite-a-la-pro-d2-1908251041.php\" data-id=\"45862\" data-route=\"app.article\" data-param=\"articleId\" ui-sref=\"app.article({articleId: 45862})\" alt=\"RUGBY. L&#039;\u00e9t\u00e9 rocambolesque de Xavier P\u00e9m\u00e9ja, de la retraite \u00e0 la Pro D2\" title=\"RUGBY. L&#039;\u00e9t\u00e9 rocambolesque de Xavier P\u00e9m\u00e9ja, de la retraite \u00e0 la Pro D2\" rel=\"nofollow noopener\" target=\"_blank\"><img decoding=\"async\" src=\"https:\/\/www.europesays.com\/fr\/wp-content\/uploads\/2025\/08\/colere-palpable-chez-le-manager-de-nevers-xavier-pemeja-apres-la-courte-defaite-a-aix-en-provence-en.jpeg\" alt=\"RUGBY. L'\u00e9t\u00e9 rocambolesque de Xavier P\u00e9m\u00e9ja, de la retraite \u00e0 la Pro D2\"\/>RUGBY. L&rsquo;\u00e9t\u00e9 rocambolesque de Xavier P\u00e9m\u00e9ja, de la retraite \u00e0 la Pro D2<\/a><\/p>\n<p>\u00ab\u00a0\u00c7a me permet de transmettre aux joueurs\u00a0\u00bb : sa double carri\u00e8re comme base de travail<\/p>\n<p>L&rsquo;un des tout meilleurs piliers et pousseurs en m\u00eal\u00e9e du monde, il fut un temps, Nicolas Mas est donc de retour \u00e0 l&rsquo;USAP pour transmettre. <strong>Et si son travail se concentrera sur la m\u00eal\u00e9e, il sera de bons conseils pour les joueurs<\/strong>.<\/p>\n<p><a class=\"inserer_lien_article\" href=\"https:\/\/www.lerugbynistere.fr\/news\/coupe-du-monde-un-potentiel-enorme-selon-mayans-mais-un-defi-collectif-colossal-pour-le-xv-de-france-feminin-1908251037.php\" data-id=\"45861\" data-route=\"app.article\" data-param=\"articleId\" ui-sref=\"app.article({articleId: 45861})\" alt=\"Coupe du monde. Un potentiel \u00e9norme selon Mayans, mais un d\u00e9fi collectif colossal pour le XV de France f\u00e9minin\" title=\"Coupe du monde. Un potentiel \u00e9norme selon Mayans, mais un d\u00e9fi collectif colossal pour le XV de France f\u00e9minin\" rel=\"nofollow noopener\" target=\"_blank\"><img decoding=\"async\" src=\"https:\/\/www.europesays.com\/fr\/wp-content\/uploads\/2025\/08\/record-de-billets-vendus-engouement-inedit-2025-sera-historique-mais-les-bleues-ont-elles-les-armes-.jpeg\" alt=\"Coupe du monde. Un potentiel \u00e9norme selon Mayans, mais un d\u00e9fi collectif colossal pour le XV de France f\u00e9minin\"\/>Coupe du monde. Un potentiel \u00e9norme selon Mayans, mais un d\u00e9fi collectif colossal pour le XV de France f\u00e9minin<\/a><\/p>\n<p><strong>Car sa carri\u00e8re de m\u00e9canicien \u00ab\u00a0permet de relativiser\u00a0\u00bb<\/strong>, d\u00e9clare-t-il \u00e0 ICI Roussillon, alors qu&rsquo;il fait son retour chez les pros. Un sentiment qu&rsquo;il pourra \u00ab\u00a0transmettre aux joueurs\u00a0\u00bb, poursuit-il, <strong>quand certains \u00e0 c\u00f4t\u00e9s \u00ab\u00a0ne vivent pas de leur passion.\u00a0\u00bb <\/strong>En tant que m\u00e9cano, lui a connu \u00ab\u00a0d&rsquo;autres personnes\u00a0\u00bb et a \u00e9t\u00e9 \u00ab\u00a0confront\u00e9 \u00e0 tout \u00e7a.\u00a0\u00bb<\/p>\n<p>Nicolas Mas sera \u00e9galement pr\u00e9cieux par son exp\u00e9rience en tant que joueur de rugby avec toutes les difficult\u00e9s que \u00e7a peut repr\u00e9senter. <strong>Tant \u00ab\u00a0dans la construction d&rsquo;un joueur\u00a0\u00bb que dans \u00ab\u00a0les blessures\u00a0\u00bb <\/strong>puisque lui est \u00ab\u00a0pass\u00e9 par l\u00e0\u00a0\u00bb, d\u00e9veloppe-t-il.<\/p>\n<p>Les piliers, nouveaux meilleurs amis (ou ennemis) de Mas<\/p>\n<p>Plus qu&rsquo;un entra\u00eeneur des avants, Mas vient pour s&rsquo;occuper de la m\u00eal\u00e9e. <strong>Il apportera son exp\u00e9rience sur ce point pr\u00e9cis, notamment au niveau \u00ab\u00a0de la posture\u00a0\u00bb \u00e0 avoir et \u00ab\u00a0du renforcement n\u00e9cessaire.\u00a0\u00bb <\/strong>En soi, \u00ab\u00a0tout ce qui pour [lui] est important pour un pilier.\u00a0\u00bb Ces derniers auront donc un ma\u00eetre de luxe pour ce secteur.\u00a0<\/p>\n<p>Mas ne se contentera pas simplement de s&rsquo;occuper de la m\u00eal\u00e9e et aura un r\u00f4le plus transversal au fur et \u00e0 mesure du temps. <strong>Car,<\/strong> <strong>il est \u00ab\u00a0encore novice\u00a0\u00bb dans ce domaine d&rsquo;entra\u00eeneur. Mathieu Cidre, avec qui il travaille en collaboration, a donc \u00ab\u00a0beaucoup \u00e0 lui apprendre\u00a0\u00bb<\/strong>, avoue-t-il, tout en reconnaissant que pour le moment \u00ab\u00a0\u00e7a se passe tr\u00e8s bien.\u00a0\u00bb\u00a0Il interviendra ensuite sur d&rsquo;autres aspects comme\u00a0\u00ab\u00a0les comportements\u00a0\u00bb \u00e0 avoir en tant qu&rsquo;avant, notamment dans le jeu. Certes, jeune entra\u00eeneur,\u00a0Nicolas Mas pourrait tout de m\u00eame \u00eatre un atour pr\u00e9cieux pour l&rsquo;USAP version 2025-2026.<\/p>\n<p><a class=\"inserer_lien_article\" href=\"https:\/\/www.lerugbynistere.fr\/news\/transfert-top-14-convoite-lenni-nouchi-mhr-fait-un-choix-tres-fort-pour-la-suite-de-sa-carriere-1908251002.php\" data-id=\"45860\" data-route=\"app.article\" data-param=\"articleId\" ui-sref=\"app.article({articleId: 45860})\" alt=\"TRANSFERT. TOP 14. Convoit\u00e9, Lenni Nouchi (MHR) fait un choix tr\u00e8s fort pour la suite de sa carri\u00e8re\" title=\"TRANSFERT. TOP 14. Convoit\u00e9, Lenni Nouchi (MHR) fait un choix tr\u00e8s fort pour la suite de sa carri\u00e8re\" rel=\"nofollow noopener\" target=\"_blank\"><img decoding=\"async\" src=\"https:\/\/www.europesays.com\/fr\/wp-content\/uploads\/2025\/08\/lenni-nouchi-a-prolonge-jusquen-2028-au-mhr-malgre-les-appels-de-toulon-a-seulement-21-ans-linternat.jpeg\" alt=\"TRANSFERT. TOP 14. Convoit\u00e9, Lenni Nouchi (MHR) fait un choix tr\u00e8s fort pour la suite de sa carri\u00e8re\"\/>TRANSFERT. TOP 14. Convoit\u00e9, Lenni Nouchi (MHR) fait un choix tr\u00e8s fort pour la suite de sa carri\u00e8re<\/a><\/p><\/p>\n","protected":false},"excerpt":{"rendered":"Illustre pilier de l&rsquo;USAP et du XV de France, Nicolas Mas est de retour \u00e0 Perpignan comme entra\u00eeneur&hellip;\n","protected":false},"author":2,"featured_media":329427,"comment_status":"","ping_status":"","sticky":false,"template":"","format":"standard","meta":{"footnotes":""},"categories":[1416],"tags":[1011,27,479,1468,60],"class_list":{"0":"post-329426","1":"post","2":"type-post","3":"status-publish","4":"format-standard","5":"has-post-thumbnail","7":"category-rugby","8":"tag-fr","9":"tag-france","10":"tag-rugby","11":"tag-rugby-football","12":"tag-sports"},"share_on_mastodon":{"url":"https:\/\/pubeurope.com\/@fr\/115055760856571266","error":""},"_links":{"self":[{"href":"https:\/\/www.europesays.com\/fr\/wp-json\/wp\/v2\/posts\/329426","targetHints":{"allow":["GET"]}}],"collection":[{"href":"https:\/\/www.europesays.com\/fr\/wp-json\/wp\/v2\/posts"}],"about":[{"href":"https:\/\/www.europesays.com\/fr\/wp-json\/wp\/v2\/types\/post"}],"author":[{"embeddable":true,"href":"https:\/\/www.europesays.com\/fr\/wp-json\/wp\/v2\/users\/2"}],"replies":[{"embeddable":true,"href":"https:\/\/www.europesays.com\/fr\/wp-json\/wp\/v2\/comments?post=329426"}],"version-history":[{"count":0,"href":"https:\/\/www.europesays.com\/fr\/wp-json\/wp\/v2\/posts\/329426\/revisions"}],"wp:featuredmedia":[{"embeddable":true,"href":"https:\/\/www.europesays.com\/fr\/wp-json\/wp\/v2\/media\/329427"}],"wp:attachment":[{"href":"https:\/\/www.europesays.com\/fr\/wp-json\/wp\/v2\/media?parent=329426"}],"wp:term":[{"taxonomy":"category","embeddable":true,"href":"https:\/\/www.europesays.com\/fr\/wp-json\/wp\/v2\/categories?post=329426"},{"taxonomy":"post_tag","embeddable":true,"href":"https:\/\/www.europesays.com\/fr\/wp-json\/wp\/v2\/tags?post=329426"}],"curies":[{"name":"wp","href":"https:\/\/api.w.org\/{rel}","templated":true}]}}