{"id":329429,"date":"2025-08-19T13:54:12","date_gmt":"2025-08-19T13:54:12","guid":{"rendered":"https:\/\/www.europesays.com\/fr\/329429\/"},"modified":"2025-08-19T13:54:12","modified_gmt":"2025-08-19T13:54:12","slug":"joan-mir-honda-relance-la-course-avec-un-superbe-top-6-en-autriche","status":"publish","type":"post","link":"https:\/\/www.europesays.com\/fr\/329429\/","title":{"rendered":"Joan Mir (Honda) relance la course avec un superbe Top 6 en Autriche"},"content":{"rendered":"<p>Le Red Bull Ring a vibr\u00e9 lorsque Joan Mir a franchi la ligne d\u2019arriv\u00e9e, les poings serr\u00e9s dans un \u00e9lan de soulagement bien m\u00e9rit\u00e9. Apr\u00e8s une saison sem\u00e9e d\u2019emb\u00fbches, le pilote Honda HRC Castrol a sign\u00e9 une prestation remarquable, d\u00e9crochant la sixi\u00e8me place lors du MotoGP d\u2019Autriche 2025, le 18 ao\u00fbt. Cette performance constitue son meilleur r\u00e9sultat depuis le Grand Prix d\u2019Inde 2023, o\u00f9 il a successivement surpass\u00e9 des pr\u00e9tendants au titre comme Brad Binder et Francesco Bagnaia lors d\u2019une envol\u00e9e finale palpitante. Son co\u00e9quipier Luca Marini, malgr\u00e9 une entame chaotique, a prolong\u00e9 sa s\u00e9rie ininterrompue de points \u00e0 dix courses cons\u00e9cutives en terminant 13e. Sous un ciel mena\u00e7ant, Honda a enfin entrevu une \u00e9claircie apr\u00e8s des mois de d\u00e9boires m\u00e9caniques et de malchance.<\/p>\n<p><img loading=\"lazy\" data-lazyloaded=\"1\" decoding=\"async\" src=\"https:\/\/www.europesays.com\/fr\/wp-content\/uploads\/2025\/08\/Joan-Mir-Honda-relance-la-course-avec-un-superbe-Top.jpeg\" alt=\"MotoGP d'Autriche 2025\" width=\"788\" height=\"525\"\/>Joan Mir dans une bataille acharn\u00e9e au Red Bull RingComment Honda a-t-elle surmont\u00e9 ses difficult\u00e9s r\u00e9centes au Red Bull Ring ?<\/p>\n<p>La cl\u00e9 du renouveau de Honda r\u00e9side dans une patience strat\u00e9gique et des am\u00e9liorations techniques bien cibl\u00e9es. \u00c9vitant le chaos du premier virage, le pilote espagnol a d\u2019abord conserv\u00e9 une place dans le top 10, g\u00e9rant avec minutie l\u2019usure de ses pneus sur sa Honda RC213V. Pendant les 28 tours de course, sa r\u00e9gularit\u00e9 dans des temps au tour autour de 1\u201930\u2019\u201930 a permis de suivre de pr\u00e8s Brad Binder (KTM) et Francesco Bagnaia (Ducati). \u00c0 cinq tours de l\u2019arriv\u00e9e, Mir a saisi sa chance en r\u00e9alisant des d\u00e9passements audacieux aux virages 3 et 4, d\u00e9crochant la sixi\u00e8me position. \u00ab Nous avons donn\u00e9 110% aujourd\u2019hui \u00bb, a confi\u00e9 Mir, visiblement \u00e9mu. \u00ab C\u2019\u00e9tait notre objectif r\u00e9aliste tout au long du week-end. Apr\u00e8s la s\u00e9rie de malchance, ce regain de confiance est vital. \u00bb<\/p>\n<p>Le travail acharn\u00e9 de HRC sur la stabilit\u00e9 au freinage et l\u2019entr\u00e9e en virage a port\u00e9 ses fruits en Autriche. Les nouveaux composants test\u00e9s lors des essais ont permis \u00e0 Mir d\u2019exploiter l\u2019agilit\u00e9 de la Honda dans des sections serr\u00e9es. Surtout, l\u2019\u00e9quipe a \u00e9vit\u00e9 le pire en pr\u00e9parant des motos pluie, alors que le ciel se couvrait, m\u00eame si la m\u00e9t\u00e9o est rest\u00e9e cl\u00e9mente. Avec ce r\u00e9sultat, Mir repart avec 10 points qui r\u00e9duisent l\u2019\u00e9cart avec Marini \u00e0 13 points, gage du succ\u00e8s des efforts techniques de Honda.<\/p>\n<p>Pourquoi la r\u00e9gularit\u00e9 de Marini est-elle importante pour Honda ?<\/p>\n<p>Tandis que Mir s\u2019offre un succ\u00e8s retentissant, Marini incarne la fiabilit\u00e9 sur laquelle Honda peut compter. D\u00e9savantag\u00e9 d\u00e8s le d\u00e9part \u00e0 cause d\u2019un accrochage au premier virage, le pilote italien a chut\u00e9 en derni\u00e8re position avant d\u2019entamer une remont\u00e9e acharn\u00e9e jusqu\u2019\u00e0 la 13e place, signe de sa dixi\u00e8me arriv\u00e9e cons\u00e9cutive dans les points. \u00ab Nous avons tout perdu au virage un \u00bb, a reconnu Marini, \u00ab mais nous gardons le positif en vue de la Hongrie. \u00bb Sa course a aussi permis de r\u00e9colter des informations pr\u00e9cieuses sur les derni\u00e8res am\u00e9liorations a\u00e9rodynamiques et \u00e9lectroniques de Honda en conditions r\u00e9elles de comp\u00e9tition.<\/p>\n<p>Cette r\u00e9gularit\u00e9 unique parmi les pilotes Honda cr\u00e9e une base stable pour le d\u00e9veloppement de la RC213V. Le retour d\u2019exp\u00e9rience constant de Marini est crucial alors que HRC place d\u00e9sormais l\u2019accent sur la progression en qualifications, avec pour objectif direct l\u2019acc\u00e8s en Q2. Malgr\u00e9 les contrari\u00e9t\u00e9s de Spielberg, la capacit\u00e9 de Marini \u00e0 limiter la casse conforte l\u2019\u00e9volution positive d\u2019Honda sur une saison exigeante.<\/p>\n<p>Au final, c\u2019est Marc M\u00e1rquez (Ducati) qui s\u2019est impos\u00e9 en Autriche, suivi par Ferm\u00edn Aldeguer (Gresini Ducati) et Marco Bezzecchi (Aprilia). Pedro Acosta (Red Bull KTM) et Enea Bastianini (Tech3 KTM) compl\u00e8tent le top 5. Johann Zarco (LCR Honda) s\u2019est class\u00e9 12e devant Marini.<\/p>\n<p>La sixi\u00e8me place conquise par Joan Mir lors du MotoGP d\u2019Autriche 2025 relance la campagne d\u2019Honda, d\u00e9montrant le potentiel retrouv\u00e9 de la RC213V quand strat\u00e9gie et bravoure du pilote se conjuguent. La s\u00e9rie de Marini assure une stabilit\u00e9 pr\u00e9cieuse tandis que HRC acc\u00e9l\u00e8re sur le plan technique. Avec ce regain de confiance, les deux pilotes visent d\u00e9sormais une perc\u00e9e lors du premier Grand Prix MotoGP au Hungaroring, la semaine prochaine, o\u00f9 de nouvelles courbes proposeront \u00e0 Honda un terrain vierge pour capitaliser sur les progr\u00e8s entrevus \u00e0 Spielberg.<\/p>\n<p>Points \u00e0 retenir<\/p>\n<ul>\n<li>Joan Mir r\u00e9alise son meilleur r\u00e9sultat de la saison en terminant 6e, une performance qui redonne de l\u2019espoir \u00e0 Honda apr\u00e8s des mois de difficult\u00e9s.<\/li>\n<li>Luca Marini confirme sa r\u00e9gularit\u00e9 avec sa dixi\u00e8me course cons\u00e9cutive dans les points, un \u00e9l\u00e9ment essentiel pour la stabilit\u00e9 technique et strat\u00e9gique d\u2019Honda.<\/li>\n<li>Les r\u00e9centes am\u00e9liorations techniques, notamment en a\u00e9rodynamique et en freinage, ont permis d\u2019am\u00e9liorer l\u2019agilit\u00e9 de la Honda RC213V sur un circuit exigeant.<\/li>\n<li>La gestion prudente de la m\u00e9t\u00e9o a permis \u00e0 l\u2019\u00e9quipe d\u2019\u00e9viter des incidents li\u00e9s \u00e0 la pluie potentielle.<\/li>\n<li>Le championnat se poursuit au Hungaroring, un circuit nouveau qui pourrait repr\u00e9senter un v\u00e9ritable test pour les d\u00e9veloppements Honda.<\/li>\n<\/ul>\n<p>\nEn somme, Honda semble enfin dessiner une trajectoire ascendante \u00e0 travers ce Grand Prix d\u2019Autriche. Le duo Mir-Marini offre un \u00e9quilibre entre audace et constance, indispensable \u00e0 une marque d\u00e9termin\u00e9e \u00e0 retrouver sa place parmi l\u2019\u00e9lite. Maintenant, la vraie question demeure : cette embellie est-elle durable, ou simplement un feu de paille au milieu d\u2019une saison autrement cahoteuse ? Esp\u00e9rons que les ing\u00e9nieurs de HRC ont une bonne r\u00e9serve de carburant\u2026 car on ne voudrait pas que leur moteur de renouveau cale trop vite. Et puis, entre nous, si m\u00eame la Formule 1 commence \u00e0 parler de diversit\u00e9 en qualifications, imaginer Honda conqu\u00e9rir la pole avec des motos encore capricieuses, c\u2019est presque une sorte de magie, non ? Qui sait, la comp\u00e9tition n\u2019est-elle pas un terrain de jeu pour un grand \u00ab plot twist \u00bb ? Allez, on reste \u00e0 l\u2019\u00e9coute, casque bien attach\u00e9 !<\/p>\n","protected":false},"excerpt":{"rendered":"Le Red Bull Ring a vibr\u00e9 lorsque Joan Mir a franchi la ligne d\u2019arriv\u00e9e, les poings serr\u00e9s dans&hellip;\n","protected":false},"author":2,"featured_media":329430,"comment_status":"","ping_status":"","sticky":false,"template":"","format":"standard","meta":{"footnotes":""},"categories":[1413],"tags":[1011,27,1457,1456,60],"class_list":{"0":"post-329429","1":"post","2":"type-post","3":"status-publish","4":"format-standard","5":"has-post-thumbnail","7":"category-moto","8":"tag-fr","9":"tag-france","10":"tag-moto","11":"tag-motocycle","12":"tag-sports"},"share_on_mastodon":{"url":"https:\/\/pubeurope.com\/@fr\/115055772550983661","error":""},"_links":{"self":[{"href":"https:\/\/www.europesays.com\/fr\/wp-json\/wp\/v2\/posts\/329429","targetHints":{"allow":["GET"]}}],"collection":[{"href":"https:\/\/www.europesays.com\/fr\/wp-json\/wp\/v2\/posts"}],"about":[{"href":"https:\/\/www.europesays.com\/fr\/wp-json\/wp\/v2\/types\/post"}],"author":[{"embeddable":true,"href":"https:\/\/www.europesays.com\/fr\/wp-json\/wp\/v2\/users\/2"}],"replies":[{"embeddable":true,"href":"https:\/\/www.europesays.com\/fr\/wp-json\/wp\/v2\/comments?post=329429"}],"version-history":[{"count":0,"href":"https:\/\/www.europesays.com\/fr\/wp-json\/wp\/v2\/posts\/329429\/revisions"}],"wp:featuredmedia":[{"embeddable":true,"href":"https:\/\/www.europesays.com\/fr\/wp-json\/wp\/v2\/media\/329430"}],"wp:attachment":[{"href":"https:\/\/www.europesays.com\/fr\/wp-json\/wp\/v2\/media?parent=329429"}],"wp:term":[{"taxonomy":"category","embeddable":true,"href":"https:\/\/www.europesays.com\/fr\/wp-json\/wp\/v2\/categories?post=329429"},{"taxonomy":"post_tag","embeddable":true,"href":"https:\/\/www.europesays.com\/fr\/wp-json\/wp\/v2\/tags?post=329429"}],"curies":[{"name":"wp","href":"https:\/\/api.w.org\/{rel}","templated":true}]}}